{"id":39926,"date":"2025-02-22T22:20:15","date_gmt":"2025-02-22T19:20:15","guid":{"rendered":"https:\/\/mersinkadingazetesi.com\/?p=39926"},"modified":"2025-02-22T22:20:16","modified_gmt":"2025-02-22T19:20:16","slug":"2024-2025-egitim-ogretim-yili-2-donem-ilce-milli-egitim-mudurleri-toplantisi-gerceklestirildi","status":"publish","type":"post","link":"https:\/\/mersinkadingazetesi.com\/?p=39926","title":{"rendered":"2024-2025 E\u011e\u0130T\u0130M \u00d6\u011eRET\u0130M YILI 2. D\u00d6NEM \u0130L\u00c7E M\u0130LL\u00ce E\u011e\u0130T\u0130M M\u00dcD\u00dcRLER\u0130 TOPLANTISI GER\u00c7EKLE\u015eT\u0130R\u0130LD\u0130\u00a0"},"content":{"rendered":"\n<p>\u0130l Mill\u00ee E\u011fitim M\u00fcd\u00fcr\u00fc Fazilet Durmu\u015f, Suphi \u00d6ner \u00d6\u011fretmenevi&#8217;nde \u0130l\u00e7e Mill\u00ee E\u011fitim M\u00fcd\u00fcrleri ile bir araya geldi. Toplant\u0131da e\u011fitimde i\u015f birli\u011fi ve b\u00fct\u00fcnsel yakla\u015f\u0131m\u0131n \u00f6nemi vurguland\u0131. \u0130l genelinde e\u011fitim kalitesini art\u0131rmaya y\u00f6nelik \u00e7e\u015fitli konular ele al\u0131nd\u0131. \u00d6\u011frencilerin ba\u015far\u0131s\u0131n\u0131 desteklemek amac\u0131yla y\u00fcr\u00fct\u00fclen projeler, s\u0131navlara haz\u0131rl\u0131k s\u00fcre\u00e7leri ve \u00f6\u011frenme ortamlar\u0131n\u0131n iyile\u015ftirilmesi gibi konular detayl\u0131 bir \u015fekilde g\u00f6r\u00fc\u015f\u00fcld\u00fc.<\/p>\n\n\n\n<p>T\u00fcrkiye Y\u00fczy\u0131l\u0131 Maarif Modeli kapsam\u0131nda yap\u0131lan \u00e7al\u0131\u015fmalar de\u011ferlendirilirken e\u011fitici e\u011fitimi, \u00f6\u011fretmen ve y\u00f6netici e\u011fitimlerinin \u00f6nemi \u00fczerinde duruldu. Toplant\u0131da ilimiz genelinde akademik ba\u015far\u0131n\u0131n art\u0131r\u0131lmas\u0131 i\u00e7in yap\u0131lan \u00e7al\u0131\u015fmalar ve al\u0131nmas\u0131 gereken tedbirler yer ald\u0131, il genelinde yap\u0131lacak olan ortak yaz\u0131l\u0131 s\u0131navlar\u0131n tarihleri de belirlendi. S\u0131navlar\u0131n uygulanaca\u011f\u0131 tarihler ve s\u0131nav format\u0131 hakk\u0131nda bilgi verildi. Yerel, ulusal ve uluslararas\u0131 projelerin de de\u011ferlendirildi\u011fi toplant\u0131da, bu projelerin e\u011fitim \u00fczerindeki etkileri ve ba\u015far\u0131lar\u0131 ele al\u0131nd\u0131. Projelerin yayg\u0131nla\u015ft\u0131r\u0131lmas\u0131 ve daha fazla \u00f6\u011frenciye ula\u015fmas\u0131 i\u00e7in yap\u0131labilecek \u00e7al\u0131\u015fmalar \u00fczerinde duruldu. Sosyal etkinlikler ve sosyal sorumluluk projeleri de toplant\u0131n\u0131n \u00f6nemli bir b\u00f6l\u00fcm\u00fcn\u00fc olu\u015fturdu. \u00d6\u011frencilerin sosyal geli\u015fimine katk\u0131 sa\u011flayan etkinliklerin ve projelerin \u00f6nemi vurgulanarak bu alandaki \u00e7al\u0131\u015fmalar\u0131n daha da geli\u015ftirilmesi gerekti\u011fi belirtildi. Halk e\u011fitim kurslar\u0131, ailelere y\u00f6nelik e\u011fitimler, gen\u00e7lere y\u00f6nelik mesleki kurslar ve ebeveyn okullar\u0131 gibi farkl\u0131 alanlardaki kurslar\u0131n etkinli\u011fi de\u011ferlendirilerek kurslar\u0131n \u00e7e\u015fitlili\u011finin art\u0131r\u0131lmas\u0131 ve daha fazla ki\u015fiye ula\u015fmas\u0131 i\u00e7in \u00e7al\u0131\u015fmalar yap\u0131lmas\u0131 kararla\u015ft\u0131r\u0131ld\u0131.&nbsp; Toplant\u0131da okul ve kurumlardaki i\u015f sa\u011fl\u0131\u011f\u0131 ve g\u00fcvenli\u011fi standartlar\u0131n\u0131n en \u00fcst d\u00fczeye \u00e7\u0131kar\u0131lmas\u0131 i\u00e7in yap\u0131lmas\u0131 gerekenler g\u00f6r\u00fc\u015f\u00fclerek bu konuda gerekli tedbirlerin al\u0131nmas\u0131 i\u00e7in \u00e7al\u0131\u015fmalar ba\u015flat\u0131ld\u0131. \u00d6\u011frenci disiplin ve devams\u0131zl\u0131k durumu da toplant\u0131da ele al\u0131nan \u00f6nemli konulardan biriydi. Devams\u0131zl\u0131\u011f\u0131 azaltmak i\u00e7in yap\u0131lan \u00e7al\u0131\u015fmalar ve s\u0131n\u0131f tekrar\u0131na kalma riski olan \u00f6\u011frencilerle ilgili al\u0131nmas\u0131 gereken tedbirler g\u00f6r\u00fc\u015f\u00fclerek bu konuda daha etkili \u00e7al\u0131\u015fmalar yap\u0131lmas\u0131 kararla\u015ft\u0131r\u0131ld\u0131. Mesleki ortaokul ve zanaat at\u00f6lyelerinin \u00e7al\u0131\u015fmalar\u0131 da toplant\u0131da de\u011ferlendirildi.&nbsp; Okullar\u0131n onar\u0131mlar\u0131, tam kapasite kullan\u0131m\u0131 ve \u00f6zel \u00f6\u011fretim kurumlar\u0131n\u0131n denetimleri gibi konular da ele al\u0131nd\u0131. \u0130l genelinde okullarda yap\u0131lan ve yap\u0131lacak altyap\u0131 \u00e7al\u0131\u015fmalar\u0131 hakk\u0131nda detayl\u0131 bilgiler verildi. \u0130l Mill\u00ee E\u011fitim M\u00fcd\u00fcr\u00fc Fazilet Durmu\u015f: &#8220;Hepimizin ortak amac\u0131, gelece\u011fimizin teminat\u0131 olan \u00e7ocuklar\u0131m\u0131z\u0131 en iyi \u015fekilde yeti\u015ftirmek ve onlar\u0131n potansiyellerini en \u00fcst d\u00fczeye \u00e7\u0131karmak. Bu kutsal g\u00f6revi yerine getirirken, i\u015f birli\u011fi ve koordinasyonun ne kadar \u00f6nemli oldu\u011funu biliyoruz. E\u011fitim, bir ekip i\u015fidir. Her birimiz, bu b\u00fcy\u00fck ve \u00f6nemli yap\u0131n\u0131n bir par\u00e7as\u0131y\u0131z. \u0130l\u00e7e Mill\u00ee E\u011fitim M\u00fcd\u00fcrleri olarak sizler, sahadaki en \u00f6nemli payda\u015flar\u0131m\u0131zs\u0131n\u0131z. Okullar\u0131m\u0131zda, \u00f6\u011fretmenlerimizle, \u00f6\u011frencilerimizle ve velilerimizle do\u011frudan temas halindesiniz. Bu nedenle, sizlerin g\u00f6r\u00fc\u015fleri, \u00f6nerileri ve tecr\u00fcbeleri bizim i\u00e7in son derece de\u011ferli.&#8221; ifadelerini kulland\u0131.&nbsp; Toplant\u0131 iyi dilek ve temennilerle sona erdi.<a href=\"https:\/\/mersin.meb.gov.tr\/meb_iys_dosyalar\/2025_02\/21210318_img20250221wa0013.jpg\" target=\"_blank\" rel=\"noreferrer noopener\"><\/a><\/p>\n","protected":false},"excerpt":{"rendered":"<p>\u0130l Mill\u00ee E\u011fitim M\u00fcd\u00fcr\u00fc Fazilet Durmu\u015f, Suphi \u00d6ner \u00d6\u011fretmenevi&#8217;nde \u0130l\u00e7e Mill\u00ee E\u011fitim M\u00fcd\u00fcrleri ile bir araya geldi. Toplant\u0131da e\u011fitimde i\u015f birli\u011fi ve b\u00fct\u00fcnsel yakla\u015f\u0131m\u0131n \u00f6nemi vurguland\u0131. \u0130l genelinde e\u011fitim kalitesini art\u0131rmaya y\u00f6nelik \u00e7e\u015fitli konular ele al\u0131nd\u0131. \u00d6\u011frencilerin ba\u015far\u0131s\u0131n\u0131 desteklemek amac\u0131yla y\u00fcr\u00fct\u00fclen projeler, s\u0131navlara haz\u0131rl\u0131k s\u00fcre\u00e7leri ve \u00f6\u011frenme ortamlar\u0131n\u0131n iyile\u015ftirilmesi gibi konular detayl\u0131 bir \u015fekilde g\u00f6r\u00fc\u015f\u00fcld\u00fc. [&hellip;]<\/p>\n","protected":false},"author":2,"featured_media":39927,"comment_status":"closed","ping_status":"closed","sticky":false,"template":"","format":"standard","meta":{"footnotes":""},"categories":[3],"tags":[],"class_list":["post-39926","post","type-post","status-publish","format-standard","has-post-thumbnail","hentry","category-manset"],"views":2,"_links":{"self":[{"href":"https:\/\/mersinkadingazetesi.com\/index.php?rest_route=\/wp\/v2\/posts\/39926"}],"collection":[{"href":"https:\/\/mersinkadingazetesi.com\/index.php?rest_route=\/wp\/v2\/posts"}],"about":[{"href":"https:\/\/mersinkadingazetesi.com\/index.php?rest_route=\/wp\/v2\/types\/post"}],"author":[{"embeddable":true,"href":"https:\/\/mersinkadingazetesi.com\/index.php?rest_route=\/wp\/v2\/users\/2"}],"replies":[{"embeddable":true,"href":"https:\/\/mersinkadingazetesi.com\/index.php?rest_route=%2Fwp%2Fv2%2Fcomments&post=39926"}],"version-history":[{"count":1,"href":"https:\/\/mersinkadingazetesi.com\/index.php?rest_route=\/wp\/v2\/posts\/39926\/revisions"}],"predecessor-version":[{"id":39928,"href":"https:\/\/mersinkadingazetesi.com\/index.php?rest_route=\/wp\/v2\/posts\/39926\/revisions\/39928"}],"wp:featuredmedia":[{"embeddable":true,"href":"https:\/\/mersinkadingazetesi.com\/index.php?rest_route=\/wp\/v2\/media\/39927"}],"wp:attachment":[{"href":"https:\/\/mersinkadingazetesi.com\/index.php?rest_route=%2Fwp%2Fv2%2Fmedia&parent=39926"}],"wp:term":[{"taxonomy":"category","embeddable":true,"href":"https:\/\/mersinkadingazetesi.com\/index.php?rest_route=%2Fwp%2Fv2%2Fcategories&post=39926"},{"taxonomy":"post_tag","embeddable":true,"href":"https:\/\/mersinkadingazetesi.com\/index.php?rest_route=%2Fwp%2Fv2%2Ftags&post=39926"}],"curies":[{"name":"wp","href":"https:\/\/api.w.org\/{rel}","templated":true}]}}