{"id":39935,"date":"2025-02-22T22:25:53","date_gmt":"2025-02-22T19:25:53","guid":{"rendered":"https:\/\/mersinkadingazetesi.com\/?p=39935"},"modified":"2025-02-22T22:25:53","modified_gmt":"2025-02-22T19:25:53","slug":"vali-toros-mersin-kiz-ogrenci-yurdunda-ogrencilerle-bir-araya-geldi","status":"publish","type":"post","link":"https:\/\/mersinkadingazetesi.com\/?p=39935","title":{"rendered":"VAL\u0130 TOROS, MERS\u0130N KIZ O\u0308G\u0306RENC\u0130 YURDUNDA O\u0308G\u0306RENC\u0130LERLE B\u0130R ARAYA GELD\u0130"},"content":{"rendered":"\n<p>Valimiz Say\u0131n Atilla Toros, e\u015fi Dudu \u0130rem Toros Han\u0131mefendi ile birlikte Mersin K\u0131z \u00d6\u011frenci Yurdunda \u00f6\u011frencilerle bir araya geldi.&nbsp;<\/p>\n\n\n\n<p>Y\u00fcksek\u00f6\u011frenim \u00f6\u011frencilerine y\u00f6nelik hizmet vermekte olan Gen\u00e7lik ve Spor Bakanl\u0131\u011f\u0131na ba\u011fl\u0131 Mersin K\u0131z \u00d6\u011frenci Yurdu ziyaretinde, yurt yemekhanesinde \u00f6\u011frenciler ile birlikte yemek s\u0131ras\u0131na ge\u00e7erek sabah kahvalt\u0131s\u0131nda \u00f6\u011frencilere e\u015flik etti.&nbsp;<\/p>\n\n\n\n<p>Vali Atilla Toros, kahvalt\u0131n\u0131n ard\u0131ndan yemekhanede ve Gen\u00e7 Ofiste \u00f6\u011frencilerle bir araya gelerek \u00e7ay e\u015fli\u011finde sohbet etti, s\u0131cak ve samimi bir ortamda \u00f6\u011frencilerin taleplerini dinleyerek sorular\u0131n\u0131 yan\u0131tlad\u0131, deneyimlerini payla\u015farak tavsiyelerde bulundu, derslerinde ba\u015far\u0131lar diledi.<\/p>\n\n\n\n<p>Vali Atilla Toros, \u00f6\u011frencilere &#8220;Hepiniz burada devletimize emanetsiniz, her zaman oldu\u011fu gibi yan\u0131n\u0131zda olmaya devam edece\u011fiz. G\u00fcvenlik ve huzur i\u00e7inde, konforlu bir ortamda e\u011fitim ya\u015fam\u0131na devam etmeniz \u00fclkemizin gelece\u011fine yap\u0131lacak en b\u00fcy\u00fck yat\u0131r\u0131md\u0131r. dedi.<\/p>\n","protected":false},"excerpt":{"rendered":"<p>Valimiz Say\u0131n Atilla Toros, e\u015fi Dudu \u0130rem Toros Han\u0131mefendi ile birlikte Mersin K\u0131z \u00d6\u011frenci Yurdunda \u00f6\u011frencilerle bir araya geldi.&nbsp; Y\u00fcksek\u00f6\u011frenim \u00f6\u011frencilerine y\u00f6nelik hizmet vermekte olan Gen\u00e7lik ve Spor Bakanl\u0131\u011f\u0131na ba\u011fl\u0131 Mersin K\u0131z \u00d6\u011frenci Yurdu ziyaretinde, yurt yemekhanesinde \u00f6\u011frenciler ile birlikte yemek s\u0131ras\u0131na ge\u00e7erek sabah kahvalt\u0131s\u0131nda \u00f6\u011frencilere e\u015flik etti.&nbsp; Vali Atilla Toros, kahvalt\u0131n\u0131n ard\u0131ndan yemekhanede ve [&hellip;]<\/p>\n","protected":false},"author":2,"featured_media":39936,"comment_status":"closed","ping_status":"closed","sticky":false,"template":"","format":"standard","meta":{"footnotes":""},"categories":[3],"tags":[],"class_list":["post-39935","post","type-post","status-publish","format-standard","has-post-thumbnail","hentry","category-manset"],"views":15,"_links":{"self":[{"href":"https:\/\/mersinkadingazetesi.com\/index.php?rest_route=\/wp\/v2\/posts\/39935"}],"collection":[{"href":"https:\/\/mersinkadingazetesi.com\/index.php?rest_route=\/wp\/v2\/posts"}],"about":[{"href":"https:\/\/mersinkadingazetesi.com\/index.php?rest_route=\/wp\/v2\/types\/post"}],"author":[{"embeddable":true,"href":"https:\/\/mersinkadingazetesi.com\/index.php?rest_route=\/wp\/v2\/users\/2"}],"replies":[{"embeddable":true,"href":"https:\/\/mersinkadingazetesi.com\/index.php?rest_route=%2Fwp%2Fv2%2Fcomments&post=39935"}],"version-history":[{"count":1,"href":"https:\/\/mersinkadingazetesi.com\/index.php?rest_route=\/wp\/v2\/posts\/39935\/revisions"}],"predecessor-version":[{"id":39937,"href":"https:\/\/mersinkadingazetesi.com\/index.php?rest_route=\/wp\/v2\/posts\/39935\/revisions\/39937"}],"wp:featuredmedia":[{"embeddable":true,"href":"https:\/\/mersinkadingazetesi.com\/index.php?rest_route=\/wp\/v2\/media\/39936"}],"wp:attachment":[{"href":"https:\/\/mersinkadingazetesi.com\/index.php?rest_route=%2Fwp%2Fv2%2Fmedia&parent=39935"}],"wp:term":[{"taxonomy":"category","embeddable":true,"href":"https:\/\/mersinkadingazetesi.com\/index.php?rest_route=%2Fwp%2Fv2%2Fcategories&post=39935"},{"taxonomy":"post_tag","embeddable":true,"href":"https:\/\/mersinkadingazetesi.com\/index.php?rest_route=%2Fwp%2Fv2%2Ftags&post=39935"}],"curies":[{"name":"wp","href":"https:\/\/api.w.org\/{rel}","templated":true}]}}