{"id":39944,"date":"2025-02-22T22:34:52","date_gmt":"2025-02-22T19:34:52","guid":{"rendered":"https:\/\/mersinkadingazetesi.com\/?p=39944"},"modified":"2025-02-22T22:34:52","modified_gmt":"2025-02-22T19:34:52","slug":"iki-egitimcinin-arkeolojiye-yolculugu-sergi-oldu","status":"publish","type":"post","link":"https:\/\/mersinkadingazetesi.com\/?p=39944","title":{"rendered":"\u0130ki e\u011fitimcinin arkeolojiye yolculu\u011fu sergi oldu"},"content":{"rendered":"\n<p>Emekli olan e\u011fitimciler Seher Selma Yaz\u0131c\u0131 ve Zarife Handan Demirel, MTSO Sanat Galerisi\u2019nde, \u2018\u0130lk-el\u2019 isimli seramik sergisi a\u00e7t\u0131. \u0130ki e\u011fitimcinin arkeoloji ilgisi, seramik kursu arac\u0131l\u0131\u011f\u0131yla zamanla profesyonel hale geldi. Yolculuklar\u0131n\u0131 k\u0131sa s\u00fcrede bir sergide bulu\u015fturan e\u011fitimciler, \u00e7al\u0131\u015fmalar\u0131n\u0131 sanatseverlerin be\u011fenisine sundu. \u00c7atalh\u00f6y\u00fck \u00d6renyeri ve kad\u0131n tanr\u0131\u00e7alar temal\u0131 40 civar\u0131nda heykel ve r\u00f6lyef \u00e7al\u0131\u015fmas\u0131n\u0131n yer ald\u0131\u011f\u0131 sergi, hem Anadolu medeniyetlerini hem de Anadolu tarihinden bu yana kad\u0131n\u0131n toplum i\u00e7indeki yerini anlamam\u0131za yard\u0131mc\u0131 oluyor.<br>Sergi a\u00e7\u0131l\u0131\u015f\u0131na, MTSO Y\u00f6netim Kurulu Ba\u015fkan\u0131 Hakan Sefa \u00c7ak\u0131r ve Meclis Ba\u015fkan\u0131 Hamit \u0130zol&#8217;un yan\u0131 s\u0131ra sanatseverler kat\u0131ld\u0131.&nbsp;<\/p>\n\n\n\n<p><strong>Yaz\u0131c\u0131; \u201c\u0130nsan bir \u00f6yk\u00fc kurup, onu ya\u015f\u0131yor\u201d<\/strong><br>Sergi a\u00e7\u0131l\u0131\u015f\u0131nda konu\u015fan Seher Selma Yaz\u0131c\u0131, matematik \u00f6\u011fretmenli\u011finden emekli olduktan sonra sanatla ilgilenmeye ba\u015flad\u0131\u011f\u0131n\u0131 ve seramik \u00e7amuruyla tan\u0131\u015fmas\u0131n\u0131n ard\u0131ndan kendini bu alanda geli\u015ftirdi\u011fini anlatt\u0131. Arkeolojiyi sevdi\u011finden ve bu ilgisini sanatla bulu\u015fturdu\u011fundan bahseden Yaz\u0131c\u0131, \u201cYakla\u015f\u0131k 3 y\u0131l \u00fczerinde \u00e7al\u0131\u015ft\u0131\u011f\u0131m bu sergide, 20 civar\u0131nda eserimle, tarih \u00f6ncesi mitolojiye dayanan heykel ve r\u00f6lyefler yapt\u0131m. Tema olarak, di\u015fil-kad\u0131n alg\u0131s\u0131n\u0131n toplumsal d\u00f6n\u00fc\u015f\u00fcm\u00fcn\u00fc ele ald\u0131m\u201d dedi.<br>\u00d6zellikle, mitoloji; bug\u00fcne ne s\u00f6yl\u00fcyor, g\u00fcn\u00fcm\u00fcze hangi ba\u011flarla ba\u011flan\u0131yor ve kad\u0131n-di\u015fil alg\u0131s\u0131n\u0131n toplumsal d\u00f6n\u00fc\u015f\u00fcm\u00fc nedir, konular\u0131 \u00fczerine kafa yordu\u011funu aktaran Yaz\u0131c\u0131, \u201cG\u00f6rd\u00fcm ki, insan bir \u00f6yk\u00fc kurup, onu ya\u015f\u0131yor. Demek ki, biz \u00f6yk\u00fclerimizi daha e\u015fitlik\u00e7i, daha bar\u0131\u015f\u00e7\u0131l ve \u00e7evreyi g\u00f6zetecek \u015fekilde kurgularsak, o hikayeyi ya\u015fayaca\u011f\u0131z. Hep birlikte bunun \u00fczerinde d\u00fc\u015f\u00fcnmeliyiz\u201d diye konu\u015ftu.&nbsp;<\/p>\n\n\n\n<p><strong>Demirel; \u201cAmac\u0131m, Anadolu medeniyetlerini gen\u00e7 ku\u015faklara anlatmak\u201d<\/strong><br>Edebiyat \u00f6\u011fretmenli\u011finden emekli olduktan sonra bilfiil sanatla ilgilenmeye ba\u015flad\u0131\u011f\u0131n\u0131 anlatan Zarife Handan Demirel ise, at\u00f6lyelerde ald\u0131\u011f\u0131 sanat e\u011fitimleriyle kendini geli\u015ftirdi\u011fini s\u00f6yledi. En \u00e7ok ilgisini \u00e7eken, d\u00fcnyan\u0131n bilinen ilk kenti ve insanl\u0131k tarihinin ba\u015flang\u0131\u00e7 yeri olma \u00f6zelli\u011fiyle \u00c7atalh\u00f6y\u00fck\u2019\u00fc \u00e7al\u0131\u015fmalar\u0131nda konu ald\u0131\u011f\u0131n\u0131 aktaran Demirel,&nbsp;<br>\u201c\u00c7atalh\u00f6y\u00fck\u2019\u00fc ara\u015ft\u0131rd\u0131k\u00e7a, tarihten bu yana insano\u011flunun duygu ve temel ihtiya\u00e7lar\u0131n\u0131n a\u015fa\u011f\u0131 yukar\u0131 ayn\u0131 oldu\u011funu g\u00f6rd\u00fcm. \u00d6zellikle duvar resimlerindeki desenlerinden (sava\u015f, hayvan, av sahneleri) \u00e7ok etkilendim ve sergimin g\u00f6rsellerini olu\u015fturdum. Ancak \u00e7al\u0131\u015fmam\u0131n as\u0131l amac\u0131, Anadolu medeniyetlerinin ne kadar eski ve g\u00fcn\u00fcm\u00fczle ba\u011flant\u0131lar\u0131n\u0131n bildi\u011fimizden \u00e7ok fazla oldu\u011funu \u00f6zellikle gen\u00e7 ku\u015faklara g\u00f6stermekti\u201d diye konu\u015ftu. &nbsp;<br>Seramik sanat\u0131n\u0131n tekni\u011fi \u00e7ok fazla olan bir dal oldu\u011funu ve \u00e7al\u0131\u015fmalar\u0131nda \u00f6zelikle \u015famotlu-dokulu, k\u0131rm\u0131z\u0131 \u00e7amur kulland\u0131\u011f\u0131n\u0131 anlatan Demirel, teknik olarak da r\u00f6lyef, kaz\u0131ma ve s\u0131ralt\u0131 \u00e7al\u0131\u015ft\u0131\u011f\u0131n\u0131, 20 civar\u0131nda eserinin oldu\u011funu s\u00f6yledi. \u2018\u0130lk-El\u2019 sergisinin olu\u015fumunun yakla\u015f\u0131k 3 y\u0131l s\u00fcrd\u00fc\u011f\u00fcn\u00fc de s\u00f6zlerine ekleyen Demirel, \u201cSergi a\u00e7ma fikri ba\u015flang\u0131\u00e7ta hayal gibiydi ancak Ferhan Hocam\u0131z\u0131n deste\u011fiyle sonunda ger\u00e7ekle\u015ftirebildik\u201d dedi. &nbsp;<\/p>\n\n\n\n<p>17 Mart&#8217;a kadar devam edecek sergi, hafta i\u00e7i 08.30-18.00, cumartesi ise 10.00-17.00 saatleri aras\u0131nda ziyaret edilebilir.&nbsp;<\/p>\n","protected":false},"excerpt":{"rendered":"<p>Emekli olan e\u011fitimciler Seher Selma Yaz\u0131c\u0131 ve Zarife Handan Demirel, MTSO Sanat Galerisi\u2019nde, \u2018\u0130lk-el\u2019 isimli seramik sergisi a\u00e7t\u0131. \u0130ki e\u011fitimcinin arkeoloji ilgisi, seramik kursu arac\u0131l\u0131\u011f\u0131yla zamanla profesyonel hale geldi. Yolculuklar\u0131n\u0131 k\u0131sa s\u00fcrede bir sergide bulu\u015fturan e\u011fitimciler, \u00e7al\u0131\u015fmalar\u0131n\u0131 sanatseverlerin be\u011fenisine sundu. \u00c7atalh\u00f6y\u00fck \u00d6renyeri ve kad\u0131n tanr\u0131\u00e7alar temal\u0131 40 civar\u0131nda heykel ve r\u00f6lyef \u00e7al\u0131\u015fmas\u0131n\u0131n yer ald\u0131\u011f\u0131 sergi, [&hellip;]<\/p>\n","protected":false},"author":2,"featured_media":39945,"comment_status":"closed","ping_status":"closed","sticky":false,"template":"","format":"standard","meta":{"footnotes":""},"categories":[34,3],"tags":[],"class_list":["post-39944","post","type-post","status-publish","format-standard","has-post-thumbnail","hentry","category-flas-haber","category-manset"],"views":3,"_links":{"self":[{"href":"https:\/\/mersinkadingazetesi.com\/index.php?rest_route=\/wp\/v2\/posts\/39944"}],"collection":[{"href":"https:\/\/mersinkadingazetesi.com\/index.php?rest_route=\/wp\/v2\/posts"}],"about":[{"href":"https:\/\/mersinkadingazetesi.com\/index.php?rest_route=\/wp\/v2\/types\/post"}],"author":[{"embeddable":true,"href":"https:\/\/mersinkadingazetesi.com\/index.php?rest_route=\/wp\/v2\/users\/2"}],"replies":[{"embeddable":true,"href":"https:\/\/mersinkadingazetesi.com\/index.php?rest_route=%2Fwp%2Fv2%2Fcomments&post=39944"}],"version-history":[{"count":1,"href":"https:\/\/mersinkadingazetesi.com\/index.php?rest_route=\/wp\/v2\/posts\/39944\/revisions"}],"predecessor-version":[{"id":39946,"href":"https:\/\/mersinkadingazetesi.com\/index.php?rest_route=\/wp\/v2\/posts\/39944\/revisions\/39946"}],"wp:featuredmedia":[{"embeddable":true,"href":"https:\/\/mersinkadingazetesi.com\/index.php?rest_route=\/wp\/v2\/media\/39945"}],"wp:attachment":[{"href":"https:\/\/mersinkadingazetesi.com\/index.php?rest_route=%2Fwp%2Fv2%2Fmedia&parent=39944"}],"wp:term":[{"taxonomy":"category","embeddable":true,"href":"https:\/\/mersinkadingazetesi.com\/index.php?rest_route=%2Fwp%2Fv2%2Fcategories&post=39944"},{"taxonomy":"post_tag","embeddable":true,"href":"https:\/\/mersinkadingazetesi.com\/index.php?rest_route=%2Fwp%2Fv2%2Ftags&post=39944"}],"curies":[{"name":"wp","href":"https:\/\/api.w.org\/{rel}","templated":true}]}}