{"id":39947,"date":"2025-02-22T22:36:16","date_gmt":"2025-02-22T19:36:16","guid":{"rendered":"https:\/\/mersinkadingazetesi.com\/?p=39947"},"modified":"2025-02-22T22:36:16","modified_gmt":"2025-02-22T19:36:16","slug":"deva-partili-ekmen-mersine-super-lig-yakisir","status":"publish","type":"post","link":"https:\/\/mersinkadingazetesi.com\/?p=39947","title":{"rendered":"DEVA Partili Ekmen: Mersin\u2019e S\u00fcper Lig yak\u0131\u015f\u0131r\u00a0"},"content":{"rendered":"\n<figure class=\"wp-block-table\"><table class=\"has-fixed-layout\"><tbody><tr><td><strong>DEVA Partisi Genel Ba\u015fkan Yard\u0131mc\u0131s\u0131 ve Mersin Milletvekili Mehmet Emin Ekmen, Yeni Mersin \u0130dman Yurdu\u2019nun devir i\u015flemlerinin tamamlanmas\u0131n\u0131n ard\u0131ndan kul\u00fcb\u00fc ziyaret ederek a\u00e7\u0131klamalarda bulundu. Yeni Mersin \u0130dman Yurdu&#8217;nun mevcut transfer yasa\u011f\u0131 ve g\u00fcnden g\u00fcne k\u00f6t\u00fcle\u015fen gidi\u015fat\u0131n\u0131 durdurmaya y\u00f6nelik ad\u0131mlar atmas\u0131 sebebiyle Mersin B\u00fcy\u00fck\u015fehir Belediye Ba\u015fkan\u0131 Say\u0131n Vahap Se\u00e7er&#8217;e te\u015fekk\u00fcr eden Ekmen, \u201cYeni Mersin \u0130dman Yurdu kul\u00fcb\u00fcn\u00fc korumak ve ileriye ta\u015f\u0131mak kentin spor haf\u0131zas\u0131n\u0131 diri tutmak a\u00e7\u0131s\u0131ndan olduk\u00e7a \u00f6nemli&#8221; dedi.<\/strong><strong>&nbsp;<\/strong>DEVA Partisi Genel Ba\u015fkan Yard\u0131mc\u0131s\u0131 ve Mersin Milletvekili Mehmet Emin Ekmen, Yeni Mersin \u0130dman Yurdu hakk\u0131nda konu\u015ftu.&nbsp;<strong>&nbsp;<\/strong><strong>Sorumluluk alan Kul\u00fcp Ba\u015fkan\u0131 \u00d6zdemir ve destek\u00e7isi Say\u0131n Vahap Se\u00e7er&#8217;e te\u015fekk\u00fcrlerimi iletiyorum<\/strong>Mersin Milletvekili Ekmen, &#8220;Mersin i\u00e7in futbolun ve sporun k\u0131ymeti, \u0130dman Yurdu\u2019nun \u00f6nemi ortadad\u0131r. K\u0131rm\u0131z\u0131 ve lacivert renkleri bu kente aittir. Kul\u00fcb\u00fcn son y\u0131llarda ya\u015fam\u0131\u015f oldu\u011fu finansal zorluklar ve y\u00f6netimsel belirsizlikler sonras\u0131nda inisiyatif falan i\u015f adam\u0131 Servet \u00d6zdemir ile kendisini cesaretlendirip destek veren Mersin B\u00fcy\u00fck\u015fehir Belediye Ba\u015fkan\u0131 Say\u0131n Vahap Se\u00e7er\u2019e bu gidi\u015fata son verecek ad\u0131mlar\u0131 i\u00e7in Mersin Milletvekili olarak te\u015fekk\u00fcrlerimi iletiyorum&#8221; ifadelerini kulland\u0131.&nbsp;<strong>&nbsp;<\/strong><strong><\/strong><strong>&nbsp;<\/strong><strong>Ekmen&#8217;den Ba\u015fkanlara ziyaret<\/strong>Yeni Mersin \u0130dman Yurdu&#8217;nun eski Ba\u015fkan\u0131 Metin Salt\u0131k ve yeni ba\u015fkan\u0131 Servet \u00d6zdemir\u2019i, DEVA Partisi Mersin \u0130l Ba\u015fkan\u0131 Taner I\u015f\u0131kbay ile ziyaret eden Ekmen, &#8220;Futbolu yak\u0131ndan takip ederim. T\u00fcrk futbolunu, sporunu ileriye ta\u015f\u0131yan herkesin eme\u011fine sa\u011fl\u0131k. Ba\u015fkanlar\u0131m\u0131z\u0131n y\u0131llar i\u00e7erisinde vermi\u015f oldu\u011fu emeklere ve g\u00f6stermi\u015f oldu\u011fu sab\u0131rlara te\u015fekk\u00fcr ediyorum. Yeni Mersin \u0130dman Yurdu \u015fu an varl\u0131\u011f\u0131na devam ediyorsa, eski ve yeni ba\u015fkanlar\u0131m\u0131z\u0131n emekleri yads\u0131namaz d\u00fczeydedir&#8221; dedi.&nbsp;<strong>&nbsp;<\/strong><strong>Say\u0131n Servet \u00d6zdemir&#8217;e hay\u0131rl\u0131 olsun diyorum<\/strong>Kul\u00fcb\u00fcn yeni ba\u015fkan\u0131 Servet \u00d6zdemir&#8217;e hay\u0131rl\u0131 olsun dileklerini ileten Ekmen, &#8220;Kul\u00fcb\u00fcn i\u00e7inde olan, daha \u00f6nceki y\u00f6netimde yer alan Say\u0131n Servet \u00d6zdemir&#8217;e yeni g\u00f6revinde hay\u0131rl\u0131 olsun dileklerimi iletiyor, eski Ba\u015fkan Say\u0131n Metin Salt\u0131k ve y\u00f6netimine yapt\u0131klar\u0131 i\u00e7in te\u015fekk\u00fcr ediyorum. Futbol, ekip ve dayan\u0131\u015fma i\u015fidir. Sadece oyuncular de\u011fil, taraftarlar\u0131n da deste\u011fi olduk\u00e7a \u00f6nemlidir. Bu hafta yeni kadroyla Diyarbekirspor ma\u00e7\u0131n\u0131 izleyecek olman\u0131n heyecan\u0131 i\u00e7indeydik ancak erteleme nedeniyle bu m\u00fcmk\u00fcn olmad\u0131. Yeni Mersin \u0130dman Yurdu&#8217;nun gururunu, ileriye ta\u015f\u0131yacak ad\u0131mlar\u0131 hep beraber takip edece\u011fiz. Mersin&#8217;e yak\u0131\u015f\u0131r S\u00fcper Lig g\u00fcnlerini heyecanla beklemekteyiz&#8221; a\u00e7\u0131klamalar\u0131nda bulundu.<\/td><\/tr><\/tbody><\/table><\/figure>\n","protected":false},"excerpt":{"rendered":"<p>DEVA Partisi Genel Ba\u015fkan Yard\u0131mc\u0131s\u0131 ve Mersin Milletvekili Mehmet Emin Ekmen, Yeni Mersin \u0130dman Yurdu\u2019nun devir i\u015flemlerinin tamamlanmas\u0131n\u0131n ard\u0131ndan kul\u00fcb\u00fc ziyaret ederek a\u00e7\u0131klamalarda bulundu. Yeni Mersin \u0130dman Yurdu&#8217;nun mevcut transfer yasa\u011f\u0131 ve g\u00fcnden g\u00fcne k\u00f6t\u00fcle\u015fen gidi\u015fat\u0131n\u0131 durdurmaya y\u00f6nelik ad\u0131mlar atmas\u0131 sebebiyle Mersin B\u00fcy\u00fck\u015fehir Belediye Ba\u015fkan\u0131 Say\u0131n Vahap Se\u00e7er&#8217;e te\u015fekk\u00fcr eden Ekmen, \u201cYeni Mersin \u0130dman Yurdu [&hellip;]<\/p>\n","protected":false},"author":2,"featured_media":39948,"comment_status":"closed","ping_status":"closed","sticky":false,"template":"","format":"standard","meta":{"footnotes":""},"categories":[34,2,10],"tags":[],"class_list":["post-39947","post","type-post","status-publish","format-standard","has-post-thumbnail","hentry","category-flas-haber","category-gundem","category-spor"],"views":7,"_links":{"self":[{"href":"https:\/\/mersinkadingazetesi.com\/index.php?rest_route=\/wp\/v2\/posts\/39947"}],"collection":[{"href":"https:\/\/mersinkadingazetesi.com\/index.php?rest_route=\/wp\/v2\/posts"}],"about":[{"href":"https:\/\/mersinkadingazetesi.com\/index.php?rest_route=\/wp\/v2\/types\/post"}],"author":[{"embeddable":true,"href":"https:\/\/mersinkadingazetesi.com\/index.php?rest_route=\/wp\/v2\/users\/2"}],"replies":[{"embeddable":true,"href":"https:\/\/mersinkadingazetesi.com\/index.php?rest_route=%2Fwp%2Fv2%2Fcomments&post=39947"}],"version-history":[{"count":1,"href":"https:\/\/mersinkadingazetesi.com\/index.php?rest_route=\/wp\/v2\/posts\/39947\/revisions"}],"predecessor-version":[{"id":39949,"href":"https:\/\/mersinkadingazetesi.com\/index.php?rest_route=\/wp\/v2\/posts\/39947\/revisions\/39949"}],"wp:featuredmedia":[{"embeddable":true,"href":"https:\/\/mersinkadingazetesi.com\/index.php?rest_route=\/wp\/v2\/media\/39948"}],"wp:attachment":[{"href":"https:\/\/mersinkadingazetesi.com\/index.php?rest_route=%2Fwp%2Fv2%2Fmedia&parent=39947"}],"wp:term":[{"taxonomy":"category","embeddable":true,"href":"https:\/\/mersinkadingazetesi.com\/index.php?rest_route=%2Fwp%2Fv2%2Fcategories&post=39947"},{"taxonomy":"post_tag","embeddable":true,"href":"https:\/\/mersinkadingazetesi.com\/index.php?rest_route=%2Fwp%2Fv2%2Ftags&post=39947"}],"curies":[{"name":"wp","href":"https:\/\/api.w.org\/{rel}","templated":true}]}}