{"id":39950,"date":"2025-02-22T22:38:16","date_gmt":"2025-02-22T19:38:16","guid":{"rendered":"https:\/\/mersinkadingazetesi.com\/?p=39950"},"modified":"2025-02-22T22:38:17","modified_gmt":"2025-02-22T19:38:17","slug":"mhp-mersin-milletvekili-uysal-turkiye-terorle-etkin-mucadele-eden-tek-devlettir","status":"publish","type":"post","link":"https:\/\/mersinkadingazetesi.com\/?p=39950","title":{"rendered":"MHP MERS\u0130N M\u0130LLETVEK\u0130L\u0130 UYSAL: T\u00dcRK\u0130YE TER\u00d6RLE ETK\u0130N M\u00dcCADELE EDEN TEK DEVLETT\u0130R"},"content":{"rendered":"\n<p>Milliyet\u00e7i Hareket Partisi Mersin Milletvekili ve MYK \u00dcyesi Dr. Levent Uysal, Akdeniz Parlamenter Asamblesinin 19\u2019uncu Genel Kurulu\u2019na kat\u0131larak \u0130talya\u2019n\u0131n ba\u015fkenti Roma\u2019da T\u00fcrkiye\u2019yi ve Milliyet\u00e7i Hareket Partisini temsil ediyor. Ter\u00f6r\u00fcn son bulmas\u0131 i\u00e7in t\u00fcm d\u00fcnyaya \u00e7a\u011fr\u0131da \u0130talya\u2019dan \u00e7a\u011fr\u0131da bulunan Milletvekili Uysal <strong>\u201cTer\u00f6r \u00f6rg\u00fctlerine ve ter\u00f6r devletlerine hay\u0131r diyoruz. D\u00fcnyada bar\u0131\u015f\u0131n sa\u011flanmas\u0131 i\u00e7in el birli\u011fiyle \u00e7al\u0131\u015fmal\u0131y\u0131z ve ter\u00f6re ge\u00e7it vermemeliyiz.\u201d <\/strong>\u015feklinde konu\u015ftu.<br><br>Akdeniz Parlamenter Asamblesinin 19\u2019uncu Genel Kurulu \u0130talya\u2019n\u0131n ba\u015fkenti Roma\u2019da ger\u00e7ekle\u015fiyor. Milliyet\u00e7i Hareket Partisi Mersin Milletvekili ve MYK \u00dcyesi Dr. Levent Uysal da Akdeniz PA \u00dcyesi olarak T\u00fcrkiye\u2019yi ve Milliyet\u00e7i Hareket Partisini temsil ediyor. Uysal, Akdeniz Parlamenter Asamblesi 19\u2019uncu Genel Kurulu \u00e7al\u0131\u015fmalar\u0131 i\u00e7in bulundu\u011fu Roma&#8217;da, Siyasi ve G\u00fcvenlik \u0130\u015fbirli\u011fi Komitesi&#8217;nde ele al\u0131nan &nbsp;&#8220;Akdeniz B\u00f6lgesinde Ter\u00f6r ve Su\u00e7 Faaliyetlerinin olu\u015fturdu\u011fu Tehditler&#8221; konulu karar tasar\u0131s\u0131nda s\u00f6z alarak T\u00fcrkiye&#8217;nin 40 y\u0131l\u0131 a\u015fk\u0131n s\u00fcredir ter\u00f6rle m\u00fccadeledeki kararl\u0131 duru\u015funu anlatarak bat\u0131l\u0131 \u00fclkelerden de ayn\u0131 samimiyeti g\u00f6rmek istediklerini belirtti.<br><br>Milletvekili Uysal <strong>\u201cT\u00fcrkiye, 40 y\u0131ldan beri ter\u00f6rle bilfiil m\u00fccadele ediyor, \u00fclkemizi ter\u00f6ristlerden koruyoruz. Bu u\u011furda, neredeyse her g\u00fcn bir \u015fehit vermi\u015fiz. 15 bini a\u015fk\u0131n \u015fehidimiz var. Maalesef de vermeye devam ediyoruz. Bunun i\u00e7in d\u00fcnyaya bar\u0131\u015f\u0131n gelmesini, bizden daha \u00e7ok isteyen bir millet olamaz. Gerek ter\u00f6r \u00f6rg\u00fctlerine gerekse ter\u00f6r devletlerine hay\u0131r diyoruz. D\u00fcnya bar\u0131\u015f\u0131 i\u00e7in, hep birlikte \u00e7al\u0131\u015fmal\u0131y\u0131z. T\u00fcrkiye olarak, \u00f6nce insan diyoruz. Bu birli\u011fimiz sayesinde d\u00fcnyan\u0131n bar\u0131\u015f ve huzur i\u00e7inde ya\u015fayaca\u011f\u0131na inan\u0131yoruz. \u0130\u015fbirli\u011finiz i\u00e7in te\u015fekk\u00fcr ederiz.\u201d<\/strong> a\u00e7\u0131klamas\u0131nda bulundu.<\/p>\n","protected":false},"excerpt":{"rendered":"<p>Milliyet\u00e7i Hareket Partisi Mersin Milletvekili ve MYK \u00dcyesi Dr. Levent Uysal, Akdeniz Parlamenter Asamblesinin 19\u2019uncu Genel Kurulu\u2019na kat\u0131larak \u0130talya\u2019n\u0131n ba\u015fkenti Roma\u2019da T\u00fcrkiye\u2019yi ve Milliyet\u00e7i Hareket Partisini temsil ediyor. Ter\u00f6r\u00fcn son bulmas\u0131 i\u00e7in t\u00fcm d\u00fcnyaya \u00e7a\u011fr\u0131da \u0130talya\u2019dan \u00e7a\u011fr\u0131da bulunan Milletvekili Uysal \u201cTer\u00f6r \u00f6rg\u00fctlerine ve ter\u00f6r devletlerine hay\u0131r diyoruz. D\u00fcnyada bar\u0131\u015f\u0131n sa\u011flanmas\u0131 i\u00e7in el birli\u011fiyle \u00e7al\u0131\u015fmal\u0131y\u0131z ve [&hellip;]<\/p>\n","protected":false},"author":2,"featured_media":39951,"comment_status":"closed","ping_status":"closed","sticky":false,"template":"","format":"standard","meta":{"footnotes":""},"categories":[3],"tags":[],"class_list":["post-39950","post","type-post","status-publish","format-standard","has-post-thumbnail","hentry","category-manset"],"views":3,"_links":{"self":[{"href":"https:\/\/mersinkadingazetesi.com\/index.php?rest_route=\/wp\/v2\/posts\/39950"}],"collection":[{"href":"https:\/\/mersinkadingazetesi.com\/index.php?rest_route=\/wp\/v2\/posts"}],"about":[{"href":"https:\/\/mersinkadingazetesi.com\/index.php?rest_route=\/wp\/v2\/types\/post"}],"author":[{"embeddable":true,"href":"https:\/\/mersinkadingazetesi.com\/index.php?rest_route=\/wp\/v2\/users\/2"}],"replies":[{"embeddable":true,"href":"https:\/\/mersinkadingazetesi.com\/index.php?rest_route=%2Fwp%2Fv2%2Fcomments&post=39950"}],"version-history":[{"count":1,"href":"https:\/\/mersinkadingazetesi.com\/index.php?rest_route=\/wp\/v2\/posts\/39950\/revisions"}],"predecessor-version":[{"id":39952,"href":"https:\/\/mersinkadingazetesi.com\/index.php?rest_route=\/wp\/v2\/posts\/39950\/revisions\/39952"}],"wp:featuredmedia":[{"embeddable":true,"href":"https:\/\/mersinkadingazetesi.com\/index.php?rest_route=\/wp\/v2\/media\/39951"}],"wp:attachment":[{"href":"https:\/\/mersinkadingazetesi.com\/index.php?rest_route=%2Fwp%2Fv2%2Fmedia&parent=39950"}],"wp:term":[{"taxonomy":"category","embeddable":true,"href":"https:\/\/mersinkadingazetesi.com\/index.php?rest_route=%2Fwp%2Fv2%2Fcategories&post=39950"},{"taxonomy":"post_tag","embeddable":true,"href":"https:\/\/mersinkadingazetesi.com\/index.php?rest_route=%2Fwp%2Fv2%2Ftags&post=39950"}],"curies":[{"name":"wp","href":"https:\/\/api.w.org\/{rel}","templated":true}]}}