{"id":39953,"date":"2025-02-22T22:41:54","date_gmt":"2025-02-22T19:41:54","guid":{"rendered":"https:\/\/mersinkadingazetesi.com\/?p=39953"},"modified":"2025-02-22T22:41:54","modified_gmt":"2025-02-22T19:41:54","slug":"komur-kullanimi-cinsiyet-esitsizligini-tetikliyor","status":"publish","type":"post","link":"https:\/\/mersinkadingazetesi.com\/?p=39953","title":{"rendered":"K\u00f6m\u00fcr Kullan\u0131m\u0131 Cinsiyet E\u015fitsizli\u011fini Tetikliyor"},"content":{"rendered":"\n<p>Bing\u00f6l \u00dcniversitesi&#8217;nde \u00e7evre ve enerji bilimleri alan\u0131nda \u00e7al\u0131\u015fmalar y\u00fcr\u00fcten Do\u00e7. Dr. Emrah Aky\u00fcz taraf\u0131ndan ger\u00e7ekle\u015ftirilen ve d\u00fcnyan\u0131n en prestijli akademik dergilerinden biri olan&nbsp;<em>Women&#8217;s Studies International Forum<\/em>&#8216;da yay\u0131mlanan bir ara\u015ft\u0131rma, k\u00f6m\u00fcr kullan\u0131m\u0131n\u0131n \u00e7evresel etkilerinin cinsiyetler aras\u0131ndaki da\u011f\u0131l\u0131m\u0131n\u0131 inceledi. &#8220;&#8221;Energy Injustice or Gender Injustice?&#8221; (Enerji Adaletsizli\u011fi mi, Cinsiyet Adaletsizli\u011fi mi?) ba\u015fl\u0131kl\u0131 \u00e7al\u0131\u015fma, fosil yak\u0131tlar i\u00e7erisinde en y\u00fcksek \u00e7evresel riskleri bar\u0131nd\u0131ran k\u00f6m\u00fcr\u00fcn, toplumsal cinsiyet e\u015fitsizli\u011fini nas\u0131l derinle\u015ftirdi\u011fini ortaya koydu.<\/p>\n\n\n\n<p>Ara\u015ft\u0131rma, \u0130stanbul&#8217;da k\u00f6m\u00fcr ve do\u011fal gaz kullan\u0131m\u0131n\u0131n yayg\u0131n oldu\u011fu bir mahallede ger\u00e7ekle\u015ftirilen y\u00fcz y\u00fcze m\u00fclakatlara dayan\u0131yor. \u00c7al\u0131\u015fman\u0131n \u00fc\u00e7 temel bulgusu \u015fu \u015fekilde \u00f6zetleniyor:<\/p>\n\n\n\n<ol class=\"wp-block-list\">\n<li><strong>K\u00f6m\u00fcr Kullan\u0131m\u0131 B\u00f6l\u00fc\u015f\u00fcm Adaletsizli\u011fini Tetikliyor:<\/strong>\u00a0K\u00f6m\u00fcr kullan\u0131m\u0131, \u00e7evresel risklerin ve sa\u011fl\u0131k sorunlar\u0131n\u0131n toplumda e\u015fitsiz bir \u015fekilde da\u011f\u0131lmas\u0131na neden oluyor. Bu durum, enerji adaletsizli\u011fini art\u0131r\u0131yor.<\/li>\n\n\n\n<li><strong>Ataerkil Toplum Yap\u0131s\u0131 Kad\u0131nlar\u0131 Daha Fazla Etkiliyor:<\/strong>\u00a0Ataerkil toplum yap\u0131s\u0131, k\u00f6m\u00fcr kaynakl\u0131 \u00e7evre sorunlar\u0131ndan kad\u0131nlar\u0131n daha fazla etkilenmesine yol a\u00e7\u0131yor. Kad\u0131nlar, hem ev i\u00e7i sorumluluklar\u0131 hem de toplumsal rollerinden dolay\u0131 bu sorunlarla daha fazla y\u00fczle\u015fiyor.<\/li>\n\n\n\n<li><strong>Yoksul Ailelerde Kad\u0131nlar Daha Fazla Etkileniyor:<\/strong>\u00a0Yoksul ailelerde k\u00f6m\u00fcr kullan\u0131m\u0131na ba\u011fl\u0131 \u00e7evre sorunlar\u0131, kad\u0131nlar\u0131n sa\u011fl\u0131k ve ya\u015fam ko\u015fullar\u0131n\u0131 daha fazla olumsuz etkiliyor. Ekonomik yetersizlikler, bu etkiyi daha da art\u0131r\u0131yor.<\/li>\n<\/ol>\n\n\n\n<p>Ara\u015ft\u0131rma, k\u00f6m\u00fcr kaynakl\u0131 \u00e7evre sorunlar\u0131n\u0131n toplumsal cinsiyet e\u015fitsizli\u011fini derinle\u015ftirdi\u011fini ve enerji adaletsizli\u011finin cinsiyet adaletsizli\u011fiyle i\u00e7 i\u00e7e ge\u00e7ti\u011fini ortaya koyuyor. Do\u00e7. Dr. Emrah Aky\u00fcz, \u00e7al\u0131\u015fman\u0131n sonu\u00e7lar\u0131n\u0131n, enerji politikalar\u0131n\u0131n toplumsal cinsiyet e\u015fitli\u011fi perspektifiyle yeniden de\u011ferlendirilmesi gerekti\u011fini g\u00f6sterdi\u011fini vurguluyor. Do\u00e7. Dr. Emrah Aky\u00fcz, bu sorunlar\u0131n \u00f6nlenebilmesi i\u00e7in be\u015f temel politika \u00f6nerisi sunuyor:<\/p>\n\n\n\n<ol class=\"wp-block-list\">\n<li><strong>K\u00f6m\u00fcrden Temiz Enerji Kaynaklar\u0131na Ge\u00e7i\u015f:<\/strong>\u00a0K\u00f6m\u00fcr kullan\u0131m\u0131n\u0131n azalt\u0131larak temiz ve yenilenebilir enerji kaynaklar\u0131na ge\u00e7i\u015f sa\u011flanmal\u0131.<\/li>\n\n\n\n<li><strong>\u00dccretsiz K\u00f6m\u00fcr Da\u011f\u0131t\u0131m\u0131n\u0131n Sonland\u0131r\u0131lmas\u0131:<\/strong>\u00a0Dar gelirli ailelere y\u00f6nelik \u00fccretsiz k\u00f6m\u00fcr da\u011f\u0131t\u0131m\u0131 sonland\u0131r\u0131larak, alternatif enerji destekleri sunulmal\u0131.<\/li>\n\n\n\n<li><strong>Kad\u0131nlar\u0131n \u0130stihdama Kat\u0131l\u0131m\u0131n\u0131n Art\u0131r\u0131lmas\u0131:<\/strong>\u00a0Kad\u0131nlar\u0131n istihdama kat\u0131l\u0131m\u0131n\u0131 art\u0131racak politikalar hayata ge\u00e7irilmeli.<\/li>\n\n\n\n<li><strong>Enerji Politikalar\u0131nda Cinsiyet Boyutunun Tan\u0131nmas\u0131:<\/strong>\u00a0Enerji politikalar\u0131 olu\u015fturulurken toplumsal cinsiyet e\u015fitli\u011fi perspektifi dikkate al\u0131nmal\u0131.<\/li>\n\n\n\n<li><strong>\u00dccretsiz Sa\u011fl\u0131k Kontrolleri:<\/strong>\u00a0K\u00f6m\u00fcr kullan\u0131m\u0131n\u0131n yayg\u0131n oldu\u011fu b\u00f6lgelerde ya\u015fayanlar i\u00e7in \u00fccretsiz sa\u011fl\u0131k kontrolleri yap\u0131lmal\u0131.<\/li>\n<\/ol>\n\n\n\n<p>Do\u00e7. Dr. Emrah Aky\u00fcz, \u00e7al\u0131\u015fman\u0131n sonu\u00e7lar\u0131n\u0131n, enerji politikalar\u0131n\u0131n toplumsal cinsiyet e\u015fitli\u011fi perspektifiyle yeniden de\u011ferlendirilmesi gerekti\u011fini vurguluyor. Bu ara\u015ft\u0131rma, sadece \u00e7evresel risklerin de\u011fil, ayn\u0131 zamanda toplumsal e\u015fitsizliklerin de enerji kaynaklar\u0131n\u0131n kullan\u0131m\u0131yla nas\u0131l \u015fekillendi\u011fine dair \u00f6nemli bir tart\u0131\u015fma ba\u015flat\u0131yor. Enerji adaleti ve toplumsal cinsiyet e\u015fitli\u011fi aras\u0131ndaki bu karma\u015f\u0131k ili\u015fki, gelecekteki politika ve uygulamalar i\u00e7in yeni bir bak\u0131\u015f a\u00e7\u0131s\u0131 sunuyor.<\/p>\n","protected":false},"excerpt":{"rendered":"<p>Bing\u00f6l \u00dcniversitesi&#8217;nde \u00e7evre ve enerji bilimleri alan\u0131nda \u00e7al\u0131\u015fmalar y\u00fcr\u00fcten Do\u00e7. Dr. Emrah Aky\u00fcz taraf\u0131ndan ger\u00e7ekle\u015ftirilen ve d\u00fcnyan\u0131n en prestijli akademik dergilerinden biri olan&nbsp;Women&#8217;s Studies International Forum&#8216;da yay\u0131mlanan bir ara\u015ft\u0131rma, k\u00f6m\u00fcr kullan\u0131m\u0131n\u0131n \u00e7evresel etkilerinin cinsiyetler aras\u0131ndaki da\u011f\u0131l\u0131m\u0131n\u0131 inceledi. &#8220;&#8221;Energy Injustice or Gender Injustice?&#8221; (Enerji Adaletsizli\u011fi mi, Cinsiyet Adaletsizli\u011fi mi?) ba\u015fl\u0131kl\u0131 \u00e7al\u0131\u015fma, fosil yak\u0131tlar i\u00e7erisinde en y\u00fcksek [&hellip;]<\/p>\n","protected":false},"author":2,"featured_media":39954,"comment_status":"closed","ping_status":"closed","sticky":false,"template":"","format":"standard","meta":{"footnotes":""},"categories":[3],"tags":[],"class_list":["post-39953","post","type-post","status-publish","format-standard","has-post-thumbnail","hentry","category-manset"],"views":8,"_links":{"self":[{"href":"https:\/\/mersinkadingazetesi.com\/index.php?rest_route=\/wp\/v2\/posts\/39953"}],"collection":[{"href":"https:\/\/mersinkadingazetesi.com\/index.php?rest_route=\/wp\/v2\/posts"}],"about":[{"href":"https:\/\/mersinkadingazetesi.com\/index.php?rest_route=\/wp\/v2\/types\/post"}],"author":[{"embeddable":true,"href":"https:\/\/mersinkadingazetesi.com\/index.php?rest_route=\/wp\/v2\/users\/2"}],"replies":[{"embeddable":true,"href":"https:\/\/mersinkadingazetesi.com\/index.php?rest_route=%2Fwp%2Fv2%2Fcomments&post=39953"}],"version-history":[{"count":1,"href":"https:\/\/mersinkadingazetesi.com\/index.php?rest_route=\/wp\/v2\/posts\/39953\/revisions"}],"predecessor-version":[{"id":39955,"href":"https:\/\/mersinkadingazetesi.com\/index.php?rest_route=\/wp\/v2\/posts\/39953\/revisions\/39955"}],"wp:featuredmedia":[{"embeddable":true,"href":"https:\/\/mersinkadingazetesi.com\/index.php?rest_route=\/wp\/v2\/media\/39954"}],"wp:attachment":[{"href":"https:\/\/mersinkadingazetesi.com\/index.php?rest_route=%2Fwp%2Fv2%2Fmedia&parent=39953"}],"wp:term":[{"taxonomy":"category","embeddable":true,"href":"https:\/\/mersinkadingazetesi.com\/index.php?rest_route=%2Fwp%2Fv2%2Fcategories&post=39953"},{"taxonomy":"post_tag","embeddable":true,"href":"https:\/\/mersinkadingazetesi.com\/index.php?rest_route=%2Fwp%2Fv2%2Ftags&post=39953"}],"curies":[{"name":"wp","href":"https:\/\/api.w.org\/{rel}","templated":true}]}}