{"id":39962,"date":"2025-02-22T22:46:35","date_gmt":"2025-02-22T19:46:35","guid":{"rendered":"https:\/\/mersinkadingazetesi.com\/?p=39962"},"modified":"2025-02-22T22:46:36","modified_gmt":"2025-02-22T19:46:36","slug":"dunyanin-en-sansli-topraklarinda-yasiyoruz","status":"publish","type":"post","link":"https:\/\/mersinkadingazetesi.com\/?p=39962","title":{"rendered":"&#8220;D\u00dcNYANIN EN \u015eANSLI TOPRAKLARINDA YA\u015eIYORUZ&#8221;"},"content":{"rendered":"\n<p>Mersin B\u00fcy\u00fck\u015fehir Belediye Ba\u015fkan\u0131 Vahap Se\u00e7er ve Mersinden Kad\u0131n Kooperatifi Y\u00f6netim Kurulu Ba\u015fkan\u0131 Meral Se\u00e7er, tar\u0131m sekt\u00f6r\u00fcn\u00fcn s\u00fcrd\u00fcr\u00fclebilirli\u011fini sa\u011flamak amac\u0131yla Mersin B\u00fcy\u00fck\u015fehir Belediyesi, Mersin Ticaret ve Sanayi Odas\u0131 (MTSO), Akdeniz \u0130hracat\u00e7\u0131lar Birli\u011fi (AK\u0130B), Mersin Ziraat Odas\u0131, TMMOB Ziraat M\u00fchendisleri Odas\u0131 Mersin \u015eubesi ve TMMOB G\u0131da M\u00fchendisleri Odas\u0131 Mersin \u015eubesi i\u015fbirli\u011finde&nbsp;<strong>&#8216;\u00dcretmezsek T\u00fckeniriz&#8217;<\/strong>&nbsp;ba\u015fl\u0131\u011f\u0131yla bu y\u0131l 4.&#8217;s\u00fc d\u00fczenlenen&nbsp;<strong><em>&#8216;Tar\u0131msal \u00dcretimde Riskler ve F\u0131rsatlar Konferans\u0131&#8217;<\/em><\/strong>na kat\u0131ld\u0131.<\/p>\n\n\n\n<p>Konferansta, alan\u0131nda uzman duayen isimler; Prof. Dr. Umut Toprak, \u0130rfan Donat ve Ali Ekber Y\u0131ld\u0131r\u0131m konu\u015fmac\u0131 olarak yer ald\u0131. Tar\u0131m kenti Mersin&#8217;de, alan\u0131nda uzman duayen isimler taraf\u0131ndan tar\u0131mda&nbsp;ya\u015fanan sorunlar ve \u00e7\u00f6z\u00fcm \u00f6nerileri konu\u015fulurken, tar\u0131msal \u00fcretimdeki riskler ve f\u0131rsatlar \u00fczerine de\u011ferlendirmelerde bulunuldu. Tar\u0131m\u0131n duayen isimleri, Mersin&#8217;de kurumlar aras\u0131nda sa\u011flanan i\u015f birli\u011finin \u00f6nemine dikkat \u00e7ekerken, Mersin&#8217;de sa\u011flanan bu birlikteli\u011fin T\u00fcrkiye&#8217;nin hi\u00e7bir yerinde olmad\u0131\u011f\u0131n\u0131n alt\u0131n\u0131 \u00e7izdiler.<\/p>\n\n\n\n<p>Mersin B\u00fcy\u00fck\u015fehir Belediyesi Kongre ve Sergi Saray\u0131&#8217;nda d\u00fczenlenen konferansa; Ba\u015fkan Vahap Se\u00e7er ve Mersinden Kad\u0131n Kooperatifi Ba\u015fkan\u0131 Meral Se\u00e7er&#8217;in yan\u0131 s\u0131ra, Toroslar Belediye Ba\u015fkan\u0131 Abdurrahman Y\u0131ld\u0131z, Mersin Ticaret ve Sanayi Odas\u0131 (MTSO) Y\u00f6netim Kurulu Ba\u015fkan\u0131 Hakan Sefa \u00c7ak\u0131r ile meslek odalar\u0131n\u0131n ba\u015fkanlar\u0131 ve temsilcileri, sivil toplum \u00f6rg\u00fct\u00fc temsilcileri, Meclis \u00fcyeleri, Mersin B\u00fcy\u00fck\u015fehir Belediyesi b\u00fcrokratlar\u0131 ve \u00fcreticiler kat\u0131ld\u0131.<\/p>\n\n\n\n<p><strong>Ba\u015fkan Se\u00e7er \u00fcreticileri selamlad\u0131:&nbsp;<\/strong><strong>&#8220;Elleri nas\u0131rl\u0131, kalbi sevgi dolu \u00fcreticiler&#8221;<\/strong><strong><\/strong><\/p>\n\n\n\n<p>Salonu dolduran \u00fcreticileri&nbsp;<strong>&#8220;Elleri nas\u0131rl\u0131, kalbi sevgi dolu \u00fcreticiler&#8221;<\/strong>&nbsp;diye selamlayarak konu\u015fmas\u0131na ba\u015flayan Ba\u015fkan Se\u00e7er, tar\u0131m\u0131n son derece \u00f6nemli ve zorlu bir sekt\u00f6r oldu\u011funu vurgulad\u0131. Tar\u0131m\u0131n \u00fclke ekonomisine ciddi katk\u0131 sundu\u011funu ve olmamas\u0131 halinde ya\u015fanabilecek olumsuzluklar\u0131 s\u0131ralayan Se\u00e7er, \u00fcreticilerin sorunlar\u0131n\u0131n lokal olarak de\u011fi\u015fse de genel olarak ayn\u0131 oldu\u011funu s\u00f6yledi. Se\u00e7er,&nbsp;<strong>&#8220;Tar\u0131mda evvel eski bilirim ki; mazot, ila\u00e7, g\u00fcbre pahal\u0131 ve vergi y\u00fck\u00fc \u00e7ok. D\u00f6viz artt\u0131\u011f\u0131nda hepsinin fiyat\u0131 art\u0131yor. Bu \u015fikayetler hep olur ve T\u00fcrkiye bu sorunu bir t\u00fcrl\u00fc \u00e7\u00f6zemedi. \u00c7ift\u00e7iden hala KDV ve \u00d6TV al\u0131n\u0131yor. Girdi maliyetleri olduk\u00e7a y\u00fcksek&#8221;<\/strong>&nbsp;dedi.<\/p>\n\n\n\n<p><strong>&#8220;D\u00fcnyayla rekabet etmek i\u00e7in yeni tar\u0131m teknolojileri kullanmak gerekiyor&#8221;<\/strong><\/p>\n\n\n\n<p>Bu sorunlar\u0131n yan\u0131 s\u0131ra k\u00fcresel \u00f6l\u00e7ekli olarak iklim de\u011fi\u015fikli\u011fi sorununun da \u00fcreticiyi zorlad\u0131\u011f\u0131n\u0131 dile getiren Se\u00e7er, d\u00fcnyada rekabetin zorla\u015ft\u0131\u011f\u0131na ve geli\u015fmi\u015f \u00fclke insanlar\u0131n\u0131n art\u0131k t\u00fcketti\u011fi \u00fcr\u00fcn\u00fcn \u00fcretim a\u015famalar\u0131n\u0131 \u00f6\u011frenmek istedi\u011fine dikkat \u00e7ekerek,&nbsp;<strong>&#8220;D\u00fcnyada rekabet zorla\u015ft\u0131. \u0130hra\u00e7 edilen \u00fcr\u00fcnlerimizde ila\u00e7 kal\u0131nt\u0131lar\u0131 var.&nbsp;<em>&#8216;Domates gitti Rusya&#8217;da s\u0131n\u0131rdan geri d\u00f6nd\u00fc&#8217;<\/em>&nbsp;,&nbsp;<em>&#8216;Almanya&#8217;ya \u00fcz\u00fcm gitti, kiraz gitti i\u00e7inden kurt \u00e7\u0131kt\u0131 ya da pestisit \u00e7\u0131kt\u0131&#8217;&nbsp;<\/em>diye haberler yay\u0131nlan\u0131yor. Bundan utan\u00e7 duyuyoruz. Demek ki d\u00fcnyayla rekabet etmek i\u00e7in yeni tar\u0131m teknolojileri kullanmak gerekiyor. Art\u0131k geli\u015fmi\u015f toplumlarda insanlar her \u00f6n\u00fcne geleni yiyip i\u00e7miyor.&nbsp;<em>&#8216;Bu nas\u0131l \u00fcretildi?&#8217;<\/em>&nbsp;diyor. Bu \u00fclkemizin belki de \u015fu anda en g\u00fcncel sorunlar\u0131ndan bir tanesi&#8221;<\/strong>&nbsp;diye konu\u015ftu.<\/p>\n\n\n\n<p><strong>&#8220;Mesele kendi reklam\u0131m\u0131z\u0131 yapmak de\u011fil, kuruma bir k\u00fclt\u00fcr olu\u015fturmak&#8221;<\/strong><\/p>\n\n\n\n<p>Mersin B\u00fcy\u00fck\u015fehir Belediyesi olarak tar\u0131msal \u00fcretimden hayvanc\u0131l\u0131\u011fa, bal\u0131k\u00e7\u0131l\u0131ktan tropikal meyve \u00fcretimine kadar her t\u00fcrl\u00fc \u00fcretimin yan\u0131nda olduklar\u0131n\u0131 s\u00f6yleyen Se\u00e7er,&nbsp;<strong>&#8220;Kurumlarda, devlette devaml\u0131l\u0131k esast\u0131r. Mesele kendi reklam\u0131m\u0131z\u0131 yapmak de\u011fil, kuruma bir k\u00fclt\u00fcr olu\u015fturmak. Belediyeler, \u00f6nemli hizmet birimleridir. \u00d6zellikle b\u00fcy\u00fck\u015fehir belediyeleri olmak \u00fczere belediyeler;&nbsp;<em>&#8216;Bana ne karde\u015fim, ben Tar\u0131m Bakan\u0131 m\u0131y\u0131m?&#8217;<\/em>&nbsp;diyemez, katk\u0131 sunacaklar. \u00c7\u00fcnk\u00fc ciddi b\u00fct\u00e7eleri var&#8221;<\/strong>&nbsp;ifadelerini kulland\u0131.<\/p>\n\n\n\n<p>Mersin&#8217;in tar\u0131m konusunda d\u00fcnyan\u0131n en \u015fansl\u0131 topraklar\u0131na, iklimine ve lokasyonuna sahip, gelece\u011fi parlak bir kent oldu\u011funu s\u00f6yleyen Se\u00e7er,&nbsp;<strong>&#8220;Mersinliler olarak \u00e7al\u0131\u015fkan insanlar\u0131z. Y\u0131ll\u0131k 100 milyar TL&#8217;nin \u00fczerinde tar\u0131msal has\u0131lam\u0131z var. Burada hem hayvansal hem de tar\u0131msal \u00fcretim yap\u0131l\u0131yor. Demek ki burada bir potansiyel var&#8221;<\/strong>&nbsp;dedi.<\/p>\n\n\n\n<p><strong>Se\u00e7er, aile \u00e7ift\u00e7ili\u011finin \u00f6nemine dikkat \u00e7ekti<\/strong><\/p>\n\n\n\n<p>Aile \u00e7ift\u00e7ili\u011fini \u00f6nemsedi\u011fini ve bunun T\u00fcrkiye ko\u015fullar\u0131nda daha fazla destek g\u00f6rmesi gerekti\u011fine vurgu yapan Se\u00e7er,&nbsp;<strong>&#8220;T\u00fcrkiye&#8217;de kay\u0131tl\u0131 \u00e7ift\u00e7ilerin y\u00fczde 80&#8217;i k\u00fc\u00e7\u00fck aile i\u015fletmeleri, aile \u00e7ift\u00e7ileri. 100 d\u00f6n\u00fcm\u00fcn alt\u0131nda i\u015fletme sahiplerinin oran\u0131 y\u00fczde 80. T\u00fcrkiye&#8217;de tar\u0131m yap\u0131lan arazilerin ortalamas\u0131na bak\u0131ld\u0131\u011f\u0131nda her i\u015fletmeye, her \u00fcreticiye 60 d\u00f6n\u00fcm d\u00fc\u015f\u00fcyor. Demek ki bizim aile \u00e7ift\u00e7ili\u011fine uygun bir ortam\u0131m\u0131z var&#8221;&nbsp;<\/strong>s\u00f6zlerine yer verdi.\u00c7ift\u00e7ili\u011fin cazip hale getirilmesi halinde gen\u00e7lerin \u015fehirlere g\u00f6\u00e7 etmek yerine do\u011fduklar\u0131 topraklarda \u00fcretim yapmay\u0131 tercih edeceklerine inand\u0131\u011f\u0131n\u0131 aktaran Se\u00e7er,<strong>&nbsp;&#8221;&nbsp;<em>&#8216;\u00c7ift\u00e7iler ya\u015fland\u0131, gen\u00e7 \u00e7ift\u00e7i yok&#8217;<\/em>&nbsp;diye \u015fikayet ediliyor. \u00c7\u00fcnk\u00fc \u00e7ift\u00e7ili\u011fi cazip hale getiremedik. Gen\u00e7ler \u015fehre geliyor. Cazibe yarat\u0131lsa o zaman gen\u00e7ler \u015fehre gelmez, \u00e7ift\u00e7ilerin ya\u015f ortalamas\u0131 gen\u00e7le\u015fir. Biz yapt\u0131\u011f\u0131m\u0131z desteklerde tamamen buna y\u00f6neliyoruz&#8221;<\/strong>&nbsp;ifadelerini kulland\u0131.<\/p>\n\n\n\n<p><strong>&#8220;Benim kayna\u011f\u0131m sizlerin vergisi&#8221;<\/strong><\/p>\n\n\n\n<p>Mersin B\u00fcy\u00fck\u015fehir Belediyesi&#8217;nin bu y\u0131l 6. y\u0131l\u0131na giren&nbsp;<strong><em>&#8216;Hadi Gel K\u00f6y\u00fcm\u00fcze Destek Verelim&#8217;<\/em><\/strong>&nbsp;projesi hakk\u0131nda da bilgi veren Se\u00e7er, projenin Tar\u0131m ve Orman Bakanl\u0131\u011f\u0131 taraf\u0131ndan incelenmesi ve de\u011ferlendirilmesi gerekti\u011fini kaydetti. Se\u00e7er,&nbsp;<strong>&#8220;Bu proje ile 6 y\u0131l\u0131n sonunda 300 aile hayvanc\u0131l\u0131k ve aile \u00e7ift\u00e7ili\u011fi yap\u0131yor. Bu y\u0131l i\u00e7in her bir aileye verdi\u011fimiz destek g\u00fcncel rakamlarla 475 bin lira. 25 dam\u0131zl\u0131k koyun-ke\u00e7i ve bunlar\u0131n 1 y\u0131ll\u0131k yemini, veteriner hizmetini, a\u015f\u0131s\u0131n\u0131 veriyoruz. Baba o\u011fula verir mi? Ama devlet verecek. Ben devletim. Ben sizin kaynaklar\u0131n\u0131z\u0131 size geri veriyorum, cebimden vermiyorum. Benim kayna\u011f\u0131m sizlerin vergisi. Vatanda\u015f\u0131n h\u00fck\u00fcmetten istedi\u011fi, kendi verdi\u011fi vergilerin kendilerine do\u011fru aktar\u0131lmas\u0131&#8221;<\/strong>&nbsp;diye konu\u015ftu.<\/p>\n\n\n\n<p><strong>&#8220;\u00dclkeyi ayn\u0131 tar\u0131m anlay\u0131\u015f\u0131yla 23 y\u0131ld\u0131r y\u00f6netiyorlar, 1 metre yol alamam\u0131\u015flar&#8221;<\/strong><\/p>\n\n\n\n<p>Tar\u0131msal projelerin kamu kayna\u011f\u0131n\u0131 israf ederek yap\u0131lmayaca\u011f\u0131na de\u011finen Se\u00e7er,&nbsp;<strong>&#8220;Projeleri takip etmiyor, g\u00fcn\u00fc kurtar\u0131yorsun. Belediye Ba\u015fkan\u0131, Tar\u0131m Bakan\u0131 g\u00fcn\u00fc kurtarmaz. Sonucuna bak, kaynaklar\u0131 heba etme. Ayn\u0131 tar\u0131m anlay\u0131\u015f\u0131yla 23 y\u0131ld\u0131r bu \u00fclkeyi y\u00f6netiyorlar, 1 metre yol alamam\u0131\u015flar. Biz y\u00f6netmiyoruz, 5 ayr\u0131 siyasi g\u00f6r\u00fc\u015f de y\u00f6netmedi. D\u00f6n\u00fcp bir kendimize bakmak laz\u0131m, kafam\u0131z\u0131 kuma g\u00f6mmekle olmaz. Yerinde saymak d\u00fcnyada geri kalmak demektir&#8221;<\/strong>&nbsp;s\u00f6zlerine yer verdi.<\/p>\n\n\n\n<p><strong>&#8220;Bizler vatanda\u015f i\u00e7in var\u0131z&#8221;<\/strong><\/p>\n\n\n\n<p>Vatanda\u015fa dokunan projeler yapmak i\u00e7in gayret ettiklerini s\u00f6yleyen Se\u00e7er,&nbsp;<strong>&#8220;Yerinde ve k\u0131rsal turizm hedefli Dar\u0131sekisi \u00d6rnek K\u00f6y\u00fc Projemiz var. \u0130nsanlar orada, k\u00f6yde herkes \u00e7al\u0131\u015f\u0131yor, k\u00f6y \u015fenlendi. \u015eimdi K\u00f6y\u00fcm\u00fcz At\u00f6lye Projesi&#8217;ni ba\u015flatt\u0131k. Co\u011frafi i\u015faret tescilli onlarca \u00fcr\u00fcn\u00fcm\u00fcz var. Bunlar\u0131n paketlenmesinden sa\u011fl\u0131kl\u0131 \u00fcretimine, d\u00fcnya pazarlar\u0131na a\u00e7\u0131lmas\u0131na ve markala\u015fmas\u0131na kadar yapaca\u011f\u0131m\u0131z bu \u00e7al\u0131\u015fmalar kente de\u011fer katar&#8221;<\/strong>&nbsp;dedi. Projelerin takip edilmemesi halinde kamu kaynaklar\u0131n\u0131n israf oldu\u011funu bir kez daha vurgulayan Se\u00e7er, \u00fcreticinin de elini ta\u015f\u0131n alt\u0131na koydu\u011fu projeler ile s\u00fcrd\u00fcr\u00fclebilir bir tar\u0131m anlay\u0131\u015f\u0131n\u0131 Mersin&#8217;de geli\u015ftirmeye \u00e7al\u0131\u015ft\u0131klar\u0131n\u0131 belirtti. \u00dcreticinin \u00fcretti\u011fi noktada kamu kurum ve kurulu\u015flar\u0131n\u0131n destek i\u00e7in var oldu\u011funu s\u00f6yleyen Se\u00e7er,&nbsp;<strong>&#8220;B\u00fcy\u00fck\u015fehir Belediyesi de devletin bir kurumu, Tar\u0131m \u0130l M\u00fcd\u00fcrl\u00fc\u011f\u00fc de Ticaret ve Sanayi Odas\u0131 da Ziraat Odas\u0131 da Ziraat M\u00fchendisleri Odas\u0131 da; hepimiz bu \u00fclkenin kurumlar\u0131 ve kurulu\u015flar\u0131y\u0131z. Hepimiz sizler i\u00e7in, vatanda\u015f i\u00e7in var\u0131z&#8221;<\/strong>&nbsp;diye konu\u015ftu.<\/p>\n\n\n\n<p><strong>&#8220;Tar\u0131msal sorunlar\u0131n fark\u0131nday\u0131z, \u00e7\u00f6zmek i\u00e7in faaliyet halindeyiz&#8221;<\/strong><\/p>\n\n\n\n<p>B\u00fcy\u00fck\u015fehir olarak d\u00fcnyada ve T\u00fcrkiye&#8217;de ya\u015fan\u0131lan tar\u0131msal sorunlar\u0131n fark\u0131nda olduklar\u0131n\u0131n alt\u0131n\u0131 \u00e7izen Se\u00e7er,&nbsp;<strong>&#8220;Mersin&#8217;de hem fark\u0131nday\u0131z hem ya\u015f\u0131yoruz hem de bu sorunu \u00e7\u00f6zmek i\u00e7in faaliyet halindeyiz. Onun i\u00e7in&nbsp;<em>&#8216;Kooperatifler yenilenebilir enerji kullan\u0131n, maliyetleriniz d\u00fc\u015fs\u00fcn. GES projesi yap\u0131n. Ne harcad\u0131ysan\u0131z yar\u0131s\u0131 B\u00fcy\u00fck\u015fehir&#8217;den&#8217;<\/em>&nbsp;diyoruz<em>.<\/em>&nbsp;G\u00fcne\u015f Enerji Santrali projemizi bilmeyen var m\u0131? \u015eimdi Nacarl\u0131&#8217;da ilk g\u00fcne\u015f enerji santralini kuruyoruz. Nacarl\u0131 Sulama Kooperatifi&#8217;ne y\u00fczde 50 deste\u011fi biz veriyoruz. 75 kooperatifimiz var, buradan duyuruyorum; yarat\u0131c\u0131 olun, \u00fcretici olun, \u00e7al\u0131\u015f\u0131n, i\u015f birli\u011fi yap\u0131n&#8221;<\/strong>&nbsp;diyerek kooperatiflere \u00e7a\u011fr\u0131 yapt\u0131.<\/p>\n\n\n\n<p><strong>&#8220;Mersin&#8217;imizi de \u00fclkemizi de kalk\u0131nd\u0131raca\u011f\u0131z&#8221;<\/strong><\/p>\n\n\n\n<p>Tar\u0131ma deste\u011fi 2025 y\u0131l\u0131 i\u00e7in y\u00fczde 80,67 art\u0131rd\u0131klar\u0131n\u0131 ve 215 milyon TL kaynak ay\u0131rd\u0131klar\u0131n\u0131 s\u00f6yleyen Se\u00e7er,&nbsp;<strong>&#8220;B\u00fct\u00e7emiz o kadar artmad\u0131\u011f\u0131 halde tar\u0131msal deste\u011fi art\u0131rd\u0131k, \u00e7\u00fcnk\u00fc tar\u0131ma \u00f6nem veriyoruz. Sorunlar her ge\u00e7en g\u00fcn katlan\u0131yor. Biz nas\u0131l katk\u0131 sunabiliriz diye d\u00fc\u015f\u00fcnd\u00fck, bunu yapt\u0131k. Her konuda yan\u0131n\u0131zda olaca\u011f\u0131z. \u00dcretime de\u011fer veren bir belediyeniz var. Desteklerimizle her ailenin evinde olaca\u011f\u0131z; \u00f6nce vatanda\u015f\u0131n mutlulu\u011fu. Karn\u0131 doymayan, ac\u0131s\u0131, hastas\u0131, derdi olan vatanda\u015fa sen yol yapm\u0131\u015fs\u0131n, bina yapm\u0131\u015fs\u0131n, o bunu neylesin?&#8221;<\/strong>&nbsp;dedi. Vatanda\u015f\u0131n her an\u0131nda yan\u0131nda olmaya devam edeceklerinin alt\u0131n\u0131 \u00e7izen Se\u00e7er,&nbsp;<strong>&#8220;\u00dcretken vatanda\u015f\u0131n yan\u0131nda olaca\u011f\u0131z, i\u015fbirli\u011fi i\u00e7erisinde olaca\u011f\u0131z. Birlik olaca\u011f\u0131z, beraber olaca\u011f\u0131z. Mersin&#8217;imizi de \u00fclkemizi de kalk\u0131nd\u0131raca\u011f\u0131z, insanl\u0131\u011fa da yararl\u0131 olaca\u011f\u0131z&#8221;<\/strong>&nbsp;diyerek konu\u015fmas\u0131n\u0131 sonland\u0131rd\u0131.<\/p>\n\n\n\n<p><strong>\u00c7ak\u0131r: &#8220;\u00dclkemizde tar\u0131m\u0131n \u00f6nc\u00fcs\u00fc olmaya ve \u00fcretmeye devam edece\u011fiz&#8221;<\/strong><\/p>\n\n\n\n<p>Tar\u0131m\u0131n ba\u015flad\u0131\u011f\u0131 d\u00fc\u015f\u00fcn\u00fclen Anadolu ve \u00c7ukurova&#8217;n\u0131n 12 bin y\u0131ll\u0131k tar\u0131m tarihi oldu\u011funa dikkat \u00e7eken MTSO Y\u00f6netim Kurulu Ba\u015fkan\u0131 Hakan Sefa \u00c7ak\u0131r, b\u00f6lgenin tar\u0131msal \u00e7e\u015fitlili\u011fin merkezi konumunda oldu\u011funu s\u00f6yledi. \u00c7ak\u0131r,&nbsp;<strong>&#8220;MTSO olarak \u00fclkemizde tar\u0131m\u0131n \u00f6nc\u00fcs\u00fc olmaya ve \u00fcretmeye devam edece\u011fiz. Ama bunun i\u00e7in hep birlikte m\u00fccadele ederek, sorunlar\u0131 g\u00f6rmezden gelmeden, etkin ve yarat\u0131c\u0131 \u00e7\u00f6z\u00fcmler bulmak zorunday\u0131z&#8221;<\/strong>&nbsp;dedi.<\/p>\n\n\n\n<p><strong>Alan\u0131nda duayen isimler, tar\u0131m kenti Mersin&#8217;de tar\u0131m\u0131 konu\u015ftu<\/strong><\/p>\n\n\n\n<p>A\u00e7\u0131l\u0131\u015f konu\u015fmalar\u0131n\u0131n ard\u0131ndan ba\u015flayan ve moderat\u00f6rl\u00fc\u011f\u00fcn\u00fc \u0130rfan Donat&#8217;\u0131n yapt\u0131\u011f\u0131 konferansta, alan\u0131nda uzman isimler; Ali Ekber Y\u0131ld\u0131r\u0131m ve Prof. Dr. Umut Toprak konu\u015fmac\u0131 olarak yer ald\u0131. \u0130rfan Donat konu\u015fmas\u0131nda; tar\u0131m sekt\u00f6r\u00fcne bir kambur ve problem olarak bak\u0131l\u0131rsa, ya\u015fanan kronik sorunlarla y\u00fczle\u015fmeye devam etmek mecburiyetinde kal\u0131naca\u011f\u0131n\u0131 s\u00f6yledi. Mersin&#8217;in tar\u0131m kenti oldu\u011funu ifade eden Donat, yanl\u0131\u015f bir tar\u0131m politikas\u0131n\u0131n bir \u00fclkeyi nereden nereye getirebilece\u011fini kat\u0131l\u0131mc\u0131larla payla\u015ft\u0131. Donat, tar\u0131m\u0131n hem siyasetten hem de ranttan ar\u0131nd\u0131r\u0131lmas\u0131 gerekti\u011fine de\u011findi.&nbsp;<\/p>\n\n\n\n<p>Ali Ekber Y\u0131ld\u0131r\u0131m ise; Mersin&#8217;de kurumlar aras\u0131nda&nbsp;bir birliktelik oldu\u011funa de\u011finirken, Mersin&#8217;de var olan bu birlikteli\u011fin T\u00fcrkiye&#8217;nin hi\u00e7bir \u015fehrinde olmad\u0131\u011f\u0131na dikkat \u00e7ekerek, bunun sa\u011flanm\u0131\u015f olmas\u0131ndan dolay\u0131 duyduklar\u0131 mutlulu\u011fu ifade etti.&nbsp;<strong>&#8216;Tar\u0131m\u0131n G\u00fcndemi&#8217;<\/strong>&nbsp;konulu bir sunum ger\u00e7ekle\u015ftiren Y\u0131ld\u0131r\u0131m, tar\u0131msal \u00fcretimde riskler konusuna dikkat \u00e7ekerek, tohumdan sofraya kadar olan her a\u015famada bir risk oldu\u011funun alt\u0131n\u0131 \u00e7izdi. T\u00fcrkiye&#8217;nin tar\u0131mda ve \u00fcretimde sahip oldu\u011fu potansiyel ile f\u0131rsatlar hakk\u0131nda konu\u015fan&nbsp;Y\u0131ld\u0131r\u0131m, yerel y\u00f6netimlerin tar\u0131mdaki \u00e7abalar\u0131n\u0131n merkezi h\u00fck\u00fcmetin \u00e7abalar\u0131yla birle\u015ftirilip, \u00fcreticinin daha \u00e7ok desteklenip, kalk\u0131nmas\u0131 i\u00e7in \u00e7al\u0131\u015fmalar yap\u0131lmas\u0131 gerekti\u011fini belirterek,&nbsp;<strong>&#8220;\u00dcretmezsek t\u00fckeniriz&#8221;<\/strong>&nbsp;dedi.<\/p>\n\n\n\n<p>Prof. Dr. Umut Toprak ise do\u011fup b\u00fcy\u00fcd\u00fc\u011f\u00fc topraklar olan Mersin&#8217;de b\u00f6yle bir sunumu yapmaktan dolay\u0131 duydu\u011fu mutlulu\u011fu ifade etti.&nbsp;<strong><em>&#8216;Yeni Nesil Biyopestisitler ve Biyoteknoloji&#8217;<\/em><\/strong>&nbsp;konulu bir sunum yapan Prof. Dr. Toprak, \u00f6zellikle biyopestisitlerin \u00e7ok b\u00fcy\u00fck avantajlar\u0131 oldu\u011funa de\u011finerek, biyopestisit \u00fcretimi yap\u0131p satman\u0131n \u00f6nemine dikkat \u00e7ekti. Prof. Dr. Toprak ayr\u0131ca, Mersin B\u00fcy\u00fck\u015fehir Belediye Ba\u015fkan\u0131 Vahap Se\u00e7er&#8217;in Ziraat M\u00fchendisi olmas\u0131n\u0131n Mersin i\u00e7in b\u00fcy\u00fck bir avantaj oldu\u011funa de\u011findi.<\/p>\n\n\n\n<p>Konferans soru-cevap b\u00f6l\u00fcm\u00fcn\u00fcn ard\u0131ndan sona erdi. Kat\u0131l\u0131mc\u0131lar sorular\u0131n\u0131 uzmanlara y\u00f6nelttikten sonra, B\u00fcy\u00fck\u015fehir taraf\u0131ndan kendilerine sa\u011flanan tar\u0131msal destekler i\u00e7in de te\u015fekk\u00fcrlerini ilettiler. Konu\u015fmac\u0131lar da ayr\u0131ca Ba\u015fkan Se\u00e7er&#8217;e konferans sonuna kadar kat\u0131l\u0131m sa\u011flay\u0131p, kendilerini ve \u00fcreticileri dinledi\u011fi i\u00e7in te\u015fekk\u00fcr ettiler.<\/p>\n","protected":false},"excerpt":{"rendered":"<p>Mersin B\u00fcy\u00fck\u015fehir Belediye Ba\u015fkan\u0131 Vahap Se\u00e7er ve Mersinden Kad\u0131n Kooperatifi Y\u00f6netim Kurulu Ba\u015fkan\u0131 Meral Se\u00e7er, tar\u0131m sekt\u00f6r\u00fcn\u00fcn s\u00fcrd\u00fcr\u00fclebilirli\u011fini sa\u011flamak amac\u0131yla Mersin B\u00fcy\u00fck\u015fehir Belediyesi, Mersin Ticaret ve Sanayi Odas\u0131 (MTSO), Akdeniz \u0130hracat\u00e7\u0131lar Birli\u011fi (AK\u0130B), Mersin Ziraat Odas\u0131, TMMOB Ziraat M\u00fchendisleri Odas\u0131 Mersin \u015eubesi ve TMMOB G\u0131da M\u00fchendisleri Odas\u0131 Mersin \u015eubesi i\u015fbirli\u011finde&nbsp;&#8216;\u00dcretmezsek T\u00fckeniriz&#8217;&nbsp;ba\u015fl\u0131\u011f\u0131yla bu y\u0131l 4.&#8217;s\u00fc d\u00fczenlenen&nbsp;&#8216;Tar\u0131msal [&hellip;]<\/p>\n","protected":false},"author":2,"featured_media":39963,"comment_status":"closed","ping_status":"closed","sticky":false,"template":"","format":"standard","meta":{"footnotes":""},"categories":[8,34,3,5],"tags":[],"class_list":["post-39962","post","type-post","status-publish","format-standard","has-post-thumbnail","hentry","category-ekonomi","category-flas-haber","category-manset","category-mersin"],"views":3,"_links":{"self":[{"href":"https:\/\/mersinkadingazetesi.com\/index.php?rest_route=\/wp\/v2\/posts\/39962"}],"collection":[{"href":"https:\/\/mersinkadingazetesi.com\/index.php?rest_route=\/wp\/v2\/posts"}],"about":[{"href":"https:\/\/mersinkadingazetesi.com\/index.php?rest_route=\/wp\/v2\/types\/post"}],"author":[{"embeddable":true,"href":"https:\/\/mersinkadingazetesi.com\/index.php?rest_route=\/wp\/v2\/users\/2"}],"replies":[{"embeddable":true,"href":"https:\/\/mersinkadingazetesi.com\/index.php?rest_route=%2Fwp%2Fv2%2Fcomments&post=39962"}],"version-history":[{"count":1,"href":"https:\/\/mersinkadingazetesi.com\/index.php?rest_route=\/wp\/v2\/posts\/39962\/revisions"}],"predecessor-version":[{"id":39964,"href":"https:\/\/mersinkadingazetesi.com\/index.php?rest_route=\/wp\/v2\/posts\/39962\/revisions\/39964"}],"wp:featuredmedia":[{"embeddable":true,"href":"https:\/\/mersinkadingazetesi.com\/index.php?rest_route=\/wp\/v2\/media\/39963"}],"wp:attachment":[{"href":"https:\/\/mersinkadingazetesi.com\/index.php?rest_route=%2Fwp%2Fv2%2Fmedia&parent=39962"}],"wp:term":[{"taxonomy":"category","embeddable":true,"href":"https:\/\/mersinkadingazetesi.com\/index.php?rest_route=%2Fwp%2Fv2%2Fcategories&post=39962"},{"taxonomy":"post_tag","embeddable":true,"href":"https:\/\/mersinkadingazetesi.com\/index.php?rest_route=%2Fwp%2Fv2%2Ftags&post=39962"}],"curies":[{"name":"wp","href":"https:\/\/api.w.org\/{rel}","templated":true}]}}