{"id":39965,"date":"2025-02-23T12:07:04","date_gmt":"2025-02-23T09:07:04","guid":{"rendered":"https:\/\/mersinkadingazetesi.com\/?p=39965"},"modified":"2025-02-23T12:07:05","modified_gmt":"2025-02-23T09:07:05","slug":"mersin-buyuksehirin-sosyal-yardim-uygulamalari-yurttaslardan-takdir-goruyor","status":"publish","type":"post","link":"https:\/\/mersinkadingazetesi.com\/?p=39965","title":{"rendered":"MERS\u0130N B\u00dcY\u00dcK\u015eEH\u0130R&#8217;\u0130N SOSYAL YARDIM UYGULAMALARI YURTTA\u015eLARDAN TAKD\u0130R G\u00d6R\u00dcYOR"},"content":{"rendered":"\n<p>Sosyal belediyecilik alan\u0131ndaki \u00f6rnek uygulamalar\u0131 ile dikkat \u00e7eken Mersin B\u00fcy\u00fck\u015fehir Belediyesi, dezavantajl\u0131 t\u00fcm kesimlerle dayan\u0131\u015fmas\u0131n\u0131 s\u00fcrd\u00fcrerek, ihtiya\u00e7 sahibi yurtta\u015flar\u0131n yan\u0131nda olmaya devam ediyor. Halk sa\u011fl\u0131\u011f\u0131na duyarl\u0131l\u0131\u011f\u0131 ve toplumun t\u00fcm kesimlerine e\u015fit hizmet sunma anlay\u0131\u015f\u0131 ile B\u00fcy\u00fck\u015fehir, Sosyal Hizmetler Dairesi Ba\u015fkanl\u0131\u011f\u0131 taraf\u0131ndan \u00c7\u00f6lyak hastalar\u0131na Gl\u00fctensiz g\u0131da kolisi, Fenilketonuri hastalar\u0131n\u0131n beslenme d\u00fczenini s\u00fcrd\u00fcrebilmesi i\u00e7inse d\u00fc\u015f\u00fck proteinli g\u0131da kolisi da\u011f\u0131t\u0131mlar\u0131n\u0131 d\u00fczenli bir \u015fekilde s\u00fcrd\u00fcr\u00fcyor.<\/p>\n\n\n\n<p>Bu kapsamda 834 \u00e7\u00f6lyak hastas\u0131 vatanda\u015fa her ay 16 ekmek ve 3 kilogram un, 24 Fenilketonuri hastas\u0131na ise 250 graml\u0131k 4 adet d\u00fc\u015f\u00fck proteinli makarna, 250 graml\u0131k 2 adet d\u00fc\u015f\u00fck proteinli \u015fehriye, 1 kiloluk genel ama\u00e7l\u0131 ni\u015fasta kar\u0131\u015f\u0131m\u0131 ve 1 paket gofretin yer ald\u0131\u011f\u0131 g\u0131da kolisi deste\u011fi sunuluyor.<\/p>\n\n\n\n<p>Piyasada zor bulunmas\u0131 ve fiyatlar\u0131 y\u00fcksek \u00fcr\u00fcnler olmas\u0131 sebebiyle ula\u015f\u0131lmakta g\u00fc\u00e7l\u00fck \u00e7ekilen bu \u00fcr\u00fcnler, sa\u011fl\u0131k sorunlar\u0131 nedeniyle \u00f6zel beslenme gereksinimi duyan vatanda\u015flar\u0131n ya\u015famlar\u0131n\u0131 kolayla\u015ft\u0131rmakla kalmay\u0131p, ekonomik anlamda da \u00f6nemli bir destek sa\u011fl\u0131yor. Bununla birlikte her y\u0131l Ramazan ay\u0131nda d\u00fczenli bir \u015fekilde yap\u0131lan gl\u00fctensiz \u00fcr\u00fcnlerin yer ald\u0131\u011f\u0131 g\u0131da kolisi deste\u011fi, bu y\u0131l da yap\u0131lacak.<\/p>\n\n\n\n<p>\u00c7ukur: &#8220;G\u0131da kolisi deste\u011fimiz, yakla\u015fan Ramazan ay\u0131nda da devam edecek&#8221;<\/p>\n\n\n\n<p>Sosyal Hizmetler Dairesi Ba\u015fkanl\u0131\u011f\u0131&#8217;nda Sosyolog olarak g\u00f6rev yapan Nurten \u00c7ukur, B\u00fcy\u00fck\u015fehir&#8217;in her ay d\u00fczenli bir \u015fekilde ger\u00e7ekle\u015ftirdi\u011fi g\u0131da kolisi deste\u011finden bahsederek, &#8220;\u00c7\u00f6lyak hastalar\u0131na \u00f6zel her ay 16 ekmek ve 3 kilogram unun yer ald\u0131\u011f\u0131 gl\u00fctensiz paketler da\u011f\u0131t\u0131yoruz. Bu \u00fcr\u00fcnlere ula\u015fmak olduk\u00e7a zor. Market raflar\u0131nda gl\u00fctensiz \u00fcr\u00fcnler \u00e7ok pahal\u0131. Vatanda\u015flar\u0131m\u0131za destek olmak amac\u0131yla, her ay en kaliteli ekmek ve unu da\u011f\u0131tmaya \u00f6zen g\u00f6steriyoruz. Ramazan ay\u0131nda da \u00c7\u00f6lyak hastalar\u0131m\u0131za gl\u00fctensiz \u00fcr\u00fcnlerin oldu\u011fu, hem \u00e7ocuklara hem yeti\u015fkinlere \u00f6zel paketler da\u011f\u0131t\u0131yoruz&#8221; dedi.<\/p>\n\n\n\n<p>4 y\u0131ld\u0131r s\u00fcrd\u00fcr\u00fclen \u00c7\u00f6lyak hastalar\u0131na gl\u00fctensiz g\u0131da deste\u011fi kapsam\u0131nda \u015fimdiye kadar 2 bin 220 g\u0131da kolisi da\u011f\u0131tt\u0131klar\u0131n\u0131 kaydeden \u00c7ukur, Fenilketonuri hastalar\u0131 i\u00e7in yap\u0131lan g\u0131da deste\u011fi ile ilgili de &#8220;Birka\u00e7 ay \u00f6nce Fenilketonuri hastalar\u0131 i\u00e7in ba\u015flatt\u0131\u011f\u0131m\u0131z projede sundu\u011fumuz g\u0131da kolisinin i\u00e7inde d\u00fc\u015f\u00fck proteinli \u00fcr\u00fcnler bulunuyor. Ramazan ay\u0131nda Fenilketonuri hastalar\u0131m\u0131z i\u00e7in de g\u0131da kolisi da\u011f\u0131t\u0131m\u0131m\u0131z olacak&#8221; ifadelerini kulland\u0131.<\/p>\n\n\n\n<p>&#8220;Marketlerde bulamad\u0131\u011f\u0131m \u00fcr\u00fcnleri, B\u00fcy\u00fck\u015fehir bana ula\u015ft\u0131r\u0131yor&#8221;<\/p>\n\n\n\n<p>3 y\u0131ld\u0131r \u00c7\u00f6lyak hastas\u0131 olan Melek Ta\u015fkan, gl\u00fctensiz g\u0131dalara ula\u015fmakta zorluk \u00e7ektiklerini anlatarak, &#8220;B\u00fcy\u00fck\u015fehir k\u0131sa bir s\u00fcre \u00f6nce Gl\u00fctensiz Kafe a\u00e7t\u0131. \u00dcr\u00fcnler gayet g\u00fczel ve sevdik. Bu koliyi ben cebimden alacak olsayd\u0131m 3 bin liraya mal olurdu. B\u00fcy\u00fck\u015fehir&#8217;in bu deste\u011fi bizler i\u00e7in g\u00fczel oldu. Marketlerde bulamad\u0131\u011f\u0131m \u00fcr\u00fcnleri, B\u00fcy\u00fck\u015fehir bana ula\u015ft\u0131r\u0131yor&#8221; dedi.<\/p>\n\n\n\n<p>&#8220;B\u00fcy\u00fck\u015fehir hem b\u00fct\u00e7emizi, hem sa\u011fl\u0131\u011f\u0131m\u0131z\u0131 d\u00fc\u015f\u00fcn\u00fcyor&#8221;<\/p>\n\n\n\n<p>Ailesinde 3 ki\u015finin \u00c7\u00f6lyak hastas\u0131 oldu\u011funu s\u00f6yleyen Dursun Kutludo\u011fmu\u015f ise &#8220;B\u00fcy\u00fck\u015fehir Belediyemiz t\u00fcm \u00c7\u00f6lyak hastalar\u0131na yeti\u015fti. Ekme\u011fimizi, unumuzu veriyorlar ve Ramazan&#8217;da da bir ayl\u0131k g\u0131da kolisine her \u015feyi koyuyorlar. Ailemde 3 ki\u015fi \u00c7\u00f6lyak hastas\u0131. Biz bunlar\u0131 alacak olsak b\u00fct\u00e7emizi \u00e7ok sarsard\u0131. Hem b\u00fct\u00e7emizi, hem sa\u011fl\u0131\u011f\u0131m\u0131z\u0131 d\u00fc\u015f\u00fcn\u00fcyorlar&#8221; ifadelerini kuland\u0131.<\/p>\n\n\n\n<p>&#8220;Kimsenin fark etmedi\u011fi bizleri, Ba\u015fkan\u0131m\u0131z fark etti&#8221;<\/p>\n\n\n\n<p>Fenilketonuri hastas\u0131 olan Mert Oktay; normalde pek \u00e7ok \u00fcr\u00fcn\u00fc Ankara&#8217;dan temin etti\u011fini, B\u00fcy\u00fck\u015fehir&#8217;in d\u00fc\u015f\u00fck proteinli g\u0131da deste\u011finin ise hayat kurtard\u0131\u011f\u0131n\u0131 belirterek, &#8220;Ba\u015fkan\u0131m\u0131z Vahap Se\u00e7er, sosyal belediyecili\u011fi sonuna kadar yap\u0131yor. Kimsenin fark etmedi\u011fi bizleri, Ba\u015fkan\u0131m\u0131z fark etti. Bu da bizi a\u015f\u0131r\u0131 derecede memnun ediyor. \u00dclke genelde \u00c7\u00f6lyak hastal\u0131\u011f\u0131 tan\u0131nan bir hastal\u0131k, ancak Fenilketonuri pek tan\u0131nm\u0131yor ve bilinmiyor. Biz sipari\u015flerimizi Ankara&#8217;dan yap\u0131yoruz, ancak \u00e7ok masrafl\u0131 oluyor. Ba\u015fkan\u0131m\u0131z bize yard\u0131mc\u0131 oluyor. Her mahallede Mahalle Mutfa\u011f\u0131 var ve \u00fcr\u00fcnlerimizi Mahalle Mutfa\u011f\u0131&#8217;ndan gelip alabiliyoruz&#8221; diye konu\u015ftu.<\/p>\n","protected":false},"excerpt":{"rendered":"<p>Sosyal belediyecilik alan\u0131ndaki \u00f6rnek uygulamalar\u0131 ile dikkat \u00e7eken Mersin B\u00fcy\u00fck\u015fehir Belediyesi, dezavantajl\u0131 t\u00fcm kesimlerle dayan\u0131\u015fmas\u0131n\u0131 s\u00fcrd\u00fcrerek, ihtiya\u00e7 sahibi yurtta\u015flar\u0131n yan\u0131nda olmaya devam ediyor. Halk sa\u011fl\u0131\u011f\u0131na duyarl\u0131l\u0131\u011f\u0131 ve toplumun t\u00fcm kesimlerine e\u015fit hizmet sunma anlay\u0131\u015f\u0131 ile B\u00fcy\u00fck\u015fehir, Sosyal Hizmetler Dairesi Ba\u015fkanl\u0131\u011f\u0131 taraf\u0131ndan \u00c7\u00f6lyak hastalar\u0131na Gl\u00fctensiz g\u0131da kolisi, Fenilketonuri hastalar\u0131n\u0131n beslenme d\u00fczenini s\u00fcrd\u00fcrebilmesi i\u00e7inse d\u00fc\u015f\u00fck proteinli g\u0131da [&hellip;]<\/p>\n","protected":false},"author":2,"featured_media":39966,"comment_status":"closed","ping_status":"closed","sticky":false,"template":"","format":"standard","meta":{"footnotes":""},"categories":[3],"tags":[],"class_list":["post-39965","post","type-post","status-publish","format-standard","has-post-thumbnail","hentry","category-manset"],"views":3,"_links":{"self":[{"href":"https:\/\/mersinkadingazetesi.com\/index.php?rest_route=\/wp\/v2\/posts\/39965"}],"collection":[{"href":"https:\/\/mersinkadingazetesi.com\/index.php?rest_route=\/wp\/v2\/posts"}],"about":[{"href":"https:\/\/mersinkadingazetesi.com\/index.php?rest_route=\/wp\/v2\/types\/post"}],"author":[{"embeddable":true,"href":"https:\/\/mersinkadingazetesi.com\/index.php?rest_route=\/wp\/v2\/users\/2"}],"replies":[{"embeddable":true,"href":"https:\/\/mersinkadingazetesi.com\/index.php?rest_route=%2Fwp%2Fv2%2Fcomments&post=39965"}],"version-history":[{"count":1,"href":"https:\/\/mersinkadingazetesi.com\/index.php?rest_route=\/wp\/v2\/posts\/39965\/revisions"}],"predecessor-version":[{"id":39967,"href":"https:\/\/mersinkadingazetesi.com\/index.php?rest_route=\/wp\/v2\/posts\/39965\/revisions\/39967"}],"wp:featuredmedia":[{"embeddable":true,"href":"https:\/\/mersinkadingazetesi.com\/index.php?rest_route=\/wp\/v2\/media\/39966"}],"wp:attachment":[{"href":"https:\/\/mersinkadingazetesi.com\/index.php?rest_route=%2Fwp%2Fv2%2Fmedia&parent=39965"}],"wp:term":[{"taxonomy":"category","embeddable":true,"href":"https:\/\/mersinkadingazetesi.com\/index.php?rest_route=%2Fwp%2Fv2%2Fcategories&post=39965"},{"taxonomy":"post_tag","embeddable":true,"href":"https:\/\/mersinkadingazetesi.com\/index.php?rest_route=%2Fwp%2Fv2%2Ftags&post=39965"}],"curies":[{"name":"wp","href":"https:\/\/api.w.org\/{rel}","templated":true}]}}