{"id":39971,"date":"2025-02-23T12:09:39","date_gmt":"2025-02-23T09:09:39","guid":{"rendered":"https:\/\/mersinkadingazetesi.com\/?p=39971"},"modified":"2025-02-23T12:09:40","modified_gmt":"2025-02-23T09:09:40","slug":"erdemli-belediyesi-zirai-don-nobetindeki-ciftcilerin-yaninda","status":"publish","type":"post","link":"https:\/\/mersinkadingazetesi.com\/?p=39971","title":{"rendered":"Erdemli Belediyesi Zirai Don N\u00f6betindeki \u00c7ift\u00e7ilerin Yan\u0131nda"},"content":{"rendered":"\n<p>Tar\u0131m kenti Mersin Erdemli&#8217;de \u00e7ift\u00e7iler \u00fcr\u00fcnlerinin dondan zarar g\u00f6rmemesi i\u00e7in zirai don n\u00f6beti tutuyor, Erdemli Belediyesi ekipleri don mesaisinde \u00e7ift\u00e7ileri yaln\u0131z b\u0131rakm\u0131yor. Erdemli Belediye Ba\u015fkan\u0131 Mustafa Kara \u00fcreticilerle birlikte n\u00f6bet tuttu, onlara s\u0131cak \u00e7orba ikram etti.<\/p>\n\n\n\n<p>T\u00fcrkiye genelinde etkisini artt\u0131ran so\u011fuk hava tar\u0131m kenti Erdemli&#8217;de kendini hissettiriyor. Erdemli&#8217;de 3 g\u00fcnd\u00fcr etkili olan zirai don nedeniyle \u00fcreticiler de gece yar\u0131s\u0131ndan itibaren sobalar\u0131n\u0131 yakarak n\u00f6bet tutmay\u0131 s\u00fcrd\u00fcrd\u00fc.<\/p>\n\n\n\n<p>\u00d6rt\u00fc alt\u0131nda domates \u00fcretiminde ilk s\u0131ralarda yer alan Erdemli&#8217;de t\u00fcm \u00fcreticiler sobalar\u0131n\u0131 yakt\u0131, sabaha kadar seralar\u0131n i\u00e7erisini s\u0131cak tutmaya \u00e7al\u0131\u015ft\u0131. Erdemli Belediye Ba\u015fkan\u0131 Mustafa Kara ve Limon \u00c7i\u00e7e\u011fi ekipleri gece boyunca \u00fcreticileri ziyaret edip, onlarla soba yakarak s\u0131cak \u00e7orba ikram etti.<\/p>\n\n\n\n<p><strong>&#8220;\u00c7ift\u00e7ilerimizin yan\u0131nday\u0131z&#8221;<\/strong><\/p>\n\n\n\n<p>Erdemli&#8217;de her daim \u00e7ift\u00e7ilerin yan\u0131nda oldu\u011funu ifade eden Erdemli Belediye Ba\u015fkan\u0131 Mustafa Kara, &#8220;Evet t\u00fcm T\u00fcrkiye`de so\u011fuk etkisini g\u00f6steriyor. Tar\u0131m\u0131n ba\u015fkenti Erdemlimizde \u015fuan Karake\u015fli mahallemizdeyiz. Domates \u00fcretiminin yo\u011fun olarak yap\u0131ld\u0131\u011f\u0131 bir mahallemizdeyiz, tabi Mersin dokuz farkl\u0131 \u00fcr\u00fcnde T\u00fcrkiye`de birinci s\u0131rada Erdemlide hem limon hem domates \u00f6zelinde birinci s\u0131rada olan il\u00e7emiz il\u00e7elerimizden bir tanesi. \u015euanda da don n\u00f6betinde olan \u00e7ift\u00e7ilerimizle birlikteyiz, Erdemli belediyesi olarak kendilerine \u00e7orba ikram\u0131nda bulunduk. Sabaha kadar onlarla birlikte olaca\u011f\u0131z her zaman Erdemli belediyesi olarak, tar\u0131m ve \u00e7ift\u00e7ilerimizin yan\u0131nday\u0131z&#8221; diye konu\u015ftu.<\/p>\n\n\n\n<p>Belediye Ba\u015fkan\u0131&#8217;n\u0131n kendileriyle n\u00f6bet tutmas\u0131na memnuniyetini ifade eden \u00fcretici H\u00fcseyin Y\u0131ld\u0131r\u0131m, &#8220;A\u015f\u0131r\u0131 derecede so\u011fuk var, sobalar\u0131 yak\u0131yoruz normal dikimlerimiz var. T\u00fcrkiye&#8217;ye domates yeti\u015ftirmek i\u00e7in elimizden gelen \u00e7abay\u0131 sarf ediyoruz. Sobalar\u0131m\u0131z\u0131 yakt\u0131k seram\u0131z\u0131n i\u00e7ine bir birka\u00e7 tane arkada\u015f geldi, bakt\u0131k ki Mustafa Kara ba\u015fkan\u0131m\u0131z &#8216;ne yap\u0131yorsunuz arkada\u015flar, i\u015fte ba\u015fkan\u0131m domatesleri zirai dondan korumak i\u00e7in m\u00fccadele veriyoruz, &#8216;bende sizinle beraberim. B\u00fct\u00fcn Erdemlideki \u00e7ift\u00e7ileri ziyaret ediyorum&#8217; dedi. Allah kedisinden raz\u0131 olsun, bug\u00fcne kadar kar\u015f\u0131la\u015fmad\u0131\u011f\u0131m\u0131z bir olay bir Belediye Ba\u015fkan\u0131 s\u0131cak yata\u011f\u0131ndan kalkm\u0131\u015f gelmi\u015f bizlerle soba yak\u0131yor&#8221; diye konu\u015ftu.<\/p>\n\n\n\n<p>\u00d6te yandan meteorolojide Adana, Mersin i\u00e7in zirai don uyar\u0131s\u0131n\u0131 yenileyerek tedbirlerin Sal\u0131 g\u00fcn\u00fcnde kadar devam etmesini istedi.<\/p>\n","protected":false},"excerpt":{"rendered":"<p>Tar\u0131m kenti Mersin Erdemli&#8217;de \u00e7ift\u00e7iler \u00fcr\u00fcnlerinin dondan zarar g\u00f6rmemesi i\u00e7in zirai don n\u00f6beti tutuyor, Erdemli Belediyesi ekipleri don mesaisinde \u00e7ift\u00e7ileri yaln\u0131z b\u0131rakm\u0131yor. Erdemli Belediye Ba\u015fkan\u0131 Mustafa Kara \u00fcreticilerle birlikte n\u00f6bet tuttu, onlara s\u0131cak \u00e7orba ikram etti. T\u00fcrkiye genelinde etkisini artt\u0131ran so\u011fuk hava tar\u0131m kenti Erdemli&#8217;de kendini hissettiriyor. Erdemli&#8217;de 3 g\u00fcnd\u00fcr etkili olan zirai don nedeniyle [&hellip;]<\/p>\n","protected":false},"author":2,"featured_media":39972,"comment_status":"closed","ping_status":"closed","sticky":false,"template":"","format":"standard","meta":{"footnotes":""},"categories":[3],"tags":[],"class_list":["post-39971","post","type-post","status-publish","format-standard","has-post-thumbnail","hentry","category-manset"],"views":8,"_links":{"self":[{"href":"https:\/\/mersinkadingazetesi.com\/index.php?rest_route=\/wp\/v2\/posts\/39971"}],"collection":[{"href":"https:\/\/mersinkadingazetesi.com\/index.php?rest_route=\/wp\/v2\/posts"}],"about":[{"href":"https:\/\/mersinkadingazetesi.com\/index.php?rest_route=\/wp\/v2\/types\/post"}],"author":[{"embeddable":true,"href":"https:\/\/mersinkadingazetesi.com\/index.php?rest_route=\/wp\/v2\/users\/2"}],"replies":[{"embeddable":true,"href":"https:\/\/mersinkadingazetesi.com\/index.php?rest_route=%2Fwp%2Fv2%2Fcomments&post=39971"}],"version-history":[{"count":1,"href":"https:\/\/mersinkadingazetesi.com\/index.php?rest_route=\/wp\/v2\/posts\/39971\/revisions"}],"predecessor-version":[{"id":39973,"href":"https:\/\/mersinkadingazetesi.com\/index.php?rest_route=\/wp\/v2\/posts\/39971\/revisions\/39973"}],"wp:featuredmedia":[{"embeddable":true,"href":"https:\/\/mersinkadingazetesi.com\/index.php?rest_route=\/wp\/v2\/media\/39972"}],"wp:attachment":[{"href":"https:\/\/mersinkadingazetesi.com\/index.php?rest_route=%2Fwp%2Fv2%2Fmedia&parent=39971"}],"wp:term":[{"taxonomy":"category","embeddable":true,"href":"https:\/\/mersinkadingazetesi.com\/index.php?rest_route=%2Fwp%2Fv2%2Fcategories&post=39971"},{"taxonomy":"post_tag","embeddable":true,"href":"https:\/\/mersinkadingazetesi.com\/index.php?rest_route=%2Fwp%2Fv2%2Ftags&post=39971"}],"curies":[{"name":"wp","href":"https:\/\/api.w.org\/{rel}","templated":true}]}}