{"id":39998,"date":"2025-02-24T12:23:38","date_gmt":"2025-02-24T09:23:38","guid":{"rendered":"https:\/\/mersinkadingazetesi.com\/?p=39998"},"modified":"2025-02-24T12:23:38","modified_gmt":"2025-02-24T09:23:38","slug":"muzda-liderligi-antalyaya-kaptirdik","status":"publish","type":"post","link":"https:\/\/mersinkadingazetesi.com\/?p=39998","title":{"rendered":"&#8216;MUZDA L\u0130DERL\u0130\u011e\u0130\u00a0ANTALYA&#8217;YA\u00a0KAPTIRDIK!&#8217;"},"content":{"rendered":"\n<p>Mersin Ticaret&nbsp;Borsas\u0131&nbsp;Ba\u015fkan\u0131 \u00d6. Abdullah \u00d6zdemir,&nbsp;Mersin&#8217;in 2024 Y\u0131l\u0131nda ger\u00e7ekle\u015ftirdi\u011fi &#8216;Meyve-Sebze \u00dcretimi&#8217; hakk\u0131nda de\u011ferlendirmelerde&nbsp;bulundu.&nbsp;T\u00fcrkiye&#8217;nin, 2024 y\u0131l\u0131nda 137 milyon ton bitkisel \u00fcretim ger\u00e7ekle\u015ftirdi\u011fini s\u00f6yleyen&nbsp;\u00d6zdemir, &#8220;Bunun 62 milyon tonluk b\u00f6l\u00fcm\u00fcn\u00fc, y\u00fczde 45\u2019ini meyve ve sebze olu\u015fturdu. T\u00dc\u0130K il bazl\u0131 \u00fcretim verilerini de payla\u015ft\u0131. \u0130limizin mevcut durumu ve gelece\u011fe y\u00f6nelik olarak \u00e7izilmesi gereken yol haritas\u0131 a\u00e7\u0131s\u0131ndan bu istatistiklerin iyi analiz edilmesi gerekti\u011fini d\u00fc\u015f\u00fcn\u00fcyorum.&nbsp;\u00dclkemizin ger\u00e7ekle\u015ftirdi\u011fi 62 milyon tonluk meyve ve sebze \u00fcretiminin 28,4 milyon tonluk b\u00f6l\u00fcm\u00fcn\u00fc meyve olu\u015fturuyor. Mersin ise y\u00fczde 12,8\u2019lik pay ile T\u00fcrkiye\u2019de ilk s\u0131rada yer al\u0131yor. Mersin, \u015fu anda dokuz meyvenin \u00fcretiminde birinci iken yine dokuz meyvede en fazla \u00fcretim yapan ikinci il konumundad\u0131r. Buna kar\u015f\u0131n, ilimizin 2023 y\u0131l\u0131nda y\u00fczde 13,4 olan meyve \u00fcretimindeki pay\u0131 y\u00fczde 12,8\u2019e gerilerken, en \u00f6nemli \u00fcretim kalemlerimizden biri olan muzda, liderli\u011fi Antalya\u2019ya kapt\u0131rm\u0131\u015ft\u0131r.&#8221; dedi.<\/p>\n\n\n\n<p>&#8220;Mersin\u2019in sebze \u00fcretimi y\u00fczde 16,2 azal\u0131\u015f g\u00f6sterdi&#8221;<\/p>\n\n\n\n<p>T\u00fcrkiye\u2019nin sebze \u00fcretiminin ise 33,6 milyon ton olarak ger\u00e7ekle\u015fti\u011fini anlatan&nbsp;\u00d6zdemir, &#8220;Mersin, y\u00fczde 5,7\u2019lik oran ile \u00fclkemizde d\u00f6rd\u00fcnc\u00fc s\u0131radad\u0131r. \u0130limiz sadece tek bir \u00fcr\u00fcnde ilk s\u0131rada yer al\u0131rken, yedi \u00fcr\u00fcn\u00fcn \u00fcretiminde ikincidir. 2022 y\u0131l\u0131nda y\u00fczde 7,3\u2019l\u00fck pay ile T\u00fcrkiye sebze \u00fcretiminde ikinci olan Mersin\u2019in, 2023 y\u0131l\u0131nda y\u00fczde 6,6\u2019l\u0131k pay ile \u00fc\u00e7\u00fcnc\u00fcl\u00fc\u011fe ve 2024 y\u0131l\u0131nda y\u00fczde 5,7\u2019lik oran ile d\u00f6rd\u00fcnc\u00fcl\u00fc\u011fe geriledi\u011fi dikkat \u00e7ekmektedir. \u0130lgili d\u00f6nemde, \u00fclkemizin sebze \u00fcretimi y\u00fczde 6,3\u2019l\u00fck art\u0131\u015f sa\u011flarken, Mersin\u2019in sebze \u00fcretimi ise y\u00fczde 16,2 azal\u0131\u015f g\u00f6stermi\u015ftir. Bu d\u00fc\u015f\u00fc\u015f\u00fcn nedenleri iyi ara\u015ft\u0131r\u0131lmal\u0131d\u0131r.&nbsp;Bu veriler do\u011frultusunda Mersin tar\u0131m ve g\u0131da sekt\u00f6r\u00fcn\u00fcn gelece\u011fi a\u00e7\u0131s\u0131ndan iki ayakl\u0131 bir politika belirlenmesi gerekti\u011fini d\u00fc\u015f\u00fcn\u00fcyorum. \u0130lk olarak, meyve ve sebze sekt\u00f6r\u00fc ilimizin hem \u00fcretim hem de ihracat a\u00e7\u0131s\u0131ndan temel yap\u0131 ta\u015flar\u0131ndand\u0131r. \u0130limiz, narenciye ile ya\u015f meyve ve sebze ihracat\u0131nda liderdir. Bu \u00fcr\u00fcnlerde ilimiz ekonomisinin kan kayb\u0131na tahamm\u00fcl\u00fc olmad\u0131\u011f\u0131 gibi, ihracat y\u00f6n\u00fcnden de meyve ve sebzelerin sofral\u0131k olarak ihracat\u0131 yeterli de\u011fildir. Y\u0131llard\u0131r dile getirdi\u011fimiz ama yeterli ad\u0131mlar\u0131n at\u0131lmad\u0131\u011f\u0131, katma de\u011ferli meyve ve sebze \u00fcr\u00fcnleri (meyve suyu, konserve, kuru meyveler, meyve-sebze mamulleri, re\u00e7el, marmelat vb.) i\u00e7in ilgili Bakanl\u0131k ve kurumlar\u0131m\u0131z ile zaman kaybetmeden bir yol haritas\u0131 belirlenmelidir.&#8221; \u015feklinde&nbsp;konu\u015ftu.<\/p>\n\n\n\n<p>&#8220;Ayn\u0131 \u00fcretim ve ihracat bak\u0131\u015f a\u00e7\u0131s\u0131yla rekabet\u00e7i olmam\u0131z m\u00fcmk\u00fcn de\u011fil&#8221;<\/p>\n\n\n\n<p>\u0130kinci olarak, uzun y\u0131llar \u00f6ncesiyle k\u0131yasland\u0131\u011f\u0131nda hemen hemen ayn\u0131 kalan mevcut \u00fcr\u00fcn deseninin yeniden ele al\u0131nmas\u0131 gerekti\u011fini&nbsp;vurgulayan&nbsp;\u00d6zdemir, &#8220;Ayn\u0131 \u00fcretim ve ihracat bak\u0131\u015f a\u00e7\u0131s\u0131yla rekabet\u00e7i olmam\u0131z m\u00fcmk\u00fcn de\u011fildir. Tropikal ve subtropikal \u00fcr\u00fcnlerden ilimiz co\u011frafyas\u0131na uygun \u00f6zellik ta\u015f\u0131yanlar, yeni bir alternatif olabilir. De\u011fi\u015ftirilmesi ve geni\u015fletilmesi gereken \u00fcr\u00fcn desenimiz, i\u00e7 t\u00fcketim ihtiyac\u0131n\u0131 kar\u015f\u0131laman\u0131n yan\u0131nda d\u0131\u015f pazarlarda talep g\u00f6ren t\u00fcrlere de y\u00f6nelik olmal\u0131d\u0131r.&nbsp;\u0130klim de\u011fi\u015fikli\u011finin artan etkilerini, kentsel n\u00fcfustaki art\u0131\u015f h\u0131z\u0131n\u0131, tar\u0131m ve g\u0131da sekt\u00f6r\u00fcnde \u00fclkeler aras\u0131nda daha da k\u0131z\u0131\u015facak olan rekabet ortam\u0131n\u0131 vb. fakt\u00f6rleri \u00f6n\u00fcm\u00fczdeki y\u0131llarda daha fazla g\u00f6rme olas\u0131l\u0131\u011f\u0131m\u0131z y\u00fcksektir. \u00dclkemizin tar\u0131msal has\u0131las\u0131na b\u00fcy\u00fck katk\u0131 sunan ve tar\u0131msal ihracat\u0131n\u0131n y\u00fczde 12,3\u2019\u00fcn\u00fc ger\u00e7ekle\u015ftirerek \u00fc\u00e7\u00fcnc\u00fc s\u0131rada bulunan ilimizin \u00fclke ekonomisine \u00e7ok daha fazla katk\u0131 sunma potansiyeli bulunmaktad\u0131r. Devletimizden beklentimiz, bu potansiyelin de\u011ferlendirilmesi i\u00e7in ilimize y\u00f6nelik bir geli\u015fim stratejisi olu\u015fturulmas\u0131 ve ivedilikle uygulanmas\u0131d\u0131r.&#8221; ifadelerini&nbsp;kulland\u0131.<\/p>\n","protected":false},"excerpt":{"rendered":"<p>Mersin Ticaret&nbsp;Borsas\u0131&nbsp;Ba\u015fkan\u0131 \u00d6. Abdullah \u00d6zdemir,&nbsp;Mersin&#8217;in 2024 Y\u0131l\u0131nda ger\u00e7ekle\u015ftirdi\u011fi &#8216;Meyve-Sebze \u00dcretimi&#8217; hakk\u0131nda de\u011ferlendirmelerde&nbsp;bulundu.&nbsp;T\u00fcrkiye&#8217;nin, 2024 y\u0131l\u0131nda 137 milyon ton bitkisel \u00fcretim ger\u00e7ekle\u015ftirdi\u011fini s\u00f6yleyen&nbsp;\u00d6zdemir, &#8220;Bunun 62 milyon tonluk b\u00f6l\u00fcm\u00fcn\u00fc, y\u00fczde 45\u2019ini meyve ve sebze olu\u015fturdu. T\u00dc\u0130K il bazl\u0131 \u00fcretim verilerini de payla\u015ft\u0131. \u0130limizin mevcut durumu ve gelece\u011fe y\u00f6nelik olarak \u00e7izilmesi gereken yol haritas\u0131 a\u00e7\u0131s\u0131ndan bu istatistiklerin iyi analiz [&hellip;]<\/p>\n","protected":false},"author":2,"featured_media":30002,"comment_status":"closed","ping_status":"closed","sticky":false,"template":"","format":"standard","meta":{"footnotes":""},"categories":[8,34,1,3,5],"tags":[],"class_list":["post-39998","post","type-post","status-publish","format-standard","has-post-thumbnail","hentry","category-ekonomi","category-flas-haber","category-genel","category-manset","category-mersin"],"views":11,"_links":{"self":[{"href":"https:\/\/mersinkadingazetesi.com\/index.php?rest_route=\/wp\/v2\/posts\/39998"}],"collection":[{"href":"https:\/\/mersinkadingazetesi.com\/index.php?rest_route=\/wp\/v2\/posts"}],"about":[{"href":"https:\/\/mersinkadingazetesi.com\/index.php?rest_route=\/wp\/v2\/types\/post"}],"author":[{"embeddable":true,"href":"https:\/\/mersinkadingazetesi.com\/index.php?rest_route=\/wp\/v2\/users\/2"}],"replies":[{"embeddable":true,"href":"https:\/\/mersinkadingazetesi.com\/index.php?rest_route=%2Fwp%2Fv2%2Fcomments&post=39998"}],"version-history":[{"count":1,"href":"https:\/\/mersinkadingazetesi.com\/index.php?rest_route=\/wp\/v2\/posts\/39998\/revisions"}],"predecessor-version":[{"id":39999,"href":"https:\/\/mersinkadingazetesi.com\/index.php?rest_route=\/wp\/v2\/posts\/39998\/revisions\/39999"}],"wp:featuredmedia":[{"embeddable":true,"href":"https:\/\/mersinkadingazetesi.com\/index.php?rest_route=\/wp\/v2\/media\/30002"}],"wp:attachment":[{"href":"https:\/\/mersinkadingazetesi.com\/index.php?rest_route=%2Fwp%2Fv2%2Fmedia&parent=39998"}],"wp:term":[{"taxonomy":"category","embeddable":true,"href":"https:\/\/mersinkadingazetesi.com\/index.php?rest_route=%2Fwp%2Fv2%2Fcategories&post=39998"},{"taxonomy":"post_tag","embeddable":true,"href":"https:\/\/mersinkadingazetesi.com\/index.php?rest_route=%2Fwp%2Fv2%2Ftags&post=39998"}],"curies":[{"name":"wp","href":"https:\/\/api.w.org\/{rel}","templated":true}]}}