{"id":40000,"date":"2025-02-24T12:47:52","date_gmt":"2025-02-24T09:47:52","guid":{"rendered":"https:\/\/mersinkadingazetesi.com\/?p=40000"},"modified":"2025-02-24T12:47:53","modified_gmt":"2025-02-24T09:47:53","slug":"ekmen-mersin-sanayi-odasinin-kurulmasi-sektoru-guclendirir","status":"publish","type":"post","link":"https:\/\/mersinkadingazetesi.com\/?p=40000","title":{"rendered":"\u00a0EKMEN: Mersin Sanayi Odas\u0131&#8217;n\u0131n kurulmas\u0131 sekt\u00f6r\u00fc g\u00fc\u00e7lendirir"},"content":{"rendered":"\n<p><strong>DEVA Partisi Genel Ba\u015fkan Yard\u0131mc\u0131s\u0131 ve Mersin Milletvekili Mehmet Emin Ekmen, Mersin&#8217;de ger\u00e7ekle\u015ftirmi\u015f oldu\u011fu ziyaretler kapsam\u0131nda Sanayi Odas\u0131&#8217;n\u0131n kurulmas\u0131 \u00e7al\u0131\u015fmalar\u0131 hakk\u0131nda isti\u015fare i\u00e7in Say\u0131n Mahmut Arslan&#8217;\u0131 ziyaret etti.<\/strong><\/p>\n\n\n\n<p>DEVA Partisi Genel Ba\u015fkan Yard\u0131mc\u0131s\u0131 ve Mersin Milletvekili Mehmet Emin Ekmen; Mersin&#8217;de sanayi odas\u0131n\u0131n kurulmas\u0131n\u0131n sanayiyi, sivil toplumu ve il lobisini g\u00fc\u00e7lendirebilece\u011fine de\u011findi.<\/p>\n\n\n\n<p><strong>Ekmen&#8217;den, Mahmut Arslan&#8217;a Ziyaret<\/strong><\/p>\n\n\n\n<p>DEVA Partisi Mersin \u0130l Ba\u015fkan\u0131 Taner I\u015f\u0131kbay ile Arbel Kurucu Ba\u015fkan\u0131 ve Sanayi Odas\u0131&#8217;n\u0131n kurulmas\u0131na ve gerekli imza say\u0131s\u0131na ula\u015f\u0131lmas\u0131na dair \u00e7al\u0131\u015fmalar\u0131 y\u00fcr\u00fcten kurucu sekretarya grubundan Mahmut Arslan&#8217;\u0131 ziyaret eden Ekmen, &#8220;Sanayi Odas\u0131 ile birlikte Mersin&#8217;in g\u00fc\u00e7l\u00fc sanayi altyap\u0131s\u0131, kentsel kalk\u0131nma ve i\u015f g\u00fcc\u00fc piyasas\u0131na dair g\u00fcndemler g\u00fc\u00e7lenecek, sanayi odakl\u0131 yakla\u015f\u0131mlar ve sanayinin b\u00fcy\u00fcmesiyle birlikte ise Mersin\u2019in ekonomik potansiyeli daha da artacakt\u0131r&#8221; a\u00e7\u0131klamalar\u0131nda bulundu.<\/p>\n\n\n\n<p><strong>Mersin&#8217;in ekonomisi hak etti\u011fi noktaya ula\u015facakt\u0131r<\/strong><\/p>\n\n\n\n<p>Sanayi Odas\u0131\u2019n\u0131n kurulmas\u0131 ile birlikte Mersin&#8217;in sivil toplum ve ekonomik g\u00fcndeminde canlanma bekledi\u011fini belirten Ekmen, &#8220;\u00dcretim, istihdam, yat\u0131r\u0131m ve ihracat a\u00e7\u0131s\u0131ndan do\u011fru bir \u00f6nceliklendirme \u015f\u00fcphesiz \u00fclke ekonomisine de katk\u0131 sa\u011flayacakt\u0131r. Bu s\u00fcrecin sa\u011fduyu ve i\u015f birli\u011fi \u00e7er\u00e7evesi i\u00e7erisinde y\u00f6netilece\u011fine ve sonucunun ilimiz ve \u00fclkemiz i\u00e7in hay\u0131rl\u0131 olaca\u011f\u0131na inan\u0131yorum. \u00dcretim ekonomisini g\u00fc\u00e7lendirmek i\u00e7in elini ta\u015f\u0131n alt\u0131na koyan i\u015f adamlar\u0131m\u0131za te\u015fekk\u00fcr ediyorum&#8221; dedi.<\/p>\n\n\n\n<p><strong>\u0130\u015f birli\u011fi ve kent lobisi b\u00fcy\u00fck ihtiya\u00e7<\/strong><\/p>\n\n\n\n<p>\u0130\u015f birli\u011finin \u00f6nemine dikkat \u00e7eken Ekmen, \u201cMersin&#8217;in ba\u015fta sanayi, sonras\u0131nda tar\u0131m, lojistik, turizm hedeflerine ula\u015fabilmesi i\u00e7in valilik, yerel y\u00f6netimler, meslek \u00f6rg\u00fctleri ve sivil toplum ile 13 milletvekilinin bir isti\u015fare zemininde bulu\u015fulmas\u0131 \u015f\u00fcphesiz ilimiz ad\u0131na \u00e7ok \u00f6nemli bir i\u015f birli\u011fi ve lobi zeminidir&#8221; ifadelerini kulland\u0131.<\/p>\n","protected":false},"excerpt":{"rendered":"<p>DEVA Partisi Genel Ba\u015fkan Yard\u0131mc\u0131s\u0131 ve Mersin Milletvekili Mehmet Emin Ekmen, Mersin&#8217;de ger\u00e7ekle\u015ftirmi\u015f oldu\u011fu ziyaretler kapsam\u0131nda Sanayi Odas\u0131&#8217;n\u0131n kurulmas\u0131 \u00e7al\u0131\u015fmalar\u0131 hakk\u0131nda isti\u015fare i\u00e7in Say\u0131n Mahmut Arslan&#8217;\u0131 ziyaret etti. DEVA Partisi Genel Ba\u015fkan Yard\u0131mc\u0131s\u0131 ve Mersin Milletvekili Mehmet Emin Ekmen; Mersin&#8217;de sanayi odas\u0131n\u0131n kurulmas\u0131n\u0131n sanayiyi, sivil toplumu ve il lobisini g\u00fc\u00e7lendirebilece\u011fine de\u011findi. Ekmen&#8217;den, Mahmut Arslan&#8217;a Ziyaret [&hellip;]<\/p>\n","protected":false},"author":2,"featured_media":40001,"comment_status":"closed","ping_status":"closed","sticky":false,"template":"","format":"standard","meta":{"footnotes":""},"categories":[8,2,3,5],"tags":[],"class_list":["post-40000","post","type-post","status-publish","format-standard","has-post-thumbnail","hentry","category-ekonomi","category-gundem","category-manset","category-mersin"],"views":6,"_links":{"self":[{"href":"https:\/\/mersinkadingazetesi.com\/index.php?rest_route=\/wp\/v2\/posts\/40000"}],"collection":[{"href":"https:\/\/mersinkadingazetesi.com\/index.php?rest_route=\/wp\/v2\/posts"}],"about":[{"href":"https:\/\/mersinkadingazetesi.com\/index.php?rest_route=\/wp\/v2\/types\/post"}],"author":[{"embeddable":true,"href":"https:\/\/mersinkadingazetesi.com\/index.php?rest_route=\/wp\/v2\/users\/2"}],"replies":[{"embeddable":true,"href":"https:\/\/mersinkadingazetesi.com\/index.php?rest_route=%2Fwp%2Fv2%2Fcomments&post=40000"}],"version-history":[{"count":1,"href":"https:\/\/mersinkadingazetesi.com\/index.php?rest_route=\/wp\/v2\/posts\/40000\/revisions"}],"predecessor-version":[{"id":40002,"href":"https:\/\/mersinkadingazetesi.com\/index.php?rest_route=\/wp\/v2\/posts\/40000\/revisions\/40002"}],"wp:featuredmedia":[{"embeddable":true,"href":"https:\/\/mersinkadingazetesi.com\/index.php?rest_route=\/wp\/v2\/media\/40001"}],"wp:attachment":[{"href":"https:\/\/mersinkadingazetesi.com\/index.php?rest_route=%2Fwp%2Fv2%2Fmedia&parent=40000"}],"wp:term":[{"taxonomy":"category","embeddable":true,"href":"https:\/\/mersinkadingazetesi.com\/index.php?rest_route=%2Fwp%2Fv2%2Fcategories&post=40000"},{"taxonomy":"post_tag","embeddable":true,"href":"https:\/\/mersinkadingazetesi.com\/index.php?rest_route=%2Fwp%2Fv2%2Ftags&post=40000"}],"curies":[{"name":"wp","href":"https:\/\/api.w.org\/{rel}","templated":true}]}}