{"id":40003,"date":"2025-02-24T14:15:54","date_gmt":"2025-02-24T11:15:54","guid":{"rendered":"https:\/\/mersinkadingazetesi.com\/?p=40003"},"modified":"2025-02-24T14:15:54","modified_gmt":"2025-02-24T11:15:54","slug":"sanayi-ve-teknoloji-bakan-yardimcisi-ve-osbuk-baskanindan-tuiosbye-bir-dizi-ziyaret","status":"publish","type":"post","link":"https:\/\/mersinkadingazetesi.com\/?p=40003","title":{"rendered":"Sanayi ve Teknoloji Bakan Yard\u0131mc\u0131s\u0131 ve OSB\u00dcK Ba\u015fkan\u0131\u2019ndan T\u00dc\u0130OSB\u2019ye bir dizi ziyaret\u2026"},"content":{"rendered":"\n<p>Son g\u00fcnlerde, T\u00dc\u0130OSB\u2019ye en \u00fcst d\u00fczeyde ziyaretler ger\u00e7ekle\u015fiyor. T\u00fcrkiye\u2019de bir ilki ger\u00e7ekle\u015ftiren, Ye\u015fil Do\u011fan ve \u0130kiz D\u00f6n\u00fc\u015f\u00fcm mottolar\u0131yla kurulan T\u00dc\u0130OSB\u2019ye ilgi giderek art\u0131yor. Sanayi b\u00f6lgelerinden sorumlu Sanayi ve Teknoloji Bakan Yard\u0131mc\u0131s\u0131 Oru\u00e7 Baba \u0130nan\u2019\u0131n ziyaretinin ard\u0131ndan Organize Sanayi B\u00f6lgeleri \u00dcst Kurulu\u015fu (OSB\u00dcK)Y\u00f6netim Kurulu Ba\u015fkan\u0131 Memi\u015f K\u00fct\u00fckc\u00fc ve y\u00f6netim kurulu \u00fcyelerinin ziyaretleri g\u00f6zleri T\u00dc\u0130OSB\u2019ye \u00e7evirdi.<\/p>\n\n\n\n<p>T\u00dc\u0130OSB Ba\u015fkan\u0131 Aky\u00fcrek Balta, \u201c \u0130kiz d\u00f6n\u00fc\u015f\u00fcm\u00fc ger\u00e7ekle\u015ftiren bir OSB olarak kaydetti\u011fimiz ilerlemeler, \u00f6nemli bir etki alan\u0131 yaratt\u0131. T\u00dc\u0130OSB\u2019nin t\u00fcm alt yap\u0131 in\u015faatlar\u0131n\u0131n en ge\u00e7 y\u0131l sonunda tamamlanmas\u0131n\u0131 \u00f6ng\u00f6r\u00fcyoruz\u201d dedi.<\/p>\n\n\n\n<p>T\u00dc\u0130OSB Y\u00f6netim Kurulu Ba\u015fkan\u0131 G\u00fcl Aky\u00fcrek Balta, devletin en \u00fcst d\u00fczeyde ilgi g\u00f6stermesiyle alakal\u0131 olarak \u015funlar\u0131 s\u00f6yledi: \u201cT\u00dc\u0130OSB\u2019nin ye\u015fil do\u011fan ilk OSB olmas\u0131 ve End\u00fcstri 4.0 felsefesine uygun olarak dijital ve ye\u015fil d\u00f6n\u00fc\u015f\u00fcm\u00fc ger\u00e7ekle\u015ftirmesi bu ilginin as\u0131l nedenidir. Sanayi ve Teknoloji Bakan Yard\u0131mc\u0131m\u0131z Say\u0131n Oru\u00e7 Baba \u0130nan\u2019\u0131n ziyareti bizi memnun etti. \u00d6zellikle, sahada t\u00fcm geli\u015fmeleri yerinde incelemesi ve s\u00fcre\u00e7lerin h\u0131zlanmas\u0131 i\u00e7in bize verdi\u011fi destek, ayn\u0131 zamanda sanayimizin geli\u015fmesine verilmi\u015f bir destektir.\u201d<\/p>\n\n\n\n<p><strong>Ba\u015fkan Balta: \u0130kiz D\u00f6n\u00fc\u015f\u00fcm T\u00fcrk Sanayisinin Gelece\u011fidir<\/strong><\/p>\n\n\n\n<p>\u201cSanayimizin gelecek d\u00f6nemde ihracatta rekabet\u00e7i olabilmesi ve uluslararas\u0131 pazarlarda yer bulabilmesi i\u00e7in ikiz d\u00f6n\u00fc\u015f\u00fcm\u00fcn t\u00fcm OSB\u2019ler taraf\u0131ndan ger\u00e7ekle\u015ftirilmesi \u00e7ok \u00f6nemli. \u00c7\u00fcnk\u00fc \u0130kiz D\u00f6n\u00fc\u015f\u00fcm T\u00fcrk Sanayisinin Gelece\u011fidir\u201d diyen Ba\u015fkan Balta, &nbsp;bu anlamda OSB\u00dcK Y\u00f6netim Kurulu Ba\u015fkan\u0131 Memi\u015f K\u00fct\u00fckc\u00fc\u2019n\u00fcn ve beraberindeki OSB\u00dcK Y\u00f6netim Kurulu \u00dcyelerinin ziyaretlerinin \u00e7ok anlaml\u0131 oldu\u011funu s\u00f6yledi.<\/p>\n\n\n\n<p>T\u00dc\u0130OSB Ba\u015fkan\u0131 G\u00fcl Aky\u00fcrek Balta S\u00f6zlerine \u015f\u00f6yle devam etti: \u201cOSB\u00dcK Ba\u015fkan\u0131m\u0131z Say\u0131n K\u00fct\u00fckc\u00fc, t\u00fcm T\u00fcrkiye\u2019deki OSB\u2019lerin ye\u015fil d\u00f6n\u00fc\u015f\u00fcm\u00fc i\u00e7in OSB\u00dcK b\u00fcnyesinde ciddi \u00e7al\u0131\u015fmalar yap\u0131yor. Bu alanda da \u00f6nemli ilerlemeler kaydediyor. Sahada OSB\u2019lerimizi ziyaret etti\u011finizde, bunun g\u00f6stergelerini rahatl\u0131kla g\u00f6rebilirsiniz.\u201d<\/p>\n\n\n\n<p><strong>Sanayimizin ve \u0130stihdam\u0131m\u0131z\u0131n En \u00d6nemli G\u00fcc\u00fc OSB\u2019ler oldu.<\/strong><\/p>\n\n\n\n<p>Sanayinin ve istihdam\u0131n en \u00f6nemli g\u00fcc\u00fcn\u00fcn OSB\u2019ler oldu\u011funu s\u00f6yleyen Ba\u015fkan Balta, \u201cBa\u015fkan\u0131m\u0131z K\u00fct\u00fckc\u00fc ve y\u00f6netim kurulu \u00fcyelerimizin OSB\u00dcK Ola\u011fan Y\u00f6netim Kurulu toplant\u0131s\u0131n\u0131 Mersin\u2019e alarak hem T\u00dc\u0130OSB\u2019yi yerinde incelemek hem de b\u00f6lgemizde bulunan di\u011fer OSB\u2019leri ziyaret ederek, ticari ve \u00fcretim kapasitelerini incelemesi, konuya verilen \u00f6nemin bir g\u00f6stergesi olmu\u015ftur\u201d diye konu\u015ftu.<\/p>\n\n\n\n<p>T\u00dc\u0130OSB\u2019nin \u00f6nemli bir bilgi birikimi olu\u015fturdu\u011funu ve bu tecr\u00fcbenin di\u011fer OSB\u2019lere aktar\u0131laca\u011f\u0131n\u0131 vurgulayan Ba\u015fkan Balta \u015fu bilgileri verdi: Bu tecr\u00fcbelerle birlikte, ilerleyen y\u0131llarda; T\u00dc\u0130OSB gibi pek \u00e7ok Ye\u015fil Do\u011fan OSB\u2019miz olacak. Bu a\u00e7\u0131dan bak\u0131ld\u0131\u011f\u0131nda T\u00dc\u0130OSB \u00f6nemli bir deneyim ve bilgi maliyetini de \u00fcstlenmi\u015ftir. Sanayi ve Teknoloji Bakan yard\u0131mc\u0131m\u0131z Say\u0131n Oru\u00e7 Baba \u0130nan\u2019\u0131n akabinde OSB\u00dcK Y\u00f6netim Kurulu Ba\u015fkan\u0131 Say\u0131n Memi\u015f K\u00fct\u00fckc\u00fc\u2019n\u00fcn ziyaretinin T\u00fcrkiye\u2019nin ilerleyen s\u00fcre\u00e7te sanayimizin rotas\u0131yla ilgili \u00f6nemli ipu\u00e7lar\u0131 verdi\u011fini d\u00fc\u015f\u00fcn\u00fcyorum.\u201d<\/p>\n\n\n\n<p><strong>En Ge\u00e7 Y\u0131lsonunda Alt Yap\u0131 \u0130n\u015faatlar\u0131 Tamamlanacak<\/strong><\/p>\n\n\n\n<p>2018 y\u0131l\u0131nda, G\u00fcl Aky\u00fcrek Balta \u00f6nc\u00fcl\u00fc\u011f\u00fcnde kurulan T\u00dc\u0130OSB, T\u00fcrkiye\u2019nin ilk Ye\u015fil Do\u011fan OSB\u2019si olma \u00f6zelli\u011fini ta\u015f\u0131yor. T\u00dc\u0130OSB, End\u00fcstri 4.0 felsefesine uygun, AB Ye\u015fil Mutabakat\u0131n\u0131n t\u00fcm kriterlerini kar\u015f\u0131layan, ikiz d\u00f6n\u00fc\u015f\u00fcm\u00fc ger\u00e7ekle\u015ftiren bir OSB olarak kuruluyor. Hali haz\u0131rda alt yap\u0131 in\u015faatlar\u0131 devam eden ve en ge\u00e7 y\u0131l sonuna kadar bitmesi planlanan T\u00dc\u0130OSB\u2019de gelen yo\u011fun talepler \u00fczerine ek alan tahsisi yap\u0131ld\u0131. T\u00dc\u0130OSB;&nbsp; t\u00fcm s\u00fcre\u00e7ler tamamland\u0131\u011f\u0131nda, 100 fabrika ve 10 bini a\u015fan istihdam\u0131yla; T\u00fcrkiye\u2019nin ilk Ye\u015fil Eko Sistemine sahip OSB\u2019si olarak, \u00fcretim ekonomisinin \u00e7ok \u00f6nemli bir par\u00e7as\u0131 olarak faaliyet g\u00f6sterecek.<\/p>\n","protected":false},"excerpt":{"rendered":"<p>Son g\u00fcnlerde, T\u00dc\u0130OSB\u2019ye en \u00fcst d\u00fczeyde ziyaretler ger\u00e7ekle\u015fiyor. T\u00fcrkiye\u2019de bir ilki ger\u00e7ekle\u015ftiren, Ye\u015fil Do\u011fan ve \u0130kiz D\u00f6n\u00fc\u015f\u00fcm mottolar\u0131yla kurulan T\u00dc\u0130OSB\u2019ye ilgi giderek art\u0131yor. Sanayi b\u00f6lgelerinden sorumlu Sanayi ve Teknoloji Bakan Yard\u0131mc\u0131s\u0131 Oru\u00e7 Baba \u0130nan\u2019\u0131n ziyaretinin ard\u0131ndan Organize Sanayi B\u00f6lgeleri \u00dcst Kurulu\u015fu (OSB\u00dcK)Y\u00f6netim Kurulu Ba\u015fkan\u0131 Memi\u015f K\u00fct\u00fckc\u00fc ve y\u00f6netim kurulu \u00fcyelerinin ziyaretleri g\u00f6zleri T\u00dc\u0130OSB\u2019ye \u00e7evirdi. T\u00dc\u0130OSB [&hellip;]<\/p>\n","protected":false},"author":2,"featured_media":40004,"comment_status":"closed","ping_status":"closed","sticky":false,"template":"","format":"standard","meta":{"footnotes":""},"categories":[8,34,3,5],"tags":[],"class_list":["post-40003","post","type-post","status-publish","format-standard","has-post-thumbnail","hentry","category-ekonomi","category-flas-haber","category-manset","category-mersin"],"views":22,"_links":{"self":[{"href":"https:\/\/mersinkadingazetesi.com\/index.php?rest_route=\/wp\/v2\/posts\/40003"}],"collection":[{"href":"https:\/\/mersinkadingazetesi.com\/index.php?rest_route=\/wp\/v2\/posts"}],"about":[{"href":"https:\/\/mersinkadingazetesi.com\/index.php?rest_route=\/wp\/v2\/types\/post"}],"author":[{"embeddable":true,"href":"https:\/\/mersinkadingazetesi.com\/index.php?rest_route=\/wp\/v2\/users\/2"}],"replies":[{"embeddable":true,"href":"https:\/\/mersinkadingazetesi.com\/index.php?rest_route=%2Fwp%2Fv2%2Fcomments&post=40003"}],"version-history":[{"count":1,"href":"https:\/\/mersinkadingazetesi.com\/index.php?rest_route=\/wp\/v2\/posts\/40003\/revisions"}],"predecessor-version":[{"id":40005,"href":"https:\/\/mersinkadingazetesi.com\/index.php?rest_route=\/wp\/v2\/posts\/40003\/revisions\/40005"}],"wp:featuredmedia":[{"embeddable":true,"href":"https:\/\/mersinkadingazetesi.com\/index.php?rest_route=\/wp\/v2\/media\/40004"}],"wp:attachment":[{"href":"https:\/\/mersinkadingazetesi.com\/index.php?rest_route=%2Fwp%2Fv2%2Fmedia&parent=40003"}],"wp:term":[{"taxonomy":"category","embeddable":true,"href":"https:\/\/mersinkadingazetesi.com\/index.php?rest_route=%2Fwp%2Fv2%2Fcategories&post=40003"},{"taxonomy":"post_tag","embeddable":true,"href":"https:\/\/mersinkadingazetesi.com\/index.php?rest_route=%2Fwp%2Fv2%2Ftags&post=40003"}],"curies":[{"name":"wp","href":"https:\/\/api.w.org\/{rel}","templated":true}]}}