{"id":40031,"date":"2025-02-25T11:32:03","date_gmt":"2025-02-25T08:32:03","guid":{"rendered":"https:\/\/mersinkadingazetesi.com\/?p=40031"},"modified":"2025-02-25T11:32:06","modified_gmt":"2025-02-25T08:32:06","slug":"chpli-gulcan-kistan-cukurova-icin-hamle-bolge-afet-alani-ilan-edilmeli","status":"publish","type":"post","link":"https:\/\/mersinkadingazetesi.com\/?p=40031","title":{"rendered":"CHP&#8217;li G\u00fclcan K\u0131\u015f&#8217;tan \u00c7ukurova \u0130\u00e7in Hamle: &#8220;B\u00f6lge Afet Alan\u0131 \u0130lan Edilmeli!&#8221;"},"content":{"rendered":"\n<p>CHP Mersin Milletvekili G\u00fclcan K\u0131\u015f, \u00c7ukurova B\u00f6lgesi&#8217;nde 2025 y\u0131l\u0131 \u015eubat ay\u0131nda ya\u015fanan \u015fiddetli don olaylar\u0131n\u0131n yaratt\u0131\u011f\u0131 b\u00fcy\u00fck ekonomik tahribat\u0131n giderilmesi amac\u0131yla T\u00fcrkiye B\u00fcy\u00fck Millet Meclisi&#8217;ne (TBMM) kanun teklifi sundu.<\/p>\n\n\n\n<p>Teklifte, ba\u015fta Mersin olmak \u00fczere Adana ve Antalya&#8217;y\u0131 da kapsayan \u00c7ukurova B\u00f6lgesi&#8217;nin afet b\u00f6lgesi ilan edilmesi, \u00e7ift\u00e7ilerin Ziraat Bankas\u0131 ve Tar\u0131m Kredi Kooperatifleri&#8217;ne olan tar\u0131msal kredi bor\u00e7lar\u0131n\u0131n faizsiz olarak iki y\u0131l s\u00fcreyle ertelenmesi ve 60 aya kadar yap\u0131land\u0131r\u0131lmas\u0131 \u00f6ng\u00f6r\u00fcl\u00fcyor. Ayr\u0131ca, don afetinden a\u011f\u0131r zarar g\u00f6ren \u00fcreticilere Tar\u0131m ve Orman Bakanl\u0131\u011f\u0131 taraf\u0131ndan kar\u015f\u0131l\u0131ks\u0131z destek \u00f6demesi yap\u0131lmas\u0131 talep ediliyor.<\/p>\n\n\n\n<p><strong>&#8220;\u00c7ift\u00e7imizi yaln\u0131z b\u0131rakmayaca\u011f\u0131z!&#8221;<\/strong><\/p>\n\n\n\n<p>Konuyla ilgili a\u00e7\u0131klama yapan CHP&#8217;li G\u00fclcan K\u0131\u015f, \u00c7ukurova&#8217;daki don felaketinin tar\u0131msal \u00fcretime b\u00fcy\u00fck zarar verdi\u011fini vurgulayarak, &#8220;Narenciye ba\u015fta olmak \u00fczere tar\u0131m \u00fcr\u00fcnleri b\u00fcy\u00fck \u00f6l\u00e7\u00fcde zarar g\u00f6rd\u00fc. \u00c7ift\u00e7imizin eme\u011fi heba oldu. Zaten ekonomik krizin pen\u00e7esinde olan \u00fcreticiler, bu kay\u0131plar\u0131n alt\u0131ndan kalkamaz. \u00c7ift\u00e7iyi desteklemek sadece bir ekonomik zorunluluk de\u011fil, ayn\u0131 zamanda bir g\u0131da g\u00fcvenli\u011fi meselesidir. Bu nedenle b\u00f6lgenin afet b\u00f6lgesi ilan edilmesini ve \u00fcreticilere gerekli deste\u011fin sa\u011flanmas\u0131n\u0131 ivedilikle talep ediyoruz&#8221; dedi.<\/p>\n\n\n\n<p><strong>&#8220;Sigorta y\u00fck\u00fc \u00e7ift\u00e7iyi korumas\u0131z b\u0131rak\u0131yor&#8221;<\/strong><\/p>\n\n\n\n<p>Mersin&#8217;de ve \u00c7ukurova genelinde don olaylar\u0131 nadir g\u00f6r\u00fcld\u00fc\u011f\u00fc i\u00e7in \u00e7ift\u00e7ilerin b\u00fcy\u00fck \u00e7o\u011funlu\u011fu TARS\u0130M tar\u0131m sigortas\u0131n\u0131 sadece dolu riskine kar\u015f\u0131 yapt\u0131r\u0131yor. Don sigortas\u0131 primlerinin \u00e7ok y\u00fcksek olmas\u0131 nedeniyle, \u00fcreticiler zaten d\u00fc\u015f\u00fck kazan\u00e7la ge\u00e7inmeye \u00e7al\u0131\u015f\u0131rken bu ek maliyeti kar\u015f\u0131layam\u0131yor. Son ya\u015fanan don felaketi, sigortas\u0131 bulunmayan \u00e7ift\u00e7ileri tamamen \u00e7aresiz b\u0131rakm\u0131\u015f durumda.<\/p>\n\n\n\n<p>Ancak mevcut sistemde sigortas\u0131 olmayan \u00e7ift\u00e7ilere herhangi bir \u00f6deme yap\u0131lm\u0131yor. CHP&#8217;li G\u00fclcan K\u0131\u015f, bu adaletsiz duruma dikkat \u00e7ekerek, &#8220;\u00c7ift\u00e7ilerimiz, zaten zor ko\u015fullar alt\u0131nda \u00fcretim yapmaya \u00e7al\u0131\u015f\u0131rken, bir de y\u00fcksek sigorta primleri nedeniyle korumas\u0131z b\u0131rak\u0131l\u0131yor. \u0130ktidar, don afeti nedeniyle zarar g\u00f6ren \u00e7ift\u00e7iye bir darbeyi de TARS\u0130M \u00fczerinden vurmamal\u0131. Ya\u015fanan ola\u011fan\u00fcst\u00fc durum kar\u015f\u0131s\u0131nda, sigorta \u015fart\u0131 aranmaks\u0131z\u0131n t\u00fcm \u00fcreticilere devlet deste\u011fi sa\u011flanmal\u0131d\u0131r. Biz de bu nedenle kanun teklifimizi verdik&#8221; ifadelerini kulland\u0131.<\/p>\n\n\n\n<p><strong>&#8220;Tar\u0131mda s\u00fcrd\u00fcr\u00fclebilirlik i\u00e7in acil \u00f6nlem al\u0131nmal\u0131&#8221;<\/strong><\/p>\n\n\n\n<p>Teklifin gerek\u00e7esinde, don afetinin sadece \u00fcreticileri de\u011fil, t\u00fcketicileri de olumsuz etkileyece\u011fi belirtilerek, &#8220;E\u011fer \u00e7ift\u00e7imizi bu zor g\u00fcnlerinde yaln\u0131z b\u0131rak\u0131rsak, tar\u0131msal \u00fcretimde ciddi bir d\u00fc\u015f\u00fc\u015f ya\u015fanacak ve bu da piyasada fiyat art\u0131\u015flar\u0131na neden olacakt\u0131r. Tar\u0131m sekt\u00f6r\u00fcn\u00fcn s\u00fcrd\u00fcr\u00fclebilirli\u011fi i\u00e7in devletin \u00fcreticiye sahip \u00e7\u0131kmas\u0131 \u015fartt\u0131r&#8221; denildi.<\/p>\n\n\n\n<p>G\u00fclcan K\u0131\u015f&#8217;\u0131n sundu\u011fu teklifin, tar\u0131m sekt\u00f6r\u00fcne y\u00f6nelik acil bir destek paketi olarak de\u011ferlendirilmesi beklenirken, \u00e7ift\u00e7iler de h\u00fck\u00fcmetin bu konuda nas\u0131l bir ad\u0131m ataca\u011f\u0131n\u0131 merakla bekliyor.<\/p>\n","protected":false},"excerpt":{"rendered":"<p>CHP Mersin Milletvekili G\u00fclcan K\u0131\u015f, \u00c7ukurova B\u00f6lgesi&#8217;nde 2025 y\u0131l\u0131 \u015eubat ay\u0131nda ya\u015fanan \u015fiddetli don olaylar\u0131n\u0131n yaratt\u0131\u011f\u0131 b\u00fcy\u00fck ekonomik tahribat\u0131n giderilmesi amac\u0131yla T\u00fcrkiye B\u00fcy\u00fck Millet Meclisi&#8217;ne (TBMM) kanun teklifi sundu. Teklifte, ba\u015fta Mersin olmak \u00fczere Adana ve Antalya&#8217;y\u0131 da kapsayan \u00c7ukurova B\u00f6lgesi&#8217;nin afet b\u00f6lgesi ilan edilmesi, \u00e7ift\u00e7ilerin Ziraat Bankas\u0131 ve Tar\u0131m Kredi Kooperatifleri&#8217;ne olan tar\u0131msal kredi [&hellip;]<\/p>\n","protected":false},"author":2,"featured_media":39861,"comment_status":"closed","ping_status":"closed","sticky":false,"template":"","format":"standard","meta":{"footnotes":""},"categories":[34,3],"tags":[],"class_list":["post-40031","post","type-post","status-publish","format-standard","has-post-thumbnail","hentry","category-flas-haber","category-manset"],"views":4,"_links":{"self":[{"href":"https:\/\/mersinkadingazetesi.com\/index.php?rest_route=\/wp\/v2\/posts\/40031"}],"collection":[{"href":"https:\/\/mersinkadingazetesi.com\/index.php?rest_route=\/wp\/v2\/posts"}],"about":[{"href":"https:\/\/mersinkadingazetesi.com\/index.php?rest_route=\/wp\/v2\/types\/post"}],"author":[{"embeddable":true,"href":"https:\/\/mersinkadingazetesi.com\/index.php?rest_route=\/wp\/v2\/users\/2"}],"replies":[{"embeddable":true,"href":"https:\/\/mersinkadingazetesi.com\/index.php?rest_route=%2Fwp%2Fv2%2Fcomments&post=40031"}],"version-history":[{"count":1,"href":"https:\/\/mersinkadingazetesi.com\/index.php?rest_route=\/wp\/v2\/posts\/40031\/revisions"}],"predecessor-version":[{"id":40032,"href":"https:\/\/mersinkadingazetesi.com\/index.php?rest_route=\/wp\/v2\/posts\/40031\/revisions\/40032"}],"wp:featuredmedia":[{"embeddable":true,"href":"https:\/\/mersinkadingazetesi.com\/index.php?rest_route=\/wp\/v2\/media\/39861"}],"wp:attachment":[{"href":"https:\/\/mersinkadingazetesi.com\/index.php?rest_route=%2Fwp%2Fv2%2Fmedia&parent=40031"}],"wp:term":[{"taxonomy":"category","embeddable":true,"href":"https:\/\/mersinkadingazetesi.com\/index.php?rest_route=%2Fwp%2Fv2%2Fcategories&post=40031"},{"taxonomy":"post_tag","embeddable":true,"href":"https:\/\/mersinkadingazetesi.com\/index.php?rest_route=%2Fwp%2Fv2%2Ftags&post=40031"}],"curies":[{"name":"wp","href":"https:\/\/api.w.org\/{rel}","templated":true}]}}