{"id":40033,"date":"2025-02-25T16:41:35","date_gmt":"2025-02-25T13:41:35","guid":{"rendered":"https:\/\/mersinkadingazetesi.com\/?p=40033"},"modified":"2025-02-25T16:41:36","modified_gmt":"2025-02-25T13:41:36","slug":"belediye-meclis-uyesi-atila-parlak-son-yolculuguna-ugurlandi","status":"publish","type":"post","link":"https:\/\/mersinkadingazetesi.com\/?p=40033","title":{"rendered":"BELED\u0130YE MECL\u0130S \u00dcYES\u0130 AT\u0130LA PARLAK SON YOLCULU\u011eUNA U\u011eURLANDI"},"content":{"rendered":"\n<p>Tedavi g\u00f6rd\u00fc\u011f\u00fc hastanede hayat\u0131n\u0131 kaybeden Toroslar Belediye Meclis \u00dcyesi Atila Parlak, son yolculu\u011funa u\u011furland\u0131.<\/p>\n\n\n\n<p>\u00dc\u00e7 d\u00f6nem Milliyet\u00e7i Hareket Partisinden Toroslar Belediye Meclis \u00dcyeli\u011fi yapan Atila Parlak, yakla\u015f\u0131k iki ayd\u0131r tedavi g\u00f6rd\u00fc\u011f\u00fc Mersin \u015eehir Hastanesinde ya\u015fam\u0131n\u0131 yitirdi.<\/p>\n\n\n\n<p>Atila Parlak i\u00e7in Toroslar Belediyesi \u00f6n\u00fcnde t\u00f6ren d\u00fczenlendi. T\u00f6rene, Toroslar Belediye Ba\u015fkan\u0131 Abdurrahman Y\u0131ld\u0131z, CHP Mersin Milletvekili Hasan Ufuk \u00c7ak\u0131r, CHP Toroslar \u0130l\u00e7e Ba\u015fkan\u0131 Cumali Akba\u015f, MHP Toroslar \u0130l\u00e7e Ba\u015fkan\u0131 Osman Mete Y\u0131ld\u0131z, meclis \u00fcyeleri, belediye ba\u015fkan yard\u0131mc\u0131lar\u0131, birim m\u00fcd\u00fcrleri ve belediye \u00e7al\u0131\u015fanlar\u0131 kat\u0131ld\u0131.<\/p>\n\n\n\n<p>Burada konu\u015fan CHP Mersin Milletvekili Hasan Ufuk \u00c7ak\u0131r, Parlak&#8217;\u0131n memleketini, bayra\u011f\u0131n\u0131 sevdi\u011fini belirterek &#8220;Hepimizin ba\u015f\u0131 sa\u011f olsun. Mekan\u0131 cennet olsun, Allah rahmet etsin&#8221; \u015feklinde konu\u015ftu.<\/p>\n\n\n\n<p>Toroslar Belediye Ba\u015fkan\u0131 Abdurrahman Y\u0131ld\u0131z da &#8220;K\u0131ymetli b\u00fcy\u00fc\u011f\u00fcm\u00fcz Atila Parlak&#8217;\u0131 son yolculu\u011funa u\u011furlamak i\u00e7in buraday\u0131z. Kendisi son 3 d\u00f6nemdir Toroslar Belediye meclisimize katk\u0131da bulunuyordu. Kentin bir ad\u0131m daha ileri gitmesi konusunda elinden gelen \u00e7abay\u0131 g\u00f6sterdi. Evet, t\u00fcm \u00f6l\u00fcmler zamans\u0131zd\u0131r ama Atila a\u011fabeyin \u00f6l\u00fcm\u00fc hakikaten zamans\u0131z oldu, zamans\u0131z aram\u0131zdan ayr\u0131ld\u0131. Kendisine Allah&#8217;tan rahmet diliyorum. Ailesine, sevenlerine, b\u00fct\u00fcn Toroslar hem\u015ferilerime ba\u015fsa\u011fl\u0131\u011f\u0131 ve sab\u0131r diliyorum. Allah rahmet eylesin, mekan\u0131 cennet olsun in\u015fallah&#8221; dedi.<\/p>\n","protected":false},"excerpt":{"rendered":"<p>Tedavi g\u00f6rd\u00fc\u011f\u00fc hastanede hayat\u0131n\u0131 kaybeden Toroslar Belediye Meclis \u00dcyesi Atila Parlak, son yolculu\u011funa u\u011furland\u0131. \u00dc\u00e7 d\u00f6nem Milliyet\u00e7i Hareket Partisinden Toroslar Belediye Meclis \u00dcyeli\u011fi yapan Atila Parlak, yakla\u015f\u0131k iki ayd\u0131r tedavi g\u00f6rd\u00fc\u011f\u00fc Mersin \u015eehir Hastanesinde ya\u015fam\u0131n\u0131 yitirdi. Atila Parlak i\u00e7in Toroslar Belediyesi \u00f6n\u00fcnde t\u00f6ren d\u00fczenlendi. T\u00f6rene, Toroslar Belediye Ba\u015fkan\u0131 Abdurrahman Y\u0131ld\u0131z, CHP Mersin Milletvekili Hasan Ufuk [&hellip;]<\/p>\n","protected":false},"author":2,"featured_media":40034,"comment_status":"closed","ping_status":"closed","sticky":false,"template":"","format":"standard","meta":{"footnotes":""},"categories":[3],"tags":[],"class_list":["post-40033","post","type-post","status-publish","format-standard","has-post-thumbnail","hentry","category-manset"],"views":3,"_links":{"self":[{"href":"https:\/\/mersinkadingazetesi.com\/index.php?rest_route=\/wp\/v2\/posts\/40033"}],"collection":[{"href":"https:\/\/mersinkadingazetesi.com\/index.php?rest_route=\/wp\/v2\/posts"}],"about":[{"href":"https:\/\/mersinkadingazetesi.com\/index.php?rest_route=\/wp\/v2\/types\/post"}],"author":[{"embeddable":true,"href":"https:\/\/mersinkadingazetesi.com\/index.php?rest_route=\/wp\/v2\/users\/2"}],"replies":[{"embeddable":true,"href":"https:\/\/mersinkadingazetesi.com\/index.php?rest_route=%2Fwp%2Fv2%2Fcomments&post=40033"}],"version-history":[{"count":1,"href":"https:\/\/mersinkadingazetesi.com\/index.php?rest_route=\/wp\/v2\/posts\/40033\/revisions"}],"predecessor-version":[{"id":40035,"href":"https:\/\/mersinkadingazetesi.com\/index.php?rest_route=\/wp\/v2\/posts\/40033\/revisions\/40035"}],"wp:featuredmedia":[{"embeddable":true,"href":"https:\/\/mersinkadingazetesi.com\/index.php?rest_route=\/wp\/v2\/media\/40034"}],"wp:attachment":[{"href":"https:\/\/mersinkadingazetesi.com\/index.php?rest_route=%2Fwp%2Fv2%2Fmedia&parent=40033"}],"wp:term":[{"taxonomy":"category","embeddable":true,"href":"https:\/\/mersinkadingazetesi.com\/index.php?rest_route=%2Fwp%2Fv2%2Fcategories&post=40033"},{"taxonomy":"post_tag","embeddable":true,"href":"https:\/\/mersinkadingazetesi.com\/index.php?rest_route=%2Fwp%2Fv2%2Ftags&post=40033"}],"curies":[{"name":"wp","href":"https:\/\/api.w.org\/{rel}","templated":true}]}}