{"id":40036,"date":"2025-02-25T16:43:18","date_gmt":"2025-02-25T13:43:18","guid":{"rendered":"https:\/\/mersinkadingazetesi.com\/?p=40036"},"modified":"2025-02-25T16:43:18","modified_gmt":"2025-02-25T13:43:18","slug":"deva-partili-ekmen-borcu-borc-ile-kapatan-mersinli-ciftcilerimizin-don-zarari-karsilanmalidir","status":"publish","type":"post","link":"https:\/\/mersinkadingazetesi.com\/?p=40036","title":{"rendered":"DEVA Partili Ekmen: Borcu bor\u00e7 ile kapatan Mersinli \u00e7ift\u00e7ilerimizin don zarar\u0131 kar\u015f\u0131lanmal\u0131d\u0131r\u00a0"},"content":{"rendered":"\n<p><strong>DEVA Partisi Genel Ba\u015fkan Yard\u0131mc\u0131s\u0131 ve Mersin Milletvekili Mehmet Emin Ekmen, Akdeniz ve Tarsus il\u00e7eleri ba\u015fta olmak \u00fczere Mersin\u2019in bir\u00e7ok ilini etkileyen zirai don sebebiyle tar\u0131m \u00fcr\u00fcnlerinin zarar g<\/strong><strong>\u00f6<\/strong><strong>rd\u00fc\u011f\u00fc<\/strong><strong>ne de<\/strong><strong>\u011findi.<\/strong><strong>&nbsp;<\/strong><strong>Ekmen, Mersin\u2019de zirai don felaketi ya\u015fanan b<\/strong><strong>\u00f6<\/strong><strong>lgede yeti\u015ftirilen \u00fcr\u00fcnlerin zarar g<\/strong><strong>\u00f6<\/strong><strong>rd\u00fc\u011f\u00fc<\/strong><strong>ne dikkat \u00e7ekerek<\/strong><strong>, Mersin\u2019in acilen do\u011fal afet b<\/strong><strong>\u00f6<\/strong><strong>lgesi ilan edilmesini talep etti.<\/strong><\/p>\n\n\n\n<p><strong>Zirai don sebebiyle \u00e7<\/strong><strong>ift<\/strong><strong>\u00e7iler a\u011f\u0131r maddi zarara u\u011fram\u0131\u015ft\u0131r<\/strong><\/p>\n\n\n\n<p>Ba\u015fta Mersin olmak \u00fczere, Do\u011fu Akdeniz b\u00f6lgesinde ya\u015fanan zirai don olay\u0131 hakk\u0131nda konu\u015fan Ekmen, &#8220;Ziraat Odas\u0131 Ba\u015fkan\u0131 Say\u0131n Musa Y\u0131lmaz, Tarsus Ziraat Odas\u0131 Ba\u015fkan\u0131 Say\u0131n Veyis Avc\u0131 ve Erdemli Ziraat Odas\u0131 Ba\u015fkan\u0131 Say\u0131n Rasim&nbsp;\u015eahin&#8217;in aktard\u0131\u011f\u0131na g\u00f6re; tarlada ekili olan marul, domates, patl\u0131can gibi \u00fcr\u00fcnler ile narenciyelerin yand\u0131\u011f\u0131na dair bilgiler bulunuyor. Son 50 y\u0131l\u0131n en b\u00fcy\u00fck don afeti olarak nitelendiriliyor. Zirai don felaketinin ilerleyen g\u00fcnlerde de devam etmesi bekleniyor, Mersin&#8217;in tar\u0131m alanlar\u0131 ciddi tehdit alt\u0131nda. Binbir zorlukla ge\u00e7inen, tarlas\u0131n\u0131&nbsp;eken,&nbsp;\u00fcr\u00fcnlerin hasad\u0131n\u0131 bekleyen \u00e7ift\u00e7ilerimiz olduk\u00e7a zor durumda. \u0130lk saha verilerine g\u00f6re; a\u015f\u0131r\u0131 so\u011fuklara kar\u015f\u0131 etkili oldu\u011fu d\u00fc\u015f\u00fcn\u00fclen&nbsp;\u00f6rt\u00fc alt\u0131 \u00fcretim seralar\u0131nda dahi %30-40 civar\u0131nda zarar tespit edildi\u011fi g\u00f6r\u00fcl\u00fcyor&#8221; diyerek durumun boyutunu ortaya koydu.<\/p>\n\n\n\n<p><strong>Tar\u0131msal \u00fcretim tehdit alt\u0131nda<\/strong><\/p>\n\n\n\n<p>Ekmen, &#8220;Borcu bor\u00e7 ile kapatan Mersinli \u00e7ift\u00e7ilerimizin zarar\u0131, yetkililer taraf\u0131ndan ivedilikle kar\u015f\u0131lanmal\u0131d\u0131r. Aksi takdirde \u00e7ift\u00e7ilerimiz bu sene bir kazan\u00e7 sa\u011flayamayacak ve bir sonraki sene \u00e7ift\u00e7iler i\u00e7in daha zorlu ge\u00e7ecektir. Ya\u015fanan bu olay,&nbsp;\u00f6n\u00fcm\u00fczdeki y\u0131l\u0131n \u00fcretimine de olumsuz \u015fekilde yans\u0131yacakt\u0131r. Bir\u00e7ok&nbsp;\u00e7e\u015fidin ayn\u0131 anda yeti\u015fti\u011fi verimli topraklara sahip Mersin&#8217;de b\u00f6ylesi bir felaket, \u00fcretici ile t\u00fcketiciyi do\u011frudan etkileyecektir. Pazarda, manavda bir kilo domatesi al\u0131rken bile ince eleyip s\u0131k dokumak zorunda kalan t\u00fcketici, tar\u0131msal g\u0131da krizinden etkilenecektir&#8221; dedi.&nbsp;<\/p>\n\n\n\n<p><strong>Yetkililerin, \u00e7<\/strong><strong>ift<\/strong><strong>\u00e7inin eme\u011fine sahip \u00e7\u0131kmas\u0131 gerekir<\/strong><\/p>\n\n\n\n<p>Yetkililere seslenen Ekmen, &#8220;Bu \u00fclkede \u00fcreticilerin ne zor ko\u015fullarla kar\u015f\u0131 kar\u015f\u0131ya oldu\u011funu biliyoruz. Mevcut durumda g\u0131da krizi kap\u0131dayken, yetkililerin \u00e7ift\u00e7ilere sahip \u00e7\u0131kmas\u0131 gerekir. Ziraat Bankas\u0131 Genel M\u00fcd\u00fcr\u00fc Say\u0131n Alpaslan \u00c7akar ve T\u00fcrkiye Tar\u0131m Kredi Kooperatifleri Genel M\u00fcd\u00fcr\u00fc Say\u0131n H\u00fcseyin Ayd\u0131n \u00e7ift\u00e7ilerin kredilerini ertelemesini ve zararlar\u0131n\u0131 kar\u015f\u0131lamaya y\u00f6nelik ad\u0131mlar atmas\u0131n\u0131 talep ediyoruz. Tar\u0131m ve Orman Bakan\u0131 Say\u0131n \u0130brahim Yumakl\u0131&#8217;dan acilen harekete ge\u00e7mesini bekliyoruz. Mersinli \u00e7ift\u00e7ilerimiz b\u00f6lgenin, acilen do\u011fal afet b\u00f6lgesi ilan edilmesini talep ediyor&#8221; a\u00e7\u0131klamalar\u0131nda bulundu.<\/p>\n\n\n\n<p><strong>Ekmen&#8217;den yetkililere te\u015fekk\u00fcr<\/strong><\/p>\n\n\n\n<p>Ekmen, &#8220;Yetkililerin Mersinli \u00e7ift\u00e7ilerimizi ma\u011fdur etmeyece\u011fine inan\u0131yorum. Olay\u0131 ba\u015f\u0131ndan beri takip eden yetkililerimize te\u015fekk\u00fcr ediyorum&#8221; dedi<\/p>\n","protected":false},"excerpt":{"rendered":"<p>DEVA Partisi Genel Ba\u015fkan Yard\u0131mc\u0131s\u0131 ve Mersin Milletvekili Mehmet Emin Ekmen, Akdeniz ve Tarsus il\u00e7eleri ba\u015fta olmak \u00fczere Mersin\u2019in bir\u00e7ok ilini etkileyen zirai don sebebiyle tar\u0131m \u00fcr\u00fcnlerinin zarar g\u00f6rd\u00fc\u011f\u00fcne de\u011findi.&nbsp;Ekmen, Mersin\u2019de zirai don felaketi ya\u015fanan b\u00f6lgede yeti\u015ftirilen \u00fcr\u00fcnlerin zarar g\u00f6rd\u00fc\u011f\u00fcne dikkat \u00e7ekerek, Mersin\u2019in acilen do\u011fal afet b\u00f6lgesi ilan edilmesini talep etti. Zirai don sebebiyle \u00e7ift\u00e7iler [&hellip;]<\/p>\n","protected":false},"author":2,"featured_media":39771,"comment_status":"closed","ping_status":"closed","sticky":false,"template":"","format":"standard","meta":{"footnotes":""},"categories":[3,5],"tags":[],"class_list":["post-40036","post","type-post","status-publish","format-standard","has-post-thumbnail","hentry","category-manset","category-mersin"],"views":5,"_links":{"self":[{"href":"https:\/\/mersinkadingazetesi.com\/index.php?rest_route=\/wp\/v2\/posts\/40036"}],"collection":[{"href":"https:\/\/mersinkadingazetesi.com\/index.php?rest_route=\/wp\/v2\/posts"}],"about":[{"href":"https:\/\/mersinkadingazetesi.com\/index.php?rest_route=\/wp\/v2\/types\/post"}],"author":[{"embeddable":true,"href":"https:\/\/mersinkadingazetesi.com\/index.php?rest_route=\/wp\/v2\/users\/2"}],"replies":[{"embeddable":true,"href":"https:\/\/mersinkadingazetesi.com\/index.php?rest_route=%2Fwp%2Fv2%2Fcomments&post=40036"}],"version-history":[{"count":1,"href":"https:\/\/mersinkadingazetesi.com\/index.php?rest_route=\/wp\/v2\/posts\/40036\/revisions"}],"predecessor-version":[{"id":40037,"href":"https:\/\/mersinkadingazetesi.com\/index.php?rest_route=\/wp\/v2\/posts\/40036\/revisions\/40037"}],"wp:featuredmedia":[{"embeddable":true,"href":"https:\/\/mersinkadingazetesi.com\/index.php?rest_route=\/wp\/v2\/media\/39771"}],"wp:attachment":[{"href":"https:\/\/mersinkadingazetesi.com\/index.php?rest_route=%2Fwp%2Fv2%2Fmedia&parent=40036"}],"wp:term":[{"taxonomy":"category","embeddable":true,"href":"https:\/\/mersinkadingazetesi.com\/index.php?rest_route=%2Fwp%2Fv2%2Fcategories&post=40036"},{"taxonomy":"post_tag","embeddable":true,"href":"https:\/\/mersinkadingazetesi.com\/index.php?rest_route=%2Fwp%2Fv2%2Ftags&post=40036"}],"curies":[{"name":"wp","href":"https:\/\/api.w.org\/{rel}","templated":true}]}}