{"id":40038,"date":"2025-02-25T16:44:59","date_gmt":"2025-02-25T13:44:59","guid":{"rendered":"https:\/\/mersinkadingazetesi.com\/?p=40038"},"modified":"2025-02-25T16:44:59","modified_gmt":"2025-02-25T13:44:59","slug":"baskan-boltac-bu-bolgeyi-afet-bolgesi-ilan-etmelerini-istiyorum","status":"publish","type":"post","link":"https:\/\/mersinkadingazetesi.com\/?p=40038","title":{"rendered":"BA\u015eKAN BOLTA\u00c7 \u201cBU B\u00d6LGEY\u0130 AFET B\u00d6LGES\u0130 \u0130LAN ETMELER\u0130N\u0130 \u0130ST\u0130YORUM\u201d"},"content":{"rendered":"\n<p>Tarsus Belediye Ba\u015fkan\u0131 Ali Bolta\u00e7, kentte etkili olan so\u011fuk hava nedeniyle zirai don ya\u015fanan b\u00f6lgelerde \u00e7ift\u00e7ileri ziyaret etti. Gece saatlerinde hava s\u0131cakl\u0131\u011f\u0131n\u0131n s\u0131f\u0131r\u0131n alt\u0131na d\u00fc\u015fmesiyle ekili alanlarda olu\u015fan zararlar\u0131 yerinde inceleyen Ba\u015fkan Bolta\u00e7, \u00fcreticilere ge\u00e7mi\u015f olsun dileklerini ileterek destek mesaj\u0131 verdi. Ba\u015fkan Bolta\u00e7 \u201cT\u00fcrkiye\u2019nin ambar deposu olan \u00c7ukurova, zirai don sebebiyle \u00fcr\u00fcn veremeyecektir. Bu konu siyaset \u00fcst\u00fc bir konudur. Bu b\u00f6lgeyi afet b\u00f6lgesi ilan etmelerini istiyorum.\u201d dedi.<\/p>\n\n\n\n<p>Ba\u015fkan Bolta\u00e7, \u00e7ift\u00e7ilerle tarlalar\u0131nda bir araya gelerek ya\u015fanan zarar hakk\u0131nda bilgi ald\u0131. \u00dcreticilerin kar\u015f\u0131la\u015ft\u0131\u011f\u0131 zorluklar\u0131 dinleyen Bolta\u00e7, \u201c\u00c7ift\u00e7ilerimizin eme\u011fi, al\u0131n teri bizim i\u00e7in \u00e7ok k\u0131ymetli. Bu topraklar\u0131 i\u015fleyerek \u00fcretime katk\u0131 sa\u011flayan her bir \u00fcreticimizin yan\u0131nday\u0131z. Ya\u015fanan bu olumsuzluklar\u0131 birlikte a\u015faca\u011f\u0131z.\u201d dedi.<\/p>\n\n\n\n<p><strong>\u201cBU DURUM T\u00dcRK\u0130YE\u2019N\u0130N \u00c7OK C\u0130DD\u0130 B\u0130R SORUNUDUR\u201d<\/strong><\/p>\n\n\n\n<p>\u00c7ift\u00e7inin ma\u011fduriyetini anlatan Ba\u015fkan Bolta\u00e7, \u201cMaalesef \u00fcz\u00fcc\u00fc bir tabloyla kar\u015f\u0131 kar\u015f\u0131yay\u0131z. Yakla\u015f\u0131k 2-3 g\u00fcnd\u00fcr s\u00fcren zirai don b\u00fct\u00fcn sert \u00e7ekirdekleri, meyveleri, sebzeleri hatta narenciyeleri vurdu. Y\u00fczde 80 ile 90 aras\u0131nda \u00f6n\u00fcm\u00fczdeki sezona \u00fcr\u00fcn \u00e7\u0131kmayacakt\u0131r. Bu durum T\u00fcrkiye\u2019nin \u00e7ok ciddi bir sorunudur. T\u00fcrkiye\u2019nin ambar deposu olan \u00c7ukurova, \u00fcr\u00fcn veremeyecektir. Sadece bu seneyi de\u011fil \u00f6n\u00fcm\u00fczdeki seneyi de etkileyecek. \u00c7\u00fcnk\u00fc bir sonraki senenin g\u00f6zleri de yanm\u0131\u015f durumdad\u0131r. \u0130ki sene de \u00e7ift\u00e7imiz \u00e7ok ma\u011fdur olacak.\u201d diye ifade etti.<\/p>\n\n\n\n<p><strong>\u201cAC\u0130L AFET B\u00d6LGES\u0130 \u0130LAN ED\u0130LMES\u0130N\u0130 TALEP ED\u0130YORUM\u201d<\/strong><\/p>\n\n\n\n<p>\u00c7ukurova\u2019n\u0131n \u00f6nemsenmesi gerekti\u011fini kaydeden Ba\u015fkan Bolta\u00e7, \u201cBen sevgili devletimizden onu y\u00f6neten h\u00fck\u00fcmetimizden desteklerini esirgememesini bu b\u00f6lgeye gelmelerini, \u00e7ift\u00e7imizi dinlemelerini ve zarar g\u00f6ren vatanda\u015flar\u0131m\u0131z\u0131n tespitlerini almalar\u0131n\u0131 istiyorum. Bununla ilgili \u00e7ok acil afet b\u00f6lgesi ilan edilmesini talep ediyorum.\u201ddedi.<\/p>\n\n\n\n<p><strong>\u201c\u00c7\u0130FT\u00c7\u0130LER\u0130M\u0130Z\u0130N YANINDA OLACA\u011eIZ\u201d&nbsp;&nbsp;&nbsp;&nbsp;&nbsp;&nbsp;&nbsp;&nbsp;&nbsp;<\/strong><\/p>\n\n\n\n<p>\u00dcreticileri elinden geldi\u011fince desteklemeye devam edece\u011fini vurgulayan Ba\u015fkan Bolta\u00e7, \u201c\u00c7ift\u00e7i olmazsa g\u0131da olmaz, g\u0131da olmazsa da bu topraklarda sa\u011fl\u0131kl\u0131 \u00fcr\u00fcnlere ula\u015famay\u0131z. \u00c7ift\u00e7ilerimize ge\u00e7mi\u015f olsun dileklerimi iletiyorum. &nbsp;Belediye olarak biz makro bir destek size sunamay\u0131z ama her zaman mikro anlamda \u00e7ift\u00e7ilerimizin yan\u0131nda olaca\u011f\u0131z. \u0130n\u015fallah sizin sesiniz olaca\u011f\u0131z, elimizden geldi\u011fince destek olmay\u0131 bir s\u00f6z olarak veriyorum. Ben b\u00fct\u00fcn b\u00f6lge milletvekillerinin de mecliste bu konuyu g\u00fcndeme getirmelerini, sa\u011fl\u0131kl\u0131 bir \u015fekilde tart\u0131\u015f\u0131l\u0131p bu b\u00f6lgeyi afet b\u00f6lgesi ilan etmelerini istiyorum.\u201d \u015feklinde konu\u015ftu.<\/p>\n\n\n\n<p><strong>BA\u015eKAN BOLTA\u00c7 \u00dcRET\u0130C\u0130N\u0130N YANINDA<\/strong><\/p>\n\n\n\n<p>Tarsus Belediyesi olarak her zaman \u00fcreticinin yan\u0131nda olduklar\u0131n\u0131 vurgulayan Ba\u015fkan Bolta\u00e7, \u00e7ift\u00e7ilere y\u00f6nelik destek mekanizmalar\u0131n\u0131n de\u011ferlendirilerek gerekli ad\u0131mlar\u0131n at\u0131laca\u011f\u0131n\u0131 belirtti. Tar\u0131msal \u00fcretimin s\u00fcrd\u00fcr\u00fclebilirli\u011finin \u00f6nemine dikkat \u00e7eken Bolta\u00e7, yerel y\u00f6netim olarak \u00e7ift\u00e7ilerin kar\u015f\u0131la\u015ft\u0131\u011f\u0131 sorunlara \u00e7\u00f6z\u00fcm \u00fcretmeye devam edeceklerini ifade etti.<\/p>\n\n\n\n<p>\u00dcreticiler ise ziyaretten duyduklar\u0131 memnuniyeti dile getirerek, belediyenin her zaman yanlar\u0131nda olmas\u0131n\u0131n kendilerine moral verdi\u011fini vurgulad\u0131. Ba\u015fkan Bolta\u00e7, incelemelerinin ard\u0131ndan \u00e7ift\u00e7ilere kolayl\u0131klar dileyerek b\u00f6lgeden ayr\u0131ld\u0131.<\/p>\n","protected":false},"excerpt":{"rendered":"<p>Tarsus Belediye Ba\u015fkan\u0131 Ali Bolta\u00e7, kentte etkili olan so\u011fuk hava nedeniyle zirai don ya\u015fanan b\u00f6lgelerde \u00e7ift\u00e7ileri ziyaret etti. Gece saatlerinde hava s\u0131cakl\u0131\u011f\u0131n\u0131n s\u0131f\u0131r\u0131n alt\u0131na d\u00fc\u015fmesiyle ekili alanlarda olu\u015fan zararlar\u0131 yerinde inceleyen Ba\u015fkan Bolta\u00e7, \u00fcreticilere ge\u00e7mi\u015f olsun dileklerini ileterek destek mesaj\u0131 verdi. Ba\u015fkan Bolta\u00e7 \u201cT\u00fcrkiye\u2019nin ambar deposu olan \u00c7ukurova, zirai don sebebiyle \u00fcr\u00fcn veremeyecektir. Bu konu [&hellip;]<\/p>\n","protected":false},"author":2,"featured_media":40039,"comment_status":"closed","ping_status":"closed","sticky":false,"template":"","format":"standard","meta":{"footnotes":""},"categories":[3],"tags":[],"class_list":["post-40038","post","type-post","status-publish","format-standard","has-post-thumbnail","hentry","category-manset"],"views":5,"_links":{"self":[{"href":"https:\/\/mersinkadingazetesi.com\/index.php?rest_route=\/wp\/v2\/posts\/40038"}],"collection":[{"href":"https:\/\/mersinkadingazetesi.com\/index.php?rest_route=\/wp\/v2\/posts"}],"about":[{"href":"https:\/\/mersinkadingazetesi.com\/index.php?rest_route=\/wp\/v2\/types\/post"}],"author":[{"embeddable":true,"href":"https:\/\/mersinkadingazetesi.com\/index.php?rest_route=\/wp\/v2\/users\/2"}],"replies":[{"embeddable":true,"href":"https:\/\/mersinkadingazetesi.com\/index.php?rest_route=%2Fwp%2Fv2%2Fcomments&post=40038"}],"version-history":[{"count":1,"href":"https:\/\/mersinkadingazetesi.com\/index.php?rest_route=\/wp\/v2\/posts\/40038\/revisions"}],"predecessor-version":[{"id":40040,"href":"https:\/\/mersinkadingazetesi.com\/index.php?rest_route=\/wp\/v2\/posts\/40038\/revisions\/40040"}],"wp:featuredmedia":[{"embeddable":true,"href":"https:\/\/mersinkadingazetesi.com\/index.php?rest_route=\/wp\/v2\/media\/40039"}],"wp:attachment":[{"href":"https:\/\/mersinkadingazetesi.com\/index.php?rest_route=%2Fwp%2Fv2%2Fmedia&parent=40038"}],"wp:term":[{"taxonomy":"category","embeddable":true,"href":"https:\/\/mersinkadingazetesi.com\/index.php?rest_route=%2Fwp%2Fv2%2Fcategories&post=40038"},{"taxonomy":"post_tag","embeddable":true,"href":"https:\/\/mersinkadingazetesi.com\/index.php?rest_route=%2Fwp%2Fv2%2Ftags&post=40038"}],"curies":[{"name":"wp","href":"https:\/\/api.w.org\/{rel}","templated":true}]}}