{"id":40041,"date":"2025-02-25T17:22:17","date_gmt":"2025-02-25T14:22:17","guid":{"rendered":"https:\/\/mersinkadingazetesi.com\/?p=40041"},"modified":"2025-02-25T18:30:14","modified_gmt":"2025-02-25T15:30:14","slug":"uysal-dolu-yagisindan-dolayi-mersin-afet-bolgesi-ilan-edilmeli","status":"publish","type":"post","link":"https:\/\/mersinkadingazetesi.com\/?p=40041","title":{"rendered":"UYSAL: \u2018Z\u0130RA\u0130 DON OLAYINDAN DOLAYI MERS\u0130N AFET B\u00d6LGES\u0130 \u0130LAN ED\u0130LMEL\u0130\u2019"},"content":{"rendered":"\n<p>Milliyet\u00e7i Hareket Partisi Mersin Milletvekili ve MYK \u00dcyesi Dr. Levent Uysal, Mersin\u2019de etkili olan zirai don olay\u0131ndan dolay\u0131 \u00fcr\u00fcnleri zarar g\u00f6ren \u00fcreticilerinin hasarlar\u0131n\u0131n kar\u015f\u0131lanmas\u0131 i\u00e7in her t\u00fcrl\u00fc \u00e7al\u0131\u015fman\u0131n yap\u0131laca\u011f\u0131n\u0131 s\u00f6yleyerek Mersin\u2019in afet b\u00f6lgesi ilan edilmesine y\u00f6nelik talepte bulundu. Milletvekili Uysal \u201cHer zaman oldu\u011fu gibi \u00e7ift\u00e7ilerimizin yan\u0131nda olmal\u0131y\u0131z. Bu nedenle Mersin ilimizin acil bir \u015fekilde afet b\u00f6lgesi ilan edilmesini talep ediyoruz.\u201d \u015feklinde konu\u015ftu.<br>22 \u015eubat tarihinde etkili olan zirai don olay\u0131 Akdeniz ve Tarsus ba\u015fta olmak \u00fczere Mersin genelindeki tar\u0131m arazilerine b\u00fcy\u00fck \u00f6l\u00e7\u00fcde zarar verdi. Milliyet\u00e7i Hareket Partisi Mersin Milletvekili ve MYK \u00dcyesi Dr. Levent Uysal T\u00fcrkiye B\u00fcy\u00fck Millet Meclisinde s\u00f6z alarak Mersin\u2019in acilen afet b\u00f6lgesi ilan edilmesini talep etti.<\/p>\n\n\n\n<p>Milletvekili Uysal ya\u015fanan zirai don afetinden zarar g\u00f6ren \u00fcreticilerin bor\u00e7lar\u0131n\u0131n ertelenmesini, TARS\u0130M incelemelerinin biran \u00f6nce tamamlanmas\u0131 gerekti\u011fini s\u00f6yleyerek \u015fu a\u00e7\u0131klamada bulundu;<\/p>\n\n\n\n<p>\u201c22 \u015eubat tarihinden itibaren Tarsus ve Akdeniz il\u00e7elerimiz ba\u015fta olmak \u00fczere se\u00e7im b\u00f6lgem olan Mersin\u2019imiz genelinde ya\u015fanan zirai don afeti 30 binin \u00fczerinde \u00e7ift\u00e7imizi ve 300 bin d\u00f6n\u00fcm\u00fcn \u00fczerinde tar\u0131m arazimizi etkilemi\u015ftir. Her zaman oldu\u011fu gibi \u00e7ift\u00e7ilerimizin yan\u0131nda olmal\u0131y\u0131z. Bu nedenle Mersin ilimizin acil bir \u015fekilde afet b\u00f6lgesi ilan edilerek Tar\u0131m ve Orman Bakanl\u0131\u011f\u0131m\u0131z taraf\u0131ndan; \u00e7ift\u00e7ilerimizin bor\u00e7lar\u0131 ertelenmeli, TARS\u0130M incelemeleri bir an \u00f6nce tamamlanmal\u0131 ve bir sonraki \u00fcretim d\u00f6nemi i\u00e7in maddi destek sa\u011flanmal\u0131d\u0131r. Destek \u00fcreticimize, bereket \u00fclkemize.\u201d<\/p>\n","protected":false},"excerpt":{"rendered":"<p>Milliyet\u00e7i Hareket Partisi Mersin Milletvekili ve MYK \u00dcyesi Dr. Levent Uysal, Mersin\u2019de etkili olan zirai don olay\u0131ndan dolay\u0131 \u00fcr\u00fcnleri zarar g\u00f6ren \u00fcreticilerinin hasarlar\u0131n\u0131n kar\u015f\u0131lanmas\u0131 i\u00e7in her t\u00fcrl\u00fc \u00e7al\u0131\u015fman\u0131n yap\u0131laca\u011f\u0131n\u0131 s\u00f6yleyerek Mersin\u2019in afet b\u00f6lgesi ilan edilmesine y\u00f6nelik talepte bulundu. Milletvekili Uysal \u201cHer zaman oldu\u011fu gibi \u00e7ift\u00e7ilerimizin yan\u0131nda olmal\u0131y\u0131z. Bu nedenle Mersin ilimizin acil bir \u015fekilde afet [&hellip;]<\/p>\n","protected":false},"author":2,"featured_media":40042,"comment_status":"closed","ping_status":"closed","sticky":false,"template":"","format":"standard","meta":{"footnotes":""},"categories":[3],"tags":[],"class_list":["post-40041","post","type-post","status-publish","format-standard","has-post-thumbnail","hentry","category-manset"],"views":4,"_links":{"self":[{"href":"https:\/\/mersinkadingazetesi.com\/index.php?rest_route=\/wp\/v2\/posts\/40041"}],"collection":[{"href":"https:\/\/mersinkadingazetesi.com\/index.php?rest_route=\/wp\/v2\/posts"}],"about":[{"href":"https:\/\/mersinkadingazetesi.com\/index.php?rest_route=\/wp\/v2\/types\/post"}],"author":[{"embeddable":true,"href":"https:\/\/mersinkadingazetesi.com\/index.php?rest_route=\/wp\/v2\/users\/2"}],"replies":[{"embeddable":true,"href":"https:\/\/mersinkadingazetesi.com\/index.php?rest_route=%2Fwp%2Fv2%2Fcomments&post=40041"}],"version-history":[{"count":2,"href":"https:\/\/mersinkadingazetesi.com\/index.php?rest_route=\/wp\/v2\/posts\/40041\/revisions"}],"predecessor-version":[{"id":40044,"href":"https:\/\/mersinkadingazetesi.com\/index.php?rest_route=\/wp\/v2\/posts\/40041\/revisions\/40044"}],"wp:featuredmedia":[{"embeddable":true,"href":"https:\/\/mersinkadingazetesi.com\/index.php?rest_route=\/wp\/v2\/media\/40042"}],"wp:attachment":[{"href":"https:\/\/mersinkadingazetesi.com\/index.php?rest_route=%2Fwp%2Fv2%2Fmedia&parent=40041"}],"wp:term":[{"taxonomy":"category","embeddable":true,"href":"https:\/\/mersinkadingazetesi.com\/index.php?rest_route=%2Fwp%2Fv2%2Fcategories&post=40041"},{"taxonomy":"post_tag","embeddable":true,"href":"https:\/\/mersinkadingazetesi.com\/index.php?rest_route=%2Fwp%2Fv2%2Ftags&post=40041"}],"curies":[{"name":"wp","href":"https:\/\/api.w.org\/{rel}","templated":true}]}}