{"id":40045,"date":"2025-02-26T11:28:18","date_gmt":"2025-02-26T08:28:18","guid":{"rendered":"https:\/\/mersinkadingazetesi.com\/?p=40045"},"modified":"2025-02-26T11:28:18","modified_gmt":"2025-02-26T08:28:18","slug":"mudurlugumuz-tarafindan-yurutulen-akran-nezaketi-projesi-kapsaminda-akran-arabuluculugu-egitimi-gerceklestirildi","status":"publish","type":"post","link":"https:\/\/mersinkadingazetesi.com\/?p=40045","title":{"rendered":"M\u00dcD\u00dcRL\u00dc\u011e\u00dcM\u00dcZ TARAFINDAN Y\u00dcR\u00dcT\u00dcLEN &#8220;AKRAN NEZAKET\u0130 PROJES\u0130&#8221; KAPSAMINDA &#8220;AKRAN ARABULUCULU\u011eU E\u011e\u0130T\u0130M\u0130&#8221; GER\u00c7EKLE\u015eT\u0130R\u0130LD\u0130\u00a0"},"content":{"rendered":"\n<p>M\u00fcd\u00fcrl\u00fc\u011f\u00fcm\u00fcz taraf\u0131ndan y\u00fcr\u00fct\u00fclen &#8220;Akran Nezaketi Projesi&#8221;&nbsp; kapsam\u0131nda, Adliye Binas\u0131 Konferans Salonu&#8217;nda projeye d\u00e2hil edilen okullarda g\u00f6rev yapan psikolojik dan\u0131\u015fman ve rehber \u00f6\u011fretmenlerimize y\u00f6nelik &#8220;Akran Arabuluculu\u011fu Uygulama E\u011fitimi&#8221; d\u00fczenlendi.<\/p>\n\n\n\n<p>\u0130l Mill\u00ee E\u011fitim M\u00fcd\u00fcr\u00fc Fazilet Durmu\u015f e\u011fitime kat\u0131larak projenin \u00f6nemine dikkat \u00e7ekti. Durmu\u015f, bu t\u00fcr e\u011fitimlerin \u00f6\u011frencilerin sosyal ve duygusal geli\u015fimine katk\u0131 sa\u011flad\u0131\u011f\u0131n\u0131 ve \u015fiddeti \u00f6nlemede \u00f6nemli bir rol oynad\u0131\u011f\u0131n\u0131 vurgulad\u0131. Durmu\u015f: &#8220;Lider \u00f6\u011frencileri \u00e7\u00f6z\u00fcme d\u00e2hil ederek okullardaki disiplin sorunlar\u0131n\u0131 en aza indirgeyebiliriz. Biz bir \u00f6\u011frenciye dokunuruz o \u00f6\u011frenci d\u00fcnyay\u0131 de\u011fi\u015ftirir. Nizam\u00fclm\u00fclk&#8217;\u00fcn Alparslan&#8217;a, Ak\u015femseddin&#8217;in Fatih&#8217;e ve Mustafa M\u011fretmenin Atat\u00fcrk&#8217;e dokundu\u011fu gibi.&#8221; ifadelerini kulland\u0131. E\u011fitime kat\u0131lan \u00f6\u011fretmenlerimiz, destekleri i\u00e7in \u0130l Mill\u00ee E\u011fitim M\u00fcd\u00fcr\u00fc Fazilet Durmu\u015f&#8217;a te\u015fekk\u00fcr etti.&nbsp;<\/p>\n\n\n\n<p>E\u011fitim, Uzm. Psikolojik Dan\u0131\u015fman Naciye \u00c7avu\u015f Kasik, Av. Arabulucu Nur \u00d6zden ve Av. Arabulucu Nejdet G\u00f6\u011f\u00fcsdere taraf\u0131ndan verildi. E\u011fitimde akran arabuluculu\u011funun ne oldu\u011fu, nas\u0131l uyguland\u0131\u011f\u0131 ve \u00f6\u011frencilerin problemlerini \u00e7\u00f6zmelerine nas\u0131l yard\u0131mc\u0131 oldu\u011fu konular\u0131 ele al\u0131nd\u0131.<\/p>\n\n\n\n<p>Proje, 2023-2024 e\u011fitim \u00f6\u011fretim y\u0131l\u0131nda Mersin ilindeki 6&#8217;s\u0131 ortaokul, 7&#8217;si ise lise d\u00fczeyinde 13 pilot okul ile ba\u015flad\u0131. Projenin ba\u015far\u0131s\u0131 \u00fczerine, 2024-2025 e\u011fitim \u00f6\u011fretim y\u0131l\u0131nda \u00d6zel E\u011fitim Birimi&#8217;nin \u00e7al\u0131\u015fmalar\u0131 sonucunda tespit edilen disiplin ve devams\u0131zl\u0131k problemleri ya\u015fanan 5 lise daha projeye d\u00e2hil edildi. Ayr\u0131ca, Tarsus il\u00e7esinden de 3 okul projeye kat\u0131ld\u0131. B\u00f6ylece proje, toplamda 21 farkl\u0131 okul t\u00fcr\u00fcn\u00fc kapsayan geni\u015f bir etki alan\u0131na ula\u015ft\u0131.<\/p>\n\n\n\n<p>Akran Nezaketi Projesi, \u00f6\u011frencilerin birbirlerine kar\u015f\u0131 daha sayg\u0131l\u0131 ve nazik olmalar\u0131n\u0131, problemleri \u015fiddet olmadan \u00e7\u00f6zebilmelerini ve daha g\u00fcvenli bir okul ortam\u0131 olu\u015fturmay\u0131 ama\u00e7l\u0131yor.<\/p>\n","protected":false},"excerpt":{"rendered":"<p>M\u00fcd\u00fcrl\u00fc\u011f\u00fcm\u00fcz taraf\u0131ndan y\u00fcr\u00fct\u00fclen &#8220;Akran Nezaketi Projesi&#8221;&nbsp; kapsam\u0131nda, Adliye Binas\u0131 Konferans Salonu&#8217;nda projeye d\u00e2hil edilen okullarda g\u00f6rev yapan psikolojik dan\u0131\u015fman ve rehber \u00f6\u011fretmenlerimize y\u00f6nelik &#8220;Akran Arabuluculu\u011fu Uygulama E\u011fitimi&#8221; d\u00fczenlendi. \u0130l Mill\u00ee E\u011fitim M\u00fcd\u00fcr\u00fc Fazilet Durmu\u015f e\u011fitime kat\u0131larak projenin \u00f6nemine dikkat \u00e7ekti. Durmu\u015f, bu t\u00fcr e\u011fitimlerin \u00f6\u011frencilerin sosyal ve duygusal geli\u015fimine katk\u0131 sa\u011flad\u0131\u011f\u0131n\u0131 ve \u015fiddeti \u00f6nlemede \u00f6nemli [&hellip;]<\/p>\n","protected":false},"author":2,"featured_media":40046,"comment_status":"closed","ping_status":"closed","sticky":false,"template":"","format":"standard","meta":{"footnotes":""},"categories":[3],"tags":[],"class_list":["post-40045","post","type-post","status-publish","format-standard","has-post-thumbnail","hentry","category-manset"],"views":3,"_links":{"self":[{"href":"https:\/\/mersinkadingazetesi.com\/index.php?rest_route=\/wp\/v2\/posts\/40045"}],"collection":[{"href":"https:\/\/mersinkadingazetesi.com\/index.php?rest_route=\/wp\/v2\/posts"}],"about":[{"href":"https:\/\/mersinkadingazetesi.com\/index.php?rest_route=\/wp\/v2\/types\/post"}],"author":[{"embeddable":true,"href":"https:\/\/mersinkadingazetesi.com\/index.php?rest_route=\/wp\/v2\/users\/2"}],"replies":[{"embeddable":true,"href":"https:\/\/mersinkadingazetesi.com\/index.php?rest_route=%2Fwp%2Fv2%2Fcomments&post=40045"}],"version-history":[{"count":1,"href":"https:\/\/mersinkadingazetesi.com\/index.php?rest_route=\/wp\/v2\/posts\/40045\/revisions"}],"predecessor-version":[{"id":40047,"href":"https:\/\/mersinkadingazetesi.com\/index.php?rest_route=\/wp\/v2\/posts\/40045\/revisions\/40047"}],"wp:featuredmedia":[{"embeddable":true,"href":"https:\/\/mersinkadingazetesi.com\/index.php?rest_route=\/wp\/v2\/media\/40046"}],"wp:attachment":[{"href":"https:\/\/mersinkadingazetesi.com\/index.php?rest_route=%2Fwp%2Fv2%2Fmedia&parent=40045"}],"wp:term":[{"taxonomy":"category","embeddable":true,"href":"https:\/\/mersinkadingazetesi.com\/index.php?rest_route=%2Fwp%2Fv2%2Fcategories&post=40045"},{"taxonomy":"post_tag","embeddable":true,"href":"https:\/\/mersinkadingazetesi.com\/index.php?rest_route=%2Fwp%2Fv2%2Ftags&post=40045"}],"curies":[{"name":"wp","href":"https:\/\/api.w.org\/{rel}","templated":true}]}}