{"id":40074,"date":"2025-02-26T16:07:21","date_gmt":"2025-02-26T13:07:21","guid":{"rendered":"https:\/\/mersinkadingazetesi.com\/?p=40074"},"modified":"2025-02-26T16:07:22","modified_gmt":"2025-02-26T13:07:22","slug":"limandaki-fiyat-tarifesi-sorunu-istisare-ile-cozulebilir","status":"publish","type":"post","link":"https:\/\/mersinkadingazetesi.com\/?p=40074","title":{"rendered":"\u2018L\u0130MANDAK\u0130 F\u0130YAT TAR\u0130FES\u0130 SORUNU \u0130ST\u0130\u015eARE \u0130LE \u00c7\u00d6Z\u00dcLEB\u0130L\u0130R\u2019"},"content":{"rendered":"\n<p>MIP taraf\u0131ndan y\u00fcr\u00fcrl\u00fc\u011fe konulan baz\u0131 uygulamalar ve fiyat tarifesindeki a\u015f\u0131r\u0131 art\u0131\u015flara Mersin Ticaret Borsas\u0131 Ba\u015fkan\u0131 Abdullah \u00d6zdemir&#8217;in a\u00e7\u0131klamalarda bulundu. Kent ekonomisinin kalbi durumunda olan Mersin Liman\u0131&#8217;n\u0131n T\u00fcrkiye&#8217;nin en b\u00fcy\u00fck limanlar\u0131ndan biri olup, Ortado\u011fu, Avrupa ve Asya aras\u0131nda bir ticaret k\u00f6pr\u00fcs\u00fc i\u015flevi g\u00f6rd\u00fc\u011f\u00fcn\u00fc hat\u0131rlatan \u00d6zdemir, &#8220;Bu y\u00f6n\u00fc ile sadece Mersin&#8217;in de\u011fil, hinterland\u0131nda yer alan illerin de ekonomileri \u00fczerinde etkili olmaktad\u0131r. Bir liman\u0131n ba\u015far\u0131l\u0131 ve s\u00fcrd\u00fcr\u00fclebilir \u015fekilde faaliyet g\u00f6stermesi, liman kullan\u0131c\u0131lar\u0131yla kurdu\u011fu g\u00fc\u00e7l\u00fc ili\u015fkiler ve bulundu\u011fu kentle entegrasyonu ile do\u011frudan ba\u011flant\u0131l\u0131d\u0131r. Liman i\u015fletmecilerinin liman kullan\u0131c\u0131lar\u0131 ile \u015feffafl\u0131k, \u00f6ng\u00f6r\u00fclebilirlik ve kar\u015f\u0131l\u0131kl\u0131 g\u00fcven ilkelerine dayal\u0131 bir ileti\u015fim kurmas\u0131, operasyonel s\u00fcre\u00e7lerin iyile\u015ftirilmesine katk\u0131 sa\u011flarken, liman\u0131n rekabet g\u00fcc\u00fcn\u00fc art\u0131r\u0131r, kentin ve \u00fclkenin kalk\u0131nmas\u0131na katk\u0131 sa\u011flar. Ancak, Mersin Liman \u0130\u015fletmecisinin son d\u00f6nemdeki uygulamalar\u0131n\u0131n bu ilkeler ile uyu\u015fmad\u0131\u011f\u0131n\u0131 g\u00f6r\u00fcyor ve bu durumu kayg\u0131yla takip ediyoruz. MIP taraf\u0131ndan y\u00fcr\u00fcrl\u00fc\u011fe konulan ve liman kullan\u0131c\u0131lar\u0131 a\u00e7\u0131s\u0131ndan sorunlara neden olan baz\u0131 uygulamalar\u0131 kamuoyu ile payla\u015fmak istiyoruz.&#8221; dedi.<\/p>\n\n\n\n<p>&#8220;YAPILAN FAH\u0130\u015e ARTI\u015eLARIN GEREK\u00c7ES\u0130 YOK!&#8221;<\/p>\n\n\n\n<p>Limana geli\u015f zaman\u0131n\u0131 \u00f6nceden bildiren konteyner gemilerine \u00f6ncelik tan\u0131nmas\u0131 anlam\u0131na gelen Yana\u015fma Penceresi Uygulamas\u0131&#8217;n\u0131n, 2013 y\u0131l\u0131ndan itibaren yakla\u015f\u0131k 10 y\u0131l s\u00fcre ile \u00fccretsiz olarak uyguland\u0131\u011f\u0131n\u0131 ve 2023 y\u0131l\u0131 May\u0131s ay\u0131nda sonland\u0131r\u0131ld\u0131\u011f\u0131n\u0131 ifade eden \u00d6zdemir, &#8220;Ancak, A\u011fustos 2023\u2019ten itibaren bu uygulama \u00fccretli olarak yeniden ba\u015flat\u0131lm\u0131\u015f ve kal\u0131c\u0131 hale getirilmi\u015ftir. Bahse konu \u00fccretlendirme, liman kullan\u0131c\u0131s\u0131 konumunda olan firmalar \u00fczerinde ilave bir maliyet getirmi\u015ftir. Bu uygulama \u00e7ok gerekli ise, daha \u00f6nce 10 y\u0131l s\u00fcre ile uyguland\u0131\u011f\u0131 \u015fekliyle \u00fccretsiz olarak uygulanmal\u0131d\u0131r. Limanda hizmet tarifeleri Amerikan Dolar\u0131 cinsinden olmas\u0131na ra\u011fmen \u00f6zelle\u015ftirildi\u011fi tarihten g\u00fcn\u00fcm\u00fcze kadar s\u0131k\u00e7a fiyat art\u0131\u015flar\u0131 yap\u0131lmaktad\u0131r. 2024 Y\u0131l\u0131 i\u00e7inde Ocak, A\u011fustos ve Ekim aylar\u0131nda \u00fc\u00e7 kez tarife art\u0131\u015f\u0131 yap\u0131lm\u0131\u015ft\u0131r. Yap\u0131lan fahi\u015f art\u0131\u015flar\u0131n hi\u00e7bir rasyonel gerek\u00e7esi bulunmamaktad\u0131r. Bu fahi\u015f art\u0131\u015flar\u0131n yan\u0131 s\u0131ra mevcut tarifelerde bulunmayan enerji katk\u0131 pay\u0131 gibi ilaveler yap\u0131lm\u0131\u015ft\u0131r. ABD Dolar\u0131 baz\u0131nda uygulanan tarifenin hem bu kadar s\u0131k de\u011fi\u015fmesi hem de a\u015f\u0131r\u0131 fiyat art\u0131\u015flar\u0131 yap\u0131lmas\u0131 kent ekonomisine zarar verdi\u011fi gibi, d\u0131\u015f ticaret ile u\u011fra\u015fan firmalar\u0131m\u0131z\u0131n rekabet g\u00fcc\u00fcn\u00fc zay\u0131flatmaktad\u0131r. Son olarak, 2025 \u015eubat ay\u0131nda uygulamaya konan son tarife d\u00fczenlemesi ile bir\u00e7ok kalemde yeniden art\u0131\u015f yap\u0131ld\u0131\u011f\u0131 g\u00f6r\u00fclmektedir.&#8221; \u015feklinde konu\u015ftu.<\/p>\n\n\n\n<p>&#8220;Y\u00dcKSELEN MAL\u0130YETLE OLUMSUZ ETK\u0130LER YAPIYOR!&#8221;<\/p>\n\n\n\n<p>Al\u0131c\u0131 veya y\u00fckleyiciden kaynakl\u0131 bekleme veya gecikmelerin posta bekleme tarifesi yerine fuzuli i\u015fgal olarak nitelendirilmesinin s\u0131k\u0131nt\u0131lara yol a\u00e7t\u0131\u011f\u0131n\u0131 anlatan \u00d6zdemir, &#8220;Ayr\u0131ca, bir \u00f6nceki tarife ile kar\u015f\u0131la\u015ft\u0131r\u0131ld\u0131\u011f\u0131nda; fuzuli i\u015fgal \u00fccretinde %400 ve posta \u00fccretinde y\u00fczde 200 fiyat art\u0131\u015f\u0131 yap\u0131ld\u0131\u011f\u0131 g\u00f6r\u00fclmektedir. Halihaz\u0131rdaki (konteyner harici) y\u00fckleme\/bo\u015faltma \u00fccretlerinin b\u00f6lge limanlar\u0131na g\u00f6re y\u00fcksek olmas\u0131n\u0131n (7,35 USD\/ton) liman kullan\u0131c\u0131lar\u0131n\u0131n maliyetlerini y\u00fckseltti\u011fi ve rekabet g\u00fc\u00e7lerine zarar verdi\u011fi g\u00f6r\u00fclmektedir. Y\u00fckselen maliyetler, \u00f6zellikle transit ticaretimiz \u00fczerinde olumsuz etkiler yapmaya ba\u015flam\u0131\u015ft\u0131r. MIP\u2019in, (\u00f6zellikle fiyat tarifesini belirleme s\u00fcrecinde) tek tarafl\u0131 olarak hareket etmesi bize g\u00f6re sorunlar\u0131n en b\u00fcy\u00fck kayna\u011f\u0131d\u0131r. Tarifeler belirlenirken ilgili sekt\u00f6rler ve kesimler ile isti\u015farede bulunulmas\u0131n\u0131n mevcut ve muhtemel sorunlar\u0131n \u00e7\u00f6z\u00fcm\u00fcnde \u00e7ok \u00f6nemli bir rol oynayabilece\u011fine inan\u0131yoruz. Bu ba\u011flamda, limana gelen t\u00fcm konteyner y\u00fcklerinin tart\u0131mlar\u0131n\u0131n sadece MIP taraf\u0131ndan ve \u00fccretli olarak yap\u0131labilece\u011fi y\u00f6n\u00fcndeki uygulaman\u0131n, uyar\u0131lar\u0131m\u0131z neticesinde iptal edilmesini memnuniyetle kar\u015f\u0131l\u0131yoruz. MIP y\u00f6netiminin bu olaydaki sa\u011fduyulu yakla\u015f\u0131m\u0131n\u0131, di\u011fer uygulamalar i\u00e7in de g\u00f6stermesini ve fiyat tarifesini makul seviyelere \u00e7ekmesini bekliyoruz. Bundan dolay\u0131, ilgili kesimler aras\u0131nda isti\u015fare s\u00fcrecinin bir an \u00f6nce ba\u015flat\u0131lmas\u0131 gerekti\u011fini d\u00fc\u015f\u00fcn\u00fcyoruz.&#8221; ifadelerini kulland\u0131.<\/p>\n","protected":false},"excerpt":{"rendered":"<p>MIP taraf\u0131ndan y\u00fcr\u00fcrl\u00fc\u011fe konulan baz\u0131 uygulamalar ve fiyat tarifesindeki a\u015f\u0131r\u0131 art\u0131\u015flara Mersin Ticaret Borsas\u0131 Ba\u015fkan\u0131 Abdullah \u00d6zdemir&#8217;in a\u00e7\u0131klamalarda bulundu. Kent ekonomisinin kalbi durumunda olan Mersin Liman\u0131&#8217;n\u0131n T\u00fcrkiye&#8217;nin en b\u00fcy\u00fck limanlar\u0131ndan biri olup, Ortado\u011fu, Avrupa ve Asya aras\u0131nda bir ticaret k\u00f6pr\u00fcs\u00fc i\u015flevi g\u00f6rd\u00fc\u011f\u00fcn\u00fc hat\u0131rlatan \u00d6zdemir, &#8220;Bu y\u00f6n\u00fc ile sadece Mersin&#8217;in de\u011fil, hinterland\u0131nda yer alan illerin de [&hellip;]<\/p>\n","protected":false},"author":2,"featured_media":40075,"comment_status":"closed","ping_status":"closed","sticky":false,"template":"","format":"standard","meta":{"footnotes":""},"categories":[34,3],"tags":[],"class_list":["post-40074","post","type-post","status-publish","format-standard","has-post-thumbnail","hentry","category-flas-haber","category-manset"],"views":7,"_links":{"self":[{"href":"https:\/\/mersinkadingazetesi.com\/index.php?rest_route=\/wp\/v2\/posts\/40074"}],"collection":[{"href":"https:\/\/mersinkadingazetesi.com\/index.php?rest_route=\/wp\/v2\/posts"}],"about":[{"href":"https:\/\/mersinkadingazetesi.com\/index.php?rest_route=\/wp\/v2\/types\/post"}],"author":[{"embeddable":true,"href":"https:\/\/mersinkadingazetesi.com\/index.php?rest_route=\/wp\/v2\/users\/2"}],"replies":[{"embeddable":true,"href":"https:\/\/mersinkadingazetesi.com\/index.php?rest_route=%2Fwp%2Fv2%2Fcomments&post=40074"}],"version-history":[{"count":1,"href":"https:\/\/mersinkadingazetesi.com\/index.php?rest_route=\/wp\/v2\/posts\/40074\/revisions"}],"predecessor-version":[{"id":40076,"href":"https:\/\/mersinkadingazetesi.com\/index.php?rest_route=\/wp\/v2\/posts\/40074\/revisions\/40076"}],"wp:featuredmedia":[{"embeddable":true,"href":"https:\/\/mersinkadingazetesi.com\/index.php?rest_route=\/wp\/v2\/media\/40075"}],"wp:attachment":[{"href":"https:\/\/mersinkadingazetesi.com\/index.php?rest_route=%2Fwp%2Fv2%2Fmedia&parent=40074"}],"wp:term":[{"taxonomy":"category","embeddable":true,"href":"https:\/\/mersinkadingazetesi.com\/index.php?rest_route=%2Fwp%2Fv2%2Fcategories&post=40074"},{"taxonomy":"post_tag","embeddable":true,"href":"https:\/\/mersinkadingazetesi.com\/index.php?rest_route=%2Fwp%2Fv2%2Ftags&post=40074"}],"curies":[{"name":"wp","href":"https:\/\/api.w.org\/{rel}","templated":true}]}}