{"id":40085,"date":"2025-02-27T10:32:15","date_gmt":"2025-02-27T07:32:15","guid":{"rendered":"https:\/\/mersinkadingazetesi.com\/?p=40085"},"modified":"2025-02-27T10:32:16","modified_gmt":"2025-02-27T07:32:16","slug":"enerjisa-enerji-2024-yili-finansal-hedeflerinin-tamamini-gerceklestirdi","status":"publish","type":"post","link":"https:\/\/mersinkadingazetesi.com\/?p=40085","title":{"rendered":"ENERJ\u0130SA ENERJ\u0130 2024 YILI F\u0130NANSAL HEDEFLER\u0130N\u0130N TAMAMINI GER\u00c7EKLE\u015eT\u0130RD\u0130\u00a0"},"content":{"rendered":"\n<p><strong>T\u00fcrkiye\u2019nin enerji d\u00f6n\u00fc\u015f\u00fcm\u00fcn\u00fcn \u00f6zel sekt\u00f6rdeki itici g\u00fcc\u00fc Enerjisa Enerji, altyap\u0131 yat\u0131r\u0131mlar\u0131na 2024 y\u0131l\u0131nda da devam etti. Liderlik etti\u011fi elektrik da\u011f\u0131t\u0131m, perakende sat\u0131\u015f ve m\u00fc\u015fteri \u00e7\u00f6z\u00fcmleri sekt\u00f6rlerinde \u00f6nc\u00fc uygulamalar\u0131 hayata ge\u00e7iren Enerjisa Enerji, 2024 y\u0131l\u0131 sonu finansal sonu\u00e7lar\u0131n\u0131 yat\u0131r\u0131mc\u0131lar\u0131 ile payla\u015ft\u0131.<\/strong><\/p>\n\n\n\n<p><strong>2024 mali hedeflerinin tamam\u0131n\u0131 ger\u00e7ekle\u015ftiren Enerjisa Enerji\u2019nin, zorlu piyasa ko\u015fullar\u0131na ra\u011fmen operasyonel m\u00fckemmelli\u011fe olan ba\u011fl\u0131l\u0131\u011f\u0131 ve s\u00fcrd\u00fcr\u00fclebilir b\u00fcy\u00fcmeye odaklanmas\u0131, yat\u0131r\u0131mc\u0131lar\u0131n\u0131n g\u00fcvenini peki\u015ftirdi.<\/strong><\/p>\n\n\n\n<p>Enerjisa Enerji, 2024 y\u0131l\u0131 i\u00e7in belirlemi\u015f oldu\u011fu mali hedeflerini sene ba\u015f\u0131nda yat\u0131r\u0131mc\u0131lar\u0131 ile payla\u015fm\u0131\u015ft\u0131. Elektrik da\u011f\u0131t\u0131m, perakende sat\u0131\u015f ve m\u00fc\u015fteri \u00e7\u00f6z\u00fcmlerini i\u00e7eren sa\u011flam i\u015f modeli sayesinde, Enerjisa Enerji payla\u015ft\u0131\u011f\u0131 d\u00f6rt kalemde de hedeflerine ba\u015far\u0131yla ula\u015ft\u0131\u011f\u0131n\u0131 duyurdu.<\/p>\n\n\n\n<p>Globalde ve \u00fclkemizde s\u00fcregelen zorlu \u015fartlara ra\u011fmen Enerjisa Enerji, 2024 y\u0131l\u0131 faaliyet gelirini ge\u00e7en y\u0131l\u0131n ayn\u0131 d\u00f6nemine g\u00f6re reel olarak 2,2 milyar TL y\u00fckselterek 41,2 milyar TL\u2019ye ula\u015ft\u0131rd\u0131.<\/p>\n\n\n\n<p><strong>2024 y\u0131l\u0131nda da t\u00fcm i\u015f kollar\u0131nda yat\u0131r\u0131mlar\u0131na devam etti<\/strong><\/p>\n\n\n\n<p>Enerjisa Enerji ana faaliyet alanlar\u0131ndan Da\u011f\u0131t\u0131m i\u015f kolunda, 2024 y\u0131l\u0131nda, 13 milyar TL\u2019yi a\u015fan bir yat\u0131r\u0131m ile ayn\u0131 sekt\u00f6re s\u00fcrd\u00fcr\u00fclebilir bir katk\u0131 sunmaya devam etti. \u0130\u015f modelinin sa\u011flaml\u0131\u011f\u0131 ve operasyonel m\u00fckemmeliyetin \u00f6n planda oldu\u011fu bu ba\u015far\u0131, yat\u0131r\u0131mc\u0131lar\u0131n g\u00fcvenini peki\u015ftirdi. Ak\u0131ll\u0131 \u015febeke yat\u0131r\u0131mlar\u0131 ve teknolojinin etkin kullan\u0131m\u0131n\u0131 tecr\u00fcbesiyle bir araya getiren Enerjisa Enerji, 2025 y\u0131l\u0131nda da T\u00fcrkiye\u2019nin enerji d\u00f6n\u00fc\u015f\u00fcm\u00fcne h\u0131z kazand\u0131ran yat\u0131r\u0131mlar\u0131na devam edecek.&nbsp;<\/p>\n\n\n\n<p>D\u00fc\u015f\u00fck enerji fiyatlar\u0131 sebebiyle elektrik perakende sat\u0131\u015f alan\u0131nda beklentiye paralel olarak karl\u0131l\u0131kta d\u00fc\u015f\u00fc\u015f ya\u015fayan \u015firket, di\u011fer yandan d\u00fczenlemeye tabi ve serbest piyasalardaki sat\u0131\u015f hacmini s\u0131ras\u0131yla %7 ve %32 art\u0131rarak sekt\u00f6rdeki rekabet g\u00fcc\u00fcn\u00fc g\u00f6steriyor.&nbsp;<\/p>\n\n\n\n<p><strong>G\u00fcne\u015f enerjisi kurulu g\u00fcc\u00fcnde %250 art\u0131\u015f ile rekor &nbsp;<\/strong><\/p>\n\n\n\n<p>2018 y\u0131l\u0131ndan bu yana varl\u0131k g\u00f6sterdi\u011fi ve pazar lideri oldu\u011fu M\u00fc\u015fteri \u00c7\u00f6z\u00fcmleri i\u015f kolunda da 2024 y\u0131l\u0131 boyunca g\u00fc\u00e7l\u00fc bir performans sergilendi\u011fi g\u00f6r\u00fcl\u00fcyor. M\u00fc\u015fterilerine g\u00fcne\u015f enerjisi santrali kurulumu yapan \u015firket, tamamlad\u0131\u011f\u0131 projeler sonucunda g\u00fcne\u015f enerjisi kurulu g\u00fcc\u00fcn\u00fcn art\u0131r\u0131lmas\u0131yla birlikte 2023 y\u0131l\u0131nda 1,5 milyar TL olan br\u00fct k\u00e2r\u0131n\u0131 2024 y\u0131l\u0131nda 5,9 milyar TL&#8217;ye y\u00fckseltmi\u015f durumda. G\u00fcne\u015f enerjisi santrali projelerinin y\u0131ll\u0131k kurulu kapasitesi yakla\u015f\u0131k %250 art\u0131\u015fla 102,4 MWp&#8217;ye ula\u015ft\u0131. Enerjisa Enerji\u2019nin %100 i\u015ftiraki E\u015farj, e-mobilite sekt\u00f6r\u00fcndeki en fazla h\u0131zl\u0131 \u015farj istasyonuna sahip \u015firket olarak b\u00fcy\u00fcmeye devam ediyor. E\u015farj\u2019a yap\u0131lan yat\u0131r\u0131m ile 2023 y\u0131l\u0131nda 1.780 olan \u015farj soketi say\u0131s\u0131 %44 art\u0131\u015fla 2.563\u2019e ula\u015ft\u0131.<\/p>\n\n\n\n<p><strong>P\u0131nar: \u201c\u00dclkemizin enerji ihtiyac\u0131n\u0131 kar\u015f\u0131lamak ve s\u00fcrd\u00fcr\u00fclebilir kalk\u0131nmaya katk\u0131 sa\u011flamak i\u00e7in var g\u00fcc\u00fcm\u00fczle \u00e7al\u0131\u015fmaya devam edece\u011fiz.\u201d<\/strong><\/p>\n\n\n\n<p>T\u00fcrkiye\u2019nin enerji d\u00f6n\u00fc\u015f\u00fcm\u00fcn\u00fcn \u00f6zel sekt\u00f6rdeki itici g\u00fcc\u00fc olarak, s\u00fcrd\u00fcr\u00fclebilir enerji ve altyap\u0131 yat\u0131r\u0131mlar\u0131na olan ba\u011fl\u0131l\u0131klar\u0131n\u0131 bir kez daha kan\u0131tlad\u0131klar\u0131n\u0131 belirten&nbsp;<strong>Enerjisa Enerji CEO\u2019su Murat P\u0131nar<\/strong>, \u201c<em>\u0130\u015f kollar\u0131m\u0131zdaki ba\u015far\u0131lar, T\u00fcrkiye\u2019nin enerji g\u00fcvenli\u011fi ve s\u00fcrd\u00fcr\u00fclebilirli\u011fi hedeflerine olan katk\u0131m\u0131z\u0131 da g\u00f6steriyor Enerjisa Enerji olarak da\u011f\u0131t\u0131m i\u015f kolundaki altyap\u0131 yat\u0131r\u0131mlar\u0131m\u0131za h\u0131z kesmeden devam ederken, M\u00fc\u015fteri \u00c7\u00f6z\u00fcmleri \u015firketimiz ile 102,4 MWp\u2019ye ula\u015fan G\u00fcne\u015f enerjisi santrali kurulu g\u00fcc\u00fcm\u00fcz ile yenilenebilir enerji yat\u0131r\u0131mlar\u0131m\u0131z\u0131 ve enerji verimlili\u011fi projelerimizi de sekt\u00f6re liderlik ederek geni\u015fletiyoruz. &nbsp;G\u00fcne\u015f enerjisi ve e-mobilite gibi alanlarda elde etti\u011fimiz \u00f6nemli ba\u015far\u0131lar, enerji sekt\u00f6r\u00fcnde \u00e7evresel duyarl\u0131l\u0131\u011f\u0131 art\u0131rma ve karbon ayak izini azaltma y\u00f6n\u00fcndeki stratejik ad\u0131mlar\u0131m\u0131zdan biri olman\u0131n yan\u0131 s\u0131ra, en \u00f6nemli ithalat kalemi enerji olan T\u00fcrkiye i\u00e7in de olduk\u00e7a elzem. Bizler, enerjide d\u00f6n\u00fc\u015f\u00fcm\u00fcn\u00fc sa\u011flaman\u0131n sadece finansal ba\u015far\u0131larla de\u011fil, ayn\u0131 zamanda \u00e7evresel ve toplumsal sorumluluklarla m\u00fcmk\u00fcn oldu\u011funa inan\u0131yoruz. \u00c7evik ve yenilik\u00e7i yakla\u015f\u0131mlar\u0131m\u0131z sayesinde, T\u00fcrkiye\u2019nin enerji gelece\u011fine katk\u0131da bulunmay\u0131 ve t\u00fcm payda\u015flar\u0131m\u0131za de\u011fer yaratmay\u0131 s\u00fcrd\u00fcrece\u011fiz. Gelecekte de \u00fclkemizin enerji ihtiyac\u0131n\u0131 kar\u015f\u0131lamak ve s\u00fcrd\u00fcr\u00fclebilir kalk\u0131nmaya katk\u0131 sa\u011flamak i\u00e7in var g\u00fcc\u00fcm\u00fczle \u00e7al\u0131\u015fmaya devam edece\u011fiz. Yaln\u0131zca bug\u00fcn\u00fcn de\u011fil, yar\u0131n\u0131n da enerji \u015firketi olarak, Daha \u0130yi Bir Gelecek i\u00e7in \u00e7al\u0131\u015fmaya kararl\u0131y\u0131z<\/em>\u201d dedi.<\/p>\n\n\n\n<p><strong>ULBRICH: \u201cS\u00fcrd\u00fcr\u00fclebilir b\u00fcy\u00fcme hedefimiz ve rekabet\u00e7i temett\u00fc taahh\u00fcd\u00fcm\u00fcz ile yat\u0131r\u0131mc\u0131lar\u0131m\u0131z i\u00e7in benzersiz bir de\u011fer yaratmaya devam edece\u011fiz.\u201d<\/strong><\/p>\n\n\n\n<p>T\u00fcrkiye\u2019nin karbonsuzla\u015fma yolculu\u011funun bel kemi\u011fi olan enerji sekt\u00f6r\u00fcne do\u011fru te\u015fviklerin ve yat\u0131r\u0131mlar\u0131n akmas\u0131 gerekti\u011finin alt\u0131n\u0131 \u00e7izen&nbsp;<strong>Enerjisa Enerji CFO\u2019su Philipp Ulbrich<\/strong>: \u201c<em>2024 y\u0131l\u0131, finansal performans\u0131m\u0131z a\u00e7\u0131s\u0131ndan \u00f6nemli bir y\u0131l oldu. Enflasyona endekslenmi\u015f faaliyet gelirimizi y\u0131ll\u0131k bazda %6 art\u0131rarak 41,2 milyar TL&#8217;ye y\u00fckselttik ve enflasyonun \u00fczerinde bir b\u00fcy\u00fcme kaydettik. Ayr\u0131ca, perakende tarife y\u00fck\u00fcn\u00fcn hafifletilmesiyle serbest nakit ak\u0131\u015f\u0131m\u0131zda y\u0131ll\u0131k bazda 2,4 milyar TL&#8217;lik bir iyile\u015fme g\u00f6rd\u00fck. Bunun yan\u0131 s\u0131ra m\u00fc\u015fteri \u00e7\u00f6z\u00fcmleri i\u015f kolumuzda da g\u00fc\u00e7l\u00fc bir b\u00fcy\u00fcme sa\u011flad\u0131k. \u00d6te yandan, artan finansman giderleri ve enflasyon muhasebesinden kaynaklanan y\u00fcklere ra\u011fmen, 2024 mali hedeflerimizi, enflasyona kar\u015f\u0131 korunan i\u015f modelimiz ve planland\u0131\u011f\u0131 \u015fekilde kesintisiz olarak ilerleyen operasyonlar\u0131m\u0131z sayesinde ba\u015far\u0131yla tamamlad\u0131k ve yat\u0131r\u0131mc\u0131lar\u0131m\u0131za kar\u015f\u0131 sorumlulu\u011fumuzu yerine getirdik. Hatta yat\u0131r\u0131mc\u0131lar\u0131m\u0131z\u0131n beklentilerini kar\u015f\u0131layacak \u015fekilde 2,87 TL temett\u00fc teklifini de sunduk. Y\u00fcksek enflasyon ve faiz ortam\u0131nda dahi devam eden g\u00fc\u00e7l\u00fc finansal yap\u0131m\u0131zla, \u00f6n\u00fcm\u00fczdeki d\u00f6nemlerde s\u00fcrd\u00fcr\u00fclebilir b\u00fcy\u00fcme stratejimiz ve rekabet\u00e7i temett\u00fc taah\u00fcd\u00fcm\u00fcz ile yat\u0131r\u0131mc\u0131lar\u0131m\u0131z i\u00e7in benzersiz bir de\u011fer yaratmaya devam edece\u011fiz<\/em>\u201d dedi.<\/p>\n","protected":false},"excerpt":{"rendered":"<p>T\u00fcrkiye\u2019nin enerji d\u00f6n\u00fc\u015f\u00fcm\u00fcn\u00fcn \u00f6zel sekt\u00f6rdeki itici g\u00fcc\u00fc Enerjisa Enerji, altyap\u0131 yat\u0131r\u0131mlar\u0131na 2024 y\u0131l\u0131nda da devam etti. Liderlik etti\u011fi elektrik da\u011f\u0131t\u0131m, perakende sat\u0131\u015f ve m\u00fc\u015fteri \u00e7\u00f6z\u00fcmleri sekt\u00f6rlerinde \u00f6nc\u00fc uygulamalar\u0131 hayata ge\u00e7iren Enerjisa Enerji, 2024 y\u0131l\u0131 sonu finansal sonu\u00e7lar\u0131n\u0131 yat\u0131r\u0131mc\u0131lar\u0131 ile payla\u015ft\u0131. 2024 mali hedeflerinin tamam\u0131n\u0131 ger\u00e7ekle\u015ftiren Enerjisa Enerji\u2019nin, zorlu piyasa ko\u015fullar\u0131na ra\u011fmen operasyonel m\u00fckemmelli\u011fe olan ba\u011fl\u0131l\u0131\u011f\u0131 [&hellip;]<\/p>\n","protected":false},"author":2,"featured_media":40086,"comment_status":"closed","ping_status":"closed","sticky":false,"template":"","format":"standard","meta":{"footnotes":""},"categories":[3],"tags":[],"class_list":["post-40085","post","type-post","status-publish","format-standard","has-post-thumbnail","hentry","category-manset"],"views":3,"_links":{"self":[{"href":"https:\/\/mersinkadingazetesi.com\/index.php?rest_route=\/wp\/v2\/posts\/40085"}],"collection":[{"href":"https:\/\/mersinkadingazetesi.com\/index.php?rest_route=\/wp\/v2\/posts"}],"about":[{"href":"https:\/\/mersinkadingazetesi.com\/index.php?rest_route=\/wp\/v2\/types\/post"}],"author":[{"embeddable":true,"href":"https:\/\/mersinkadingazetesi.com\/index.php?rest_route=\/wp\/v2\/users\/2"}],"replies":[{"embeddable":true,"href":"https:\/\/mersinkadingazetesi.com\/index.php?rest_route=%2Fwp%2Fv2%2Fcomments&post=40085"}],"version-history":[{"count":1,"href":"https:\/\/mersinkadingazetesi.com\/index.php?rest_route=\/wp\/v2\/posts\/40085\/revisions"}],"predecessor-version":[{"id":40087,"href":"https:\/\/mersinkadingazetesi.com\/index.php?rest_route=\/wp\/v2\/posts\/40085\/revisions\/40087"}],"wp:featuredmedia":[{"embeddable":true,"href":"https:\/\/mersinkadingazetesi.com\/index.php?rest_route=\/wp\/v2\/media\/40086"}],"wp:attachment":[{"href":"https:\/\/mersinkadingazetesi.com\/index.php?rest_route=%2Fwp%2Fv2%2Fmedia&parent=40085"}],"wp:term":[{"taxonomy":"category","embeddable":true,"href":"https:\/\/mersinkadingazetesi.com\/index.php?rest_route=%2Fwp%2Fv2%2Fcategories&post=40085"},{"taxonomy":"post_tag","embeddable":true,"href":"https:\/\/mersinkadingazetesi.com\/index.php?rest_route=%2Fwp%2Fv2%2Ftags&post=40085"}],"curies":[{"name":"wp","href":"https:\/\/api.w.org\/{rel}","templated":true}]}}