{"id":40091,"date":"2025-02-27T10:34:39","date_gmt":"2025-02-27T07:34:39","guid":{"rendered":"https:\/\/mersinkadingazetesi.com\/?p=40091"},"modified":"2025-02-27T10:34:40","modified_gmt":"2025-02-27T07:34:40","slug":"mezitli-kaymakamliginca-aile-odakli-projeler-hayata-geciyor","status":"publish","type":"post","link":"https:\/\/mersinkadingazetesi.com\/?p=40091","title":{"rendered":"MEZ\u0130TL\u0130 KAYMAKAMLI\u011eINCA A\u0130LE ODAKLI PROJELER HAYATA GE\u00c7\u0130YOR"},"content":{"rendered":"\n<p>2025 y\u0131l\u0131n\u0131n &#8220;Aile Y\u0131l\u0131&#8221; ilan edilmesi ile birlikte Mezitli Kaymakaml\u0131\u011f\u0131nca Aile odakl\u0131 projelerin hayata ge\u00e7irilmesi i\u00e7in \u00e7al\u0131\u015fma ba\u015flat\u0131ld\u0131. &#8220;Ailenin Korunmas\u0131 ve G\u00fc\u00e7lendirilmesi Vizyon Belgesi ve Eylem Plan\u0131&#8221; kapsam\u0131nda Mezitli Kaymakaml\u0131\u011f\u0131 himayesinde Mezitli Sosyal Hizmet Merkezi Koordinat\u00f6rl\u00fc\u011f\u00fcnde ilk a\u015famada, &#8216;Aile Dostu Mezitli&#8217;de B\u00fcy\u00fck K\u00fc\u00e7\u00fck On Bin G\u00fcl\u00fcc\u00fck Projesi&#8217;nin hayata ge\u00e7mesi hedefleniyor.<\/p>\n\n\n\n<p>Proje \u00e7al\u0131\u015fmalar\u0131na y\u00f6nelik olarak Mezitli Kaymakam\u0131 Turgay G\u00fclen\u00e7 ba\u015fkanl\u0131\u011f\u0131nda proje payda\u015f\u0131 kamu kurumlar\u0131, STK ve \u00f6zel sekt\u00f6r yetkilileriyle koordinasyon toplant\u0131s\u0131 ger\u00e7ekle\u015ftirildi.<\/p>\n\n\n\n<p>Bu proje kapsam\u0131nda<\/p>\n\n\n\n<p>engelli, ya\u015fl\u0131, \u015fehit yak\u0131nlar\u0131, gazi ve yak\u0131nlar\u0131, ebeveyn kayb\u0131 ya\u015fam\u0131\u015f \u00e7ocuklar, \u015fiddet ma\u011fduru kad\u0131nlar,<\/p>\n\n\n\n<p>evlilik kredisine ba\u015fvurmu\u015f yeni evlenecek olan \u00e7iftler ve sosyoekonomik deste\u011fe ihtiya\u00e7 duyan ailelere<\/p>\n\n\n\n<p>yard\u0131m etmeyi ve ihtiya\u00e7 sahibi ailelere y\u00f6nelik bir destek a\u011f\u0131 olu\u015fturulmas\u0131 hedeflenmektedir.<\/p>\n","protected":false},"excerpt":{"rendered":"<p>2025 y\u0131l\u0131n\u0131n &#8220;Aile Y\u0131l\u0131&#8221; ilan edilmesi ile birlikte Mezitli Kaymakaml\u0131\u011f\u0131nca Aile odakl\u0131 projelerin hayata ge\u00e7irilmesi i\u00e7in \u00e7al\u0131\u015fma ba\u015flat\u0131ld\u0131. &#8220;Ailenin Korunmas\u0131 ve G\u00fc\u00e7lendirilmesi Vizyon Belgesi ve Eylem Plan\u0131&#8221; kapsam\u0131nda Mezitli Kaymakaml\u0131\u011f\u0131 himayesinde Mezitli Sosyal Hizmet Merkezi Koordinat\u00f6rl\u00fc\u011f\u00fcnde ilk a\u015famada, &#8216;Aile Dostu Mezitli&#8217;de B\u00fcy\u00fck K\u00fc\u00e7\u00fck On Bin G\u00fcl\u00fcc\u00fck Projesi&#8217;nin hayata ge\u00e7mesi hedefleniyor. Proje \u00e7al\u0131\u015fmalar\u0131na y\u00f6nelik olarak Mezitli [&hellip;]<\/p>\n","protected":false},"author":2,"featured_media":40092,"comment_status":"closed","ping_status":"closed","sticky":false,"template":"","format":"standard","meta":{"footnotes":""},"categories":[3],"tags":[],"class_list":["post-40091","post","type-post","status-publish","format-standard","has-post-thumbnail","hentry","category-manset"],"views":6,"_links":{"self":[{"href":"https:\/\/mersinkadingazetesi.com\/index.php?rest_route=\/wp\/v2\/posts\/40091"}],"collection":[{"href":"https:\/\/mersinkadingazetesi.com\/index.php?rest_route=\/wp\/v2\/posts"}],"about":[{"href":"https:\/\/mersinkadingazetesi.com\/index.php?rest_route=\/wp\/v2\/types\/post"}],"author":[{"embeddable":true,"href":"https:\/\/mersinkadingazetesi.com\/index.php?rest_route=\/wp\/v2\/users\/2"}],"replies":[{"embeddable":true,"href":"https:\/\/mersinkadingazetesi.com\/index.php?rest_route=%2Fwp%2Fv2%2Fcomments&post=40091"}],"version-history":[{"count":1,"href":"https:\/\/mersinkadingazetesi.com\/index.php?rest_route=\/wp\/v2\/posts\/40091\/revisions"}],"predecessor-version":[{"id":40093,"href":"https:\/\/mersinkadingazetesi.com\/index.php?rest_route=\/wp\/v2\/posts\/40091\/revisions\/40093"}],"wp:featuredmedia":[{"embeddable":true,"href":"https:\/\/mersinkadingazetesi.com\/index.php?rest_route=\/wp\/v2\/media\/40092"}],"wp:attachment":[{"href":"https:\/\/mersinkadingazetesi.com\/index.php?rest_route=%2Fwp%2Fv2%2Fmedia&parent=40091"}],"wp:term":[{"taxonomy":"category","embeddable":true,"href":"https:\/\/mersinkadingazetesi.com\/index.php?rest_route=%2Fwp%2Fv2%2Fcategories&post=40091"},{"taxonomy":"post_tag","embeddable":true,"href":"https:\/\/mersinkadingazetesi.com\/index.php?rest_route=%2Fwp%2Fv2%2Ftags&post=40091"}],"curies":[{"name":"wp","href":"https:\/\/api.w.org\/{rel}","templated":true}]}}