{"id":40109,"date":"2025-02-27T11:34:32","date_gmt":"2025-02-27T08:34:32","guid":{"rendered":"https:\/\/mersinkadingazetesi.com\/?p=40109"},"modified":"2025-02-27T11:34:32","modified_gmt":"2025-02-27T08:34:32","slug":"deva-partisi-mersin-il-baskani-taner-isikbay-ramazan-paylasmanin-ve-dayanismanin-en-guzel-zamanidir","status":"publish","type":"post","link":"https:\/\/mersinkadingazetesi.com\/?p=40109","title":{"rendered":"Deva Partisi Mersin \u0130l Ba\u015fkan\u0131 Taner I\u015f\u0131kbay: &#8220;Ramazan, Payla\u015fman\u0131n ve Dayan\u0131\u015fman\u0131n En G\u00fczel Zaman\u0131d\u0131r!&#8221;"},"content":{"rendered":"\n<p>Deva Partisi Mersin \u0130l Ba\u015fkan\u0131 Taner I\u015f\u0131kbay, Ramazan ay\u0131n\u0131n yakla\u015fmas\u0131yla birlikte yapt\u0131\u011f\u0131 a\u00e7\u0131klamada, bu kutsal ay\u0131n manevi de\u011ferlerine vurgu yaparak, \u00f6zellikle ekonomik zorluklar i\u00e7inde bulunan vatanda\u015flara destek olunmas\u0131 gerekti\u011fini belirtti.<\/p>\n\n\n\n<p>&#8220;RAMAZAN, SADECE ORU\u00c7 DE\u011e\u0130L, PAYLA\u015eMANIN VE EMPAT\u0130N\u0130N AYIDIR&#8221;<\/p>\n\n\n\n<p>Ba\u015fkan I\u015f\u0131kbay, Ramazan ay\u0131n\u0131n sadece ibadetle de\u011fil, toplumsal dayan\u0131\u015fmayla da anlam kazand\u0131\u011f\u0131n\u0131 ifade ederek \u015fu a\u00e7\u0131klamalarda bulundu:<br>&#8220;Ramazan ay\u0131, a\u00e7 kalanlar\u0131n halinden anlamak, sofralar\u0131m\u0131z\u0131 ihtiya\u00e7 sahipleriyle payla\u015fmak ve yard\u0131mla\u015fman\u0131n en g\u00fc\u00e7l\u00fc oldu\u011fu zaman dilimidir. Ancak bug\u00fcn, bir\u00e7ok vatanda\u015f\u0131m\u0131z iftar sofralar\u0131n\u0131 kurmakta zorlan\u0131yor. \u0130\u015fte bu y\u00fczden, dayan\u0131\u015fmay\u0131 art\u0131rmal\u0131 ve elimizden gelen deste\u011fi vermeliyiz.&#8221;<\/p>\n\n\n\n<p>&#8220;EKONOM\u0130K ZORLUKLARI PAYLA\u015eARAK HAF\u0130FLETEB\u0130L\u0130R\u0130Z&#8221;<\/p>\n\n\n\n<p>Ba\u015fkan I\u015f\u0131kbay, artan ekonomik s\u0131k\u0131nt\u0131lar\u0131n, Ramazan ay\u0131nda yard\u0131mla\u015fman\u0131n \u00f6nemini daha da art\u0131rd\u0131\u011f\u0131n\u0131 belirterek \u015fu \u00e7a\u011fr\u0131y\u0131 yapt\u0131:<br>&#8220;Ramazan, sadece kendi ibadetimizi yerine getirdi\u011fimiz bir ay de\u011fil, \u00e7evremizdekilere de umut olma zaman\u0131d\u0131r. Sofralar\u0131m\u0131z\u0131, elimizdeki imkanlar\u0131 payla\u015farak bu zorlu g\u00fcnleri birlikte a\u015fabiliriz. Dayan\u0131\u015fma, bizim en b\u00fcy\u00fck g\u00fcc\u00fcm\u00fczd\u00fcr.&#8221;<br>Deva Partisi Mersin \u0130l Ba\u015fkan\u0131 Taner I\u015f\u0131kbay, &#8220;Bu m\u00fcbarek ay\u0131n bar\u0131\u015f, huzur ve bereket getirmesini temenni ediyor, t\u00fcm vatanda\u015flar\u0131m\u0131z\u0131n Ramazan ay\u0131n\u0131 en i\u00e7ten dileklerimle kutluyorum&#8221; \u015feklinde konu\u015ftu.<\/p>\n","protected":false},"excerpt":{"rendered":"<p>Deva Partisi Mersin \u0130l Ba\u015fkan\u0131 Taner I\u015f\u0131kbay, Ramazan ay\u0131n\u0131n yakla\u015fmas\u0131yla birlikte yapt\u0131\u011f\u0131 a\u00e7\u0131klamada, bu kutsal ay\u0131n manevi de\u011ferlerine vurgu yaparak, \u00f6zellikle ekonomik zorluklar i\u00e7inde bulunan vatanda\u015flara destek olunmas\u0131 gerekti\u011fini belirtti. &#8220;RAMAZAN, SADECE ORU\u00c7 DE\u011e\u0130L, PAYLA\u015eMANIN VE EMPAT\u0130N\u0130N AYIDIR&#8221; Ba\u015fkan I\u015f\u0131kbay, Ramazan ay\u0131n\u0131n sadece ibadetle de\u011fil, toplumsal dayan\u0131\u015fmayla da anlam kazand\u0131\u011f\u0131n\u0131 ifade ederek \u015fu a\u00e7\u0131klamalarda bulundu:&#8220;Ramazan [&hellip;]<\/p>\n","protected":false},"author":2,"featured_media":36045,"comment_status":"closed","ping_status":"closed","sticky":false,"template":"","format":"standard","meta":{"footnotes":""},"categories":[3],"tags":[],"class_list":["post-40109","post","type-post","status-publish","format-standard","has-post-thumbnail","hentry","category-manset"],"views":7,"_links":{"self":[{"href":"https:\/\/mersinkadingazetesi.com\/index.php?rest_route=\/wp\/v2\/posts\/40109"}],"collection":[{"href":"https:\/\/mersinkadingazetesi.com\/index.php?rest_route=\/wp\/v2\/posts"}],"about":[{"href":"https:\/\/mersinkadingazetesi.com\/index.php?rest_route=\/wp\/v2\/types\/post"}],"author":[{"embeddable":true,"href":"https:\/\/mersinkadingazetesi.com\/index.php?rest_route=\/wp\/v2\/users\/2"}],"replies":[{"embeddable":true,"href":"https:\/\/mersinkadingazetesi.com\/index.php?rest_route=%2Fwp%2Fv2%2Fcomments&post=40109"}],"version-history":[{"count":1,"href":"https:\/\/mersinkadingazetesi.com\/index.php?rest_route=\/wp\/v2\/posts\/40109\/revisions"}],"predecessor-version":[{"id":40111,"href":"https:\/\/mersinkadingazetesi.com\/index.php?rest_route=\/wp\/v2\/posts\/40109\/revisions\/40111"}],"wp:featuredmedia":[{"embeddable":true,"href":"https:\/\/mersinkadingazetesi.com\/index.php?rest_route=\/wp\/v2\/media\/36045"}],"wp:attachment":[{"href":"https:\/\/mersinkadingazetesi.com\/index.php?rest_route=%2Fwp%2Fv2%2Fmedia&parent=40109"}],"wp:term":[{"taxonomy":"category","embeddable":true,"href":"https:\/\/mersinkadingazetesi.com\/index.php?rest_route=%2Fwp%2Fv2%2Fcategories&post=40109"},{"taxonomy":"post_tag","embeddable":true,"href":"https:\/\/mersinkadingazetesi.com\/index.php?rest_route=%2Fwp%2Fv2%2Ftags&post=40109"}],"curies":[{"name":"wp","href":"https:\/\/api.w.org\/{rel}","templated":true}]}}