{"id":40118,"date":"2025-02-27T13:54:05","date_gmt":"2025-02-27T10:54:05","guid":{"rendered":"https:\/\/mersinkadingazetesi.com\/?p=40118"},"modified":"2025-02-27T13:54:06","modified_gmt":"2025-02-27T10:54:06","slug":"burada-isgalci-seralar-degil-sezlonglar-gormek-istiyoruz","status":"publish","type":"post","link":"https:\/\/mersinkadingazetesi.com\/?p=40118","title":{"rendered":"Burada i\u015fgalci seralar de\u011fil, \u015fezlonglar g\u00f6rmek istiyoruz"},"content":{"rendered":"\n<p><strong>DEVA Partisi Genel Ba\u015fkan Yard\u0131mc\u0131s\u0131 ve Mersin Milletvekili Mehmet Emin Ekmen, ge\u00e7ti\u011fimiz hafta Tarsus K\u0131y\u0131 Kesimi Turizm Geli\u015ftirme B\u00f6lgesi&#8217;ne saha ziyareti ger\u00e7ekle\u015ftirdi. Ziyaret esnas\u0131nda Kazanl\u0131&#8217;da bulunan turizm b\u00f6lge sahilinin seralarla i\u015fgal edindi\u011fine de\u011finen Ekmen, &#8220;Turizm tahsis b\u00f6lgelerinde, binlerce d\u00f6n\u00fcm yerde sera olu\u015fturulmu\u015f durumda. Buralarda yaz turizminin yap\u0131lmas\u0131 gerekiyor. Altyap\u0131y\u0131 tamamlay\u0131n, otel in\u015faatlar\u0131na ba\u015flay\u0131n&#8221; diyerek K\u00fclt\u00fcr ve Turizm Bakan\u0131 Say\u0131n Mehmet Nuri Ersoy&#8217;a seslendi.<\/strong><\/p>\n\n\n\n<p>DEVA Partisi Genel Ba\u015fkan Yard\u0131mc\u0131s\u0131 ve Mersin Milletvekili Mehmet Emin Ekmen, Tarsus K\u0131y\u0131 Kesimi Turizm Geli\u015ftirme B\u00f6lgesi&#8217;nin karpuz seralar\u0131 ile kaplanmas\u0131na tepki g\u00f6sterdi.<\/p>\n\n\n\n<p><strong>Sahiller karpuz tarlas\u0131na \u00e7evrilmi\u015f vaziyette<\/strong><\/p>\n\n\n\n<p>K\u00fclt\u00fcr ve Turizm Bakanl\u0131\u011f\u0131 taraf\u0131ndan otel alan\u0131 olarak tahsis edilmi\u015f b\u00f6lgenin, sahibi belirsiz ki\u015filerce seralara \u00e7evrildi\u011fine de\u011finen Ekmen, &#8220;Berdan Nehri ile Seyran Nehri\u2019nin denizle bulu\u015ftu\u011fu sahile deniz gibi uzayan seralar kurulmu\u015f. Mersinliler taraf\u0131ndan &#8216;Kazanl\u0131&#8217; olarak bilinen Tarsus K\u0131y\u0131 Kesimi Turizm Geli\u015ftirme B\u00f6lgesi, K\u00fclt\u00fcr ve Turizm Bakanl\u0131\u011f\u0131 taraf\u0131ndan otel alan\u0131 olarak tahsis edilmi\u015fti. Ancak \u015fu anda bu alan, belirsiz ki\u015filer taraf\u0131ndan karpuz seralar\u0131na d\u00f6n\u00fc\u015ft\u00fcr\u00fclm\u00fc\u015f vaziyette. Buras\u0131, Milli Emlak Genel M\u00fcd\u00fcrl\u00fc\u011f\u00fc taraf\u0131ndan kiraland\u0131ysa kime kiraland\u0131? Faaliyetlerin K\u0131y\u0131 Kanunu&#8217;na uygun olup olmad\u0131\u011f\u0131 ara\u015ft\u0131r\u0131ld\u0131 m\u0131?&nbsp; Bu i\u015f, izinsiz yap\u0131l\u0131yor ise kamu kurumlar\u0131n\u0131 konuyla ilgilenmeye davet ediyoruz&#8221; dedi.<\/p>\n","protected":false},"excerpt":{"rendered":"<p>DEVA Partisi Genel Ba\u015fkan Yard\u0131mc\u0131s\u0131 ve Mersin Milletvekili Mehmet Emin Ekmen, ge\u00e7ti\u011fimiz hafta Tarsus K\u0131y\u0131 Kesimi Turizm Geli\u015ftirme B\u00f6lgesi&#8217;ne saha ziyareti ger\u00e7ekle\u015ftirdi. Ziyaret esnas\u0131nda Kazanl\u0131&#8217;da bulunan turizm b\u00f6lge sahilinin seralarla i\u015fgal edindi\u011fine de\u011finen Ekmen, &#8220;Turizm tahsis b\u00f6lgelerinde, binlerce d\u00f6n\u00fcm yerde sera olu\u015fturulmu\u015f durumda. Buralarda yaz turizminin yap\u0131lmas\u0131 gerekiyor. Altyap\u0131y\u0131 tamamlay\u0131n, otel in\u015faatlar\u0131na ba\u015flay\u0131n&#8221; diyerek K\u00fclt\u00fcr [&hellip;]<\/p>\n","protected":false},"author":2,"featured_media":40119,"comment_status":"closed","ping_status":"closed","sticky":false,"template":"","format":"standard","meta":{"footnotes":""},"categories":[3,5],"tags":[],"class_list":["post-40118","post","type-post","status-publish","format-standard","has-post-thumbnail","hentry","category-manset","category-mersin"],"views":3,"_links":{"self":[{"href":"https:\/\/mersinkadingazetesi.com\/index.php?rest_route=\/wp\/v2\/posts\/40118"}],"collection":[{"href":"https:\/\/mersinkadingazetesi.com\/index.php?rest_route=\/wp\/v2\/posts"}],"about":[{"href":"https:\/\/mersinkadingazetesi.com\/index.php?rest_route=\/wp\/v2\/types\/post"}],"author":[{"embeddable":true,"href":"https:\/\/mersinkadingazetesi.com\/index.php?rest_route=\/wp\/v2\/users\/2"}],"replies":[{"embeddable":true,"href":"https:\/\/mersinkadingazetesi.com\/index.php?rest_route=%2Fwp%2Fv2%2Fcomments&post=40118"}],"version-history":[{"count":1,"href":"https:\/\/mersinkadingazetesi.com\/index.php?rest_route=\/wp\/v2\/posts\/40118\/revisions"}],"predecessor-version":[{"id":40120,"href":"https:\/\/mersinkadingazetesi.com\/index.php?rest_route=\/wp\/v2\/posts\/40118\/revisions\/40120"}],"wp:featuredmedia":[{"embeddable":true,"href":"https:\/\/mersinkadingazetesi.com\/index.php?rest_route=\/wp\/v2\/media\/40119"}],"wp:attachment":[{"href":"https:\/\/mersinkadingazetesi.com\/index.php?rest_route=%2Fwp%2Fv2%2Fmedia&parent=40118"}],"wp:term":[{"taxonomy":"category","embeddable":true,"href":"https:\/\/mersinkadingazetesi.com\/index.php?rest_route=%2Fwp%2Fv2%2Fcategories&post=40118"},{"taxonomy":"post_tag","embeddable":true,"href":"https:\/\/mersinkadingazetesi.com\/index.php?rest_route=%2Fwp%2Fv2%2Ftags&post=40118"}],"curies":[{"name":"wp","href":"https:\/\/api.w.org\/{rel}","templated":true}]}}