{"id":40156,"date":"2025-02-28T12:03:33","date_gmt":"2025-02-28T09:03:33","guid":{"rendered":"https:\/\/mersinkadingazetesi.com\/?p=40156"},"modified":"2025-02-28T12:03:33","modified_gmt":"2025-02-28T09:03:33","slug":"bu-ideal-mutlaka-bu-topluma-egemen-olacak","status":"publish","type":"post","link":"https:\/\/mersinkadingazetesi.com\/?p=40156","title":{"rendered":"&#8220;Bu ideal mutlaka bu topluma egemen olacak&#8221;"},"content":{"rendered":"\n<p>Gazeteci-Yazar Ercan G\u00fcne\u015f\u2019in kaleme ald\u0131\u011f\u0131, &#8220;Yitip Giden Bir Ku\u015fak &#8211; 78\u2019liler&#8221; adl\u0131 kitab\u0131 d\u00fczenlenen bir etkinlikle tan\u0131tt\u0131. Etkinli\u011fine Mersin Ticaret Borsas\u0131 Meclis Ba\u015fkan\u0131 M\u00fcnir \u015een, 78&#8217;liler, G\u00fcne\u015f\u2019in \u00e7ocukluk arkada\u015flar\u0131 ile gazeteciler b\u00fcy\u00fck ilgi g\u00f6sterdi.\u201cSanata Dair Ya\u015fananlar\u201d, \u201cAh Medya Vah Medya\u201d kitaplar\u0131n\u0131n yazar\u0131 Ercan G\u00fcne\u015f, yeni kitab\u0131 Yitip Giden Bir Ku\u015fak 78\u2019liler\u2019i yap\u0131lan etkinlikle birlikte tan\u0131tt\u0131. G\u00fcne\u015f, &#8220;3. Kitab\u0131m olan \u2018Yitip Giden Bir Ku\u015fak 78\u2019liler\u2019in tan\u0131t\u0131m toplant\u0131s\u0131 i\u00e7in bir araya geldik. Yo\u011fun kat\u0131l\u0131m\u0131n\u0131z i\u00e7in te\u015fekk\u00fcr ediyorum. Bu kitab\u0131mda kendi ku\u015fa\u011f\u0131m olan 78\u2019lileri yazd\u0131m. Kitab\u0131m\u0131n ilham kayna\u011f\u0131 da \u00e7ocukluk ve gen\u00e7lik arkada\u015f\u0131m \u015eenol K\u00fc\u00e7\u00fck&#8217;t\u00fcr. 1980 \u00f6ncesinin gen\u00e7lik ku\u015fa\u011f\u0131 olarak \u00e7ok ac\u0131lar \u00e7ektik;, i\u015fkenceler g\u00f6rd\u00fck. Kimimiz de bilinen ve bilinmeyen g\u00fc\u00e7ler taraf\u0131ndan katledildik. Erk sahipleri i\u00e7eriden ve d\u0131\u015far\u0131dan g\u00fc\u00e7 alarak i\u015f birli\u011fi halinde sadece \u00fclkesi ve insanlar\u0131n mutlulu\u011fu \u00fczerine m\u00fccadele eden bu gen\u00e7leri darmada\u011f\u0131n ederek toplumu duyars\u0131zla\u015ft\u0131rd\u0131lar. M\u00fccadelemizi hep a\u00e7 insanlar\u0131n doyumu \u00fczerine yapm\u0131\u015ft\u0131k.&#8221; dedi.<\/p>\n\n\n\n<p>&#8220;Bu ideal mutlaka bu topluma egemen olacak&#8221;<\/p>\n\n\n\n<p>Bug\u00fcn gelinen noktada sorunun \u2018a\u00e7\u0131 doyurmak de\u011fil, toku doyurmak\u2019 oldu\u011funu anlad\u0131klar\u0131n\u0131 belirten G\u00fcne\u015f, &#8220;Amac\u0131m ne ge\u00e7mi\u015fin derin \u0131zd\u0131raplar\u0131n\u0131 de\u015fmek ne de \u00f6fke kusmakt\u0131r. Ancak ge\u00e7mi\u015f bilinmeden ne bug\u00fcn\u00fc ya\u015fayabiliriz ne de gelece\u011fi kurabiliriz. Hepimizin ortak paydas\u0131 ayn\u0131 eksendeydi. Din kutsal\u0131m\u0131zd\u0131. Atat\u00fcrk ince \u00e7izgimizdi. B\u00f6ylesi hassasiyetlerimiz vard\u0131. Toplumun mutlu ve \u00f6zg\u00fcr ya\u015famas\u0131 ki\u015fisel beklentilerimizin \u00f6tesindeydiler. Bu umudumuzu da hala yitirmi\u015f de\u011filiz. Bir g\u00fcn bu ideal mutlaka bu topluma egemen olacakt\u0131r. Herkesin mutlu, refah d\u00fczeyi iyi, \u00f6zg\u00fcrl\u00fck\u00e7\u00fc bir anlay\u0131\u015fla ya\u015fad\u0131\u011f\u0131 toplumda izimlerin \u00f6neminin olmad\u0131\u011f\u0131 d\u00fc\u015f\u00fcncesindeyim. Bu duygularla yay\u0131nlanan \u00fc\u00e7 kitab\u0131m\u0131n hayat\u0131m\u0131n \u00f6zeti oldu\u011funun alt\u0131n\u0131 \u00e7izmek isterim. Tekrar kat\u0131l\u0131m sa\u011flad\u0131\u011f\u0131n\u0131z i\u00e7in te\u015fekk\u00fcr eder, sayg\u0131 ve sevgilerimi sunar\u0131m.&#8221; \u015feklinde konu\u015ftu.<\/p>\n","protected":false},"excerpt":{"rendered":"<p>Gazeteci-Yazar Ercan G\u00fcne\u015f\u2019in kaleme ald\u0131\u011f\u0131, &#8220;Yitip Giden Bir Ku\u015fak &#8211; 78\u2019liler&#8221; adl\u0131 kitab\u0131 d\u00fczenlenen bir etkinlikle tan\u0131tt\u0131. Etkinli\u011fine Mersin Ticaret Borsas\u0131 Meclis Ba\u015fkan\u0131 M\u00fcnir \u015een, 78&#8217;liler, G\u00fcne\u015f\u2019in \u00e7ocukluk arkada\u015flar\u0131 ile gazeteciler b\u00fcy\u00fck ilgi g\u00f6sterdi.\u201cSanata Dair Ya\u015fananlar\u201d, \u201cAh Medya Vah Medya\u201d kitaplar\u0131n\u0131n yazar\u0131 Ercan G\u00fcne\u015f, yeni kitab\u0131 Yitip Giden Bir Ku\u015fak 78\u2019liler\u2019i yap\u0131lan etkinlikle birlikte tan\u0131tt\u0131. [&hellip;]<\/p>\n","protected":false},"author":2,"featured_media":40157,"comment_status":"closed","ping_status":"closed","sticky":false,"template":"","format":"standard","meta":{"footnotes":""},"categories":[3],"tags":[],"class_list":["post-40156","post","type-post","status-publish","format-standard","has-post-thumbnail","hentry","category-manset"],"views":4,"_links":{"self":[{"href":"https:\/\/mersinkadingazetesi.com\/index.php?rest_route=\/wp\/v2\/posts\/40156"}],"collection":[{"href":"https:\/\/mersinkadingazetesi.com\/index.php?rest_route=\/wp\/v2\/posts"}],"about":[{"href":"https:\/\/mersinkadingazetesi.com\/index.php?rest_route=\/wp\/v2\/types\/post"}],"author":[{"embeddable":true,"href":"https:\/\/mersinkadingazetesi.com\/index.php?rest_route=\/wp\/v2\/users\/2"}],"replies":[{"embeddable":true,"href":"https:\/\/mersinkadingazetesi.com\/index.php?rest_route=%2Fwp%2Fv2%2Fcomments&post=40156"}],"version-history":[{"count":1,"href":"https:\/\/mersinkadingazetesi.com\/index.php?rest_route=\/wp\/v2\/posts\/40156\/revisions"}],"predecessor-version":[{"id":40158,"href":"https:\/\/mersinkadingazetesi.com\/index.php?rest_route=\/wp\/v2\/posts\/40156\/revisions\/40158"}],"wp:featuredmedia":[{"embeddable":true,"href":"https:\/\/mersinkadingazetesi.com\/index.php?rest_route=\/wp\/v2\/media\/40157"}],"wp:attachment":[{"href":"https:\/\/mersinkadingazetesi.com\/index.php?rest_route=%2Fwp%2Fv2%2Fmedia&parent=40156"}],"wp:term":[{"taxonomy":"category","embeddable":true,"href":"https:\/\/mersinkadingazetesi.com\/index.php?rest_route=%2Fwp%2Fv2%2Fcategories&post=40156"},{"taxonomy":"post_tag","embeddable":true,"href":"https:\/\/mersinkadingazetesi.com\/index.php?rest_route=%2Fwp%2Fv2%2Ftags&post=40156"}],"curies":[{"name":"wp","href":"https:\/\/api.w.org\/{rel}","templated":true}]}}