{"id":40159,"date":"2025-02-28T13:20:25","date_gmt":"2025-02-28T10:20:25","guid":{"rendered":"https:\/\/mersinkadingazetesi.com\/?p=40159"},"modified":"2025-02-28T13:20:26","modified_gmt":"2025-02-28T10:20:26","slug":"kgk-ab-projesi-olarak-kuresel-medya-okulu-basliyor","status":"publish","type":"post","link":"https:\/\/mersinkadingazetesi.com\/?p=40159","title":{"rendered":"KGK: AB projesi olarak K\u00fcresel Medya Okulu ba\u015fl\u0131yor"},"content":{"rendered":"\n<p>K\u00fcresel Gazeteciler Konseyi (KGK) Y\u00f6netim Kurulu, Genel Ba\u015fkan&nbsp;<a href=\"https:\/\/www.kgk.org.tr\/my-profile\/?uid=391\">Mehmet Ali Dim<\/a>&nbsp;ba\u015fkanl\u0131\u011f\u0131nda, \u0130stiklal Caddesi\u2019nde bulunan \u0130stanbul ofisinde topland\u0131. Toplant\u0131da, medya sekt\u00f6r\u00fcndeki \u00f6nemli geli\u015fmeler ba\u015fta olmak \u00fczere, \u00e7e\u015fitli e\u011fitim projeleri ve kurumsal stratejiler \u00fczerine kapsaml\u0131 de\u011ferlendirmeler yap\u0131ld\u0131.<\/p>\n\n\n\n<p>Genel Ba\u015fkan&nbsp;<a href=\"https:\/\/www.kgk.org.tr\/my-profile\/?uid=391\">Mehmet Ali Dim<\/a>\u2019in a\u00e7\u0131l\u0131\u015f konu\u015fmas\u0131yla ba\u015flayan toplant\u0131, T\u00fcrkiye ve d\u00fcnyay\u0131 ilgilendiren \u00f6nemli geli\u015fmelerin ya\u015fand\u0131\u011f\u0131 s\u0131cak g\u00fcndemin ortas\u0131nda ger\u00e7ekle\u015ftirildi. Ba\u015fkan Dim, a\u00e7\u0131l\u0131\u015f konu\u015fmas\u0131nda gazetecili\u011fin gelece\u011fi \u00fczerine \u00f6nemli de\u011ferlendirmelerde bulunarak, konseyin daha geni\u015f kitlelere ula\u015fmas\u0131 ad\u0131na at\u0131lacak ad\u0131mlar\u0131 detayl\u0131 \u015fekilde payla\u015ft\u0131. Ard\u0131ndan, Avrupa Birli\u011fi Projesi olarak hayata ge\u00e7irilecek \u201cK\u00fcresel Medya Okulu\u201dnun sunumu yap\u0131ld\u0131. Bu proje, 18-30 ya\u015f aral\u0131\u011f\u0131nda gazetecilik e\u011fitimi g\u00f6ren gen\u00e7 meslekta\u015flar\u0131 hedef alarak, onlar\u0131n profesyonel becerilerini geli\u015ftirmeyi ama\u00e7l\u0131yor. Toplant\u0131da, \u00fclke genelindeki t\u00fcm \u0130leti\u015fim Fak\u00fclteleri ile yap\u0131lacak i\u015fbirlikleri do\u011frultusunda bu e\u011fitimlerin nas\u0131l \u015fekillenece\u011fi ve hangi alanlarda yo\u011funla\u015faca\u011f\u0131 tart\u0131\u015f\u0131ld\u0131. Bu kapsamda bir y\u0131ll\u0131k yol haritas\u0131 belirlendi.<\/p>\n\n\n\n<p>Y\u00f6netim kurulu \u00fcyeleri, toplant\u0131n\u0131n ilerleyen saatlerinde g\u00fcndemdeki di\u011fer maddelere ge\u00e7ti. Mali durumla ilgili hesaplar masaya yat\u0131r\u0131ld\u0131 ve gelecekteki finansal projeksiyonlar \u00fczerinde duruldu. Ayr\u0131ca, yurti\u00e7indeki baz\u0131 il temsilciliklerinde ve yurtd\u0131\u015f\u0131ndaki belirli \u00fclke temsilciliklerinde yap\u0131lacak yeni atamalar karara ba\u011fland\u0131. Bu atamalarla, K\u00fcresel Gazeteciler Konseyi\u2019nin d\u00fcnya \u00e7ap\u0131ndaki etkisinin art\u0131r\u0131lmas\u0131 hedefleniyor. Toplant\u0131da ayr\u0131ca 2025 y\u0131l\u0131 i\u00e7in planlanan etkinlikler g\u00f6zden ge\u00e7irildi. \u00d6zellikle Ramazan ay\u0131nda ger\u00e7ekle\u015ftirilecek geni\u015f kat\u0131l\u0131ml\u0131 iftar yemekleri, bas\u0131n mensuplar\u0131n\u0131n bir araya gelerek deneyimlerini payla\u015fmalar\u0131na imkan tan\u0131yan \u00f6nemli bir etkinlik olarak g\u00fcndeme al\u0131nd\u0131. Bu iftar yemeklerinin Ankara ve \u0130stanbul\u2019da yap\u0131lmas\u0131 kararla\u015ft\u0131r\u0131ld\u0131. Etkinliklerin, gazeteciler aras\u0131nda dayan\u0131\u015fma ve i\u015fbirli\u011fini g\u00fc\u00e7lendirmeyi ama\u00e7lad\u0131\u011f\u0131 ifade edildi.<\/p>\n\n\n\n<p>Toplant\u0131ya, genel ba\u015fkan Dim\u2019in yan\u0131s\u0131ra, Yayg\u0131n Medya Meclis Ba\u015fkan\u0131 Buse Bi\u00e7er Akba\u015f ve D\u0131\u015f Medya Meclis Ba\u015fkan\u0131 El\u015fad Eyvazl\u0131 ile Genel Ba\u015fkan Vekili \u0130smail Bayaz\u0131t, Genel Ba\u015fkan Yard\u0131mc\u0131lar\u0131 Sava\u015f \u00c7okduygulu ve Nalan Yazgan, Mali Ba\u015fkan Erdal G\u00fcven, Genel Sekreter Yard\u0131mc\u0131s\u0131&nbsp;<a href=\"https:\/\/www.kgk.org.tr\/my-profile\/?uid=285\">Hayati Ar\u0131gan<\/a>, Y\u00f6netim Kurulu \u00fcyeleri Dursun Eker,&nbsp;<a href=\"https:\/\/www.kgk.org.tr\/my-profile\/?uid=262\">Recep Ayd\u0131n<\/a>, Serta\u00e7 Viranc\u0131k, \u0130brahim Aslan ve&nbsp;<a href=\"https:\/\/www.kgk.org.tr\/my-profile\/?uid=37\">Seda Demir<\/a>&nbsp;ile D\u0131\u015f Medya Meclis Ba\u015fkan Vekili Ahmet Co\u015fkunayd\u0131n&nbsp;kat\u0131ld\u0131lar.<\/p>\n","protected":false},"excerpt":{"rendered":"<p>K\u00fcresel Gazeteciler Konseyi (KGK) Y\u00f6netim Kurulu, Genel Ba\u015fkan&nbsp;Mehmet Ali Dim&nbsp;ba\u015fkanl\u0131\u011f\u0131nda, \u0130stiklal Caddesi\u2019nde bulunan \u0130stanbul ofisinde topland\u0131. Toplant\u0131da, medya sekt\u00f6r\u00fcndeki \u00f6nemli geli\u015fmeler ba\u015fta olmak \u00fczere, \u00e7e\u015fitli e\u011fitim projeleri ve kurumsal stratejiler \u00fczerine kapsaml\u0131 de\u011ferlendirmeler yap\u0131ld\u0131. Genel Ba\u015fkan&nbsp;Mehmet Ali Dim\u2019in a\u00e7\u0131l\u0131\u015f konu\u015fmas\u0131yla ba\u015flayan toplant\u0131, T\u00fcrkiye ve d\u00fcnyay\u0131 ilgilendiren \u00f6nemli geli\u015fmelerin ya\u015fand\u0131\u011f\u0131 s\u0131cak g\u00fcndemin ortas\u0131nda ger\u00e7ekle\u015ftirildi. Ba\u015fkan Dim, [&hellip;]<\/p>\n","protected":false},"author":2,"featured_media":40160,"comment_status":"closed","ping_status":"closed","sticky":false,"template":"","format":"standard","meta":{"footnotes":""},"categories":[3],"tags":[],"class_list":["post-40159","post","type-post","status-publish","format-standard","has-post-thumbnail","hentry","category-manset"],"views":3,"_links":{"self":[{"href":"https:\/\/mersinkadingazetesi.com\/index.php?rest_route=\/wp\/v2\/posts\/40159"}],"collection":[{"href":"https:\/\/mersinkadingazetesi.com\/index.php?rest_route=\/wp\/v2\/posts"}],"about":[{"href":"https:\/\/mersinkadingazetesi.com\/index.php?rest_route=\/wp\/v2\/types\/post"}],"author":[{"embeddable":true,"href":"https:\/\/mersinkadingazetesi.com\/index.php?rest_route=\/wp\/v2\/users\/2"}],"replies":[{"embeddable":true,"href":"https:\/\/mersinkadingazetesi.com\/index.php?rest_route=%2Fwp%2Fv2%2Fcomments&post=40159"}],"version-history":[{"count":1,"href":"https:\/\/mersinkadingazetesi.com\/index.php?rest_route=\/wp\/v2\/posts\/40159\/revisions"}],"predecessor-version":[{"id":40161,"href":"https:\/\/mersinkadingazetesi.com\/index.php?rest_route=\/wp\/v2\/posts\/40159\/revisions\/40161"}],"wp:featuredmedia":[{"embeddable":true,"href":"https:\/\/mersinkadingazetesi.com\/index.php?rest_route=\/wp\/v2\/media\/40160"}],"wp:attachment":[{"href":"https:\/\/mersinkadingazetesi.com\/index.php?rest_route=%2Fwp%2Fv2%2Fmedia&parent=40159"}],"wp:term":[{"taxonomy":"category","embeddable":true,"href":"https:\/\/mersinkadingazetesi.com\/index.php?rest_route=%2Fwp%2Fv2%2Fcategories&post=40159"},{"taxonomy":"post_tag","embeddable":true,"href":"https:\/\/mersinkadingazetesi.com\/index.php?rest_route=%2Fwp%2Fv2%2Ftags&post=40159"}],"curies":[{"name":"wp","href":"https:\/\/api.w.org\/{rel}","templated":true}]}}