{"id":40171,"date":"2025-02-28T18:08:56","date_gmt":"2025-02-28T15:08:56","guid":{"rendered":"https:\/\/mersinkadingazetesi.com\/?p=40171"},"modified":"2025-02-28T18:08:56","modified_gmt":"2025-02-28T15:08:56","slug":"turkiyede-sosyal-politikalarda-en-cok-begenilen-belediyelerin-basinda-geliyoruz","status":"publish","type":"post","link":"https:\/\/mersinkadingazetesi.com\/?p=40171","title":{"rendered":"&#8220;T\u00dcRK\u0130YE&#8217;DE SOSYAL POL\u0130T\u0130KALARDA EN \u00c7OK BE\u011eEN\u0130LEN BELED\u0130YELER\u0130N BA\u015eINDA GEL\u0130YORUZ&#8221;"},"content":{"rendered":"\n<p>Mersin B\u00fcy\u00fck\u015fehir Belediye Ba\u015fkan\u0131 Vahap Se\u00e7er ve Mersinden Kad\u0131n Kooperatifi Ba\u015fkan\u0131 Meral Se\u00e7er,&nbsp;<strong><em>&#8216;Elde Var Yetenek, Evde Var Ekmek&#8217;<\/em><\/strong>&nbsp;slogan\u0131yla y\u00fcr\u00fct\u00fclen,&nbsp;<strong>&#8216;Evimiz At\u00f6lye&#8217;<\/strong>&nbsp;projesi kapsam\u0131nda oyuncak yap\u0131m at\u00f6lyesini tamamlayan kad\u0131nlarla&nbsp;<strong>&#8216;Sertifika T\u00f6reni&#8217;<\/strong>nde bir araya geldi.<\/p>\n\n\n\n<p>Mersin B\u00fcy\u00fck\u015fehir Belediyesi Kad\u0131n ve Aile Hizmetleri Daire Ba\u015fkanl\u0131\u011f\u0131 G\u00f6n\u00fcll\u00fcler \u015eube M\u00fcd\u00fcrl\u00fc\u011f\u00fc b\u00fcnyesinde y\u00fcr\u00fct\u00fclen ve Mersinden Kad\u0131n Kooperatifi&#8217;nin de payda\u015f\u0131 oldu\u011fu&nbsp;<strong>&#8216;Evimiz At\u00f6lye&#8217;<\/strong>&nbsp;projesi kapsam\u0131nda toplam 9 mahalleden kad\u0131nlar ve Mersin Ortopedik Engelliler Derne\u011fi&#8217;nin \u00fcyeleri \u00fcretimin bir par\u00e7as\u0131 olman\u0131n mutlulu\u011funu ya\u015fad\u0131. Evimiz At\u00f6lye Projesi toplam 44 mahallede uygulan\u0131yor ve projede yer alan kad\u0131n say\u0131s\u0131 da toplam 2 bin 589.<\/p>\n\n\n\n<p>Mersin B\u00fcy\u00fck\u015fehir Belediyesi Etkinlik ve Sanat Merkezi&#8217;nde ger\u00e7ekle\u015ftirilen programa; Mersin B\u00fcy\u00fck\u015fehir Belediye Ba\u015fkan\u0131 Vahap Se\u00e7er, Mersinden Kad\u0131n Kooperatifi Ba\u015fkan\u0131 Meral Se\u00e7er, Cumhuriyet Halk Partisi (CHP) Mersin Milletvekili G\u00fclcan K\u0131\u015f, B\u00fcy\u00fck\u015fehir Belediyesi b\u00fcrokratlar\u0131, mahalle muhtarlar\u0131 ve kad\u0131nlar ile \u00e7ocuklar\u0131 kat\u0131ld\u0131.<\/p>\n\n\n\n<p><strong>Ba\u015fkan Se\u00e7er: &#8220;Benim mutfa\u011f\u0131mda ne pi\u015fiyorsa ayn\u0131 kalitedeki \u00fcr\u00fcnleri Ramazan kolilerine koyuyoruz&#8221;<\/strong><\/p>\n\n\n\n<p>Mersin B\u00fcy\u00fck\u015fehir Belediye Ba\u015fkan\u0131 Vahap Se\u00e7er, vatanda\u015flarla bir arada olmaktan duydu\u011fu memnuniyeti dile getirerek, her daim onlarla birlik ve beraberlik i\u00e7erisinde ya\u015famay\u0131 temenni etti. Ba\u015fkan Se\u00e7er, kad\u0131nlar\u0131n ayaklar\u0131 \u00fczerinde durarak ya\u015famas\u0131n\u0131n \u00f6nemine dikkat \u00e7ekerek,&nbsp;<strong>&#8220;Hepimizin gayesi; e\u015fimizle, dostlar\u0131m\u0131zla ve ailelerimizle mutlu bir \u015fekilde kimseye muhta\u00e7 olmadan ya\u015famak. Bug\u00fcn burada bizi bir araya getiren de bu gayemiz. Kad\u0131nlar; e\u015fi, karde\u015fleri ve ailesi dahi olsa kimseye muhta\u00e7 olmas\u0131n&#8221;<\/strong>&nbsp;dedi.&nbsp;<strong>&#8220;Bizim nazar\u0131m\u0131zda kad\u0131n da bir erkekte bir, ayr\u0131m yok&#8221;<\/strong>&nbsp;diyen Se\u00e7er, kad\u0131n\u0131n g\u00fcc\u00fcne vurgu yapt\u0131.<\/p>\n\n\n\n<p>Vatanda\u015flara hay\u0131rl\u0131 Ramazanlar dileyen Se\u00e7er, Mersin B\u00fcy\u00fck\u015fehir&#8217;in sa\u011flad\u0131\u011f\u0131 g\u0131da kolisi deste\u011fi ile ilgili de konu\u015ftu. G\u0131da kolisi deste\u011finin yard\u0131mdan say\u0131lmamas\u0131 gerekti\u011finin alt\u0131n\u0131 \u00e7izen Se\u00e7er,&nbsp;<strong>\u00f6<\/strong>nemli olan\u0131n g\u0131da kolisi deste\u011fi yapmak de\u011fil kolinin i\u00e7erisine kaliteli i\u00e7erik koymak oldu\u011funu s\u00f6zlerine ekledi. Se\u00e7er,&nbsp;<strong>&#8220;Yapt\u0131\u011f\u0131m\u0131z g\u0131da kolisi deste\u011fi, yard\u0131m de\u011fildir. Sizin paran\u0131z\u0131 size g\u00f6nderiyoruz. Benim mutfa\u011f\u0131mda ne pi\u015fiyorsa ayn\u0131 kalitedeki \u00fcr\u00fcnleri Ramazan kolilerine koyuyoruz&#8221;<\/strong>&nbsp;ifadelerine yer verdi.<\/p>\n\n\n\n<p>Se\u00e7er, belediye ba\u015fkanlar\u0131n\u0131n g\u00f6revinin, kamu kaynaklar\u0131n\u0131 do\u011fru ve adil bir \u015fekilde vatanda\u015fa hizmet olarak sunmak oldu\u011funu belirtti.&nbsp;&nbsp;Belediye ba\u015fkan\u0131n\u0131n, vatanda\u015f\u0131n g\u00fcvendi\u011fi, halk\u0131n hakk\u0131n\u0131 g\u00f6zeten, vatan\u0131n\u0131 ve milletini seven biri olmas\u0131 gerekti\u011fine dikkat \u00e7eken Se\u00e7er,&nbsp;<strong>&#8220;Biz bu anlay\u0131\u015fla adalet da\u011f\u0131t\u0131yoruz. Mersin halk\u0131 da 1 y\u0131l \u00f6nce bize;&nbsp;<em>&#8216;Ba\u015fkan\u0131m\u0131za g\u00fcveniyoruz, \u00e7\u00fcnk\u00fc onun tek derdi Mersin ve hem\u015fehrileri&#8217;&nbsp;<\/em>diyerek destek verdi&#8221;<\/strong>&nbsp;ifadeleriyle Mersinlilere te\u015fekk\u00fcr etti.<\/p>\n\n\n\n<p>Se\u00e7er, T\u00fcrkiye Cumhuriyeti&#8217;nin laik bir devlet oldu\u011funa vurgu yaparak, Ulu \u00d6nder Mustafa Kemal Atat\u00fcrk taraf\u0131ndan, kad\u0131n haklar\u0131na verilen \u00f6neme dikkat \u00e7ekti ve kad\u0131nlar\u0131n bug\u00fcn sahip oldu\u011fu haklar\u0131n bir\u00e7o\u011funa 100 y\u0131l \u00f6nce eri\u015ftiklerine de\u011findi. Se\u00e7er,<strong>&nbsp;&#8220;Atam\u0131z Mustafa Kemal Atat\u00fcrk 1930&#8217;lu y\u0131llarda;&nbsp;<em>&#8216;Kad\u0131nlar hem se\u00e7ecek hem se\u00e7ilecek!&#8217;<\/em>&nbsp;demi\u015f. Kad\u0131nlar\u0131n bug\u00fcn muhtar olmalar\u0131na bundan 100 y\u0131l \u00f6nce karar verilmi\u015f.&nbsp;<em>&#8216;Kad\u0131nlar belediye ba\u015fkan\u0131, milletvekili ve bakan olacak!&#8217;<\/em>&nbsp;demi\u015f&#8221;&nbsp;<\/strong>ifadelerini kulland\u0131.<\/p>\n\n\n\n<p>Evimiz At\u00f6lye Projesi&#8217;nin ge\u00e7ti\u011fimiz d\u00f6nem ba\u015flad\u0131\u011f\u0131n\u0131 ve \u015fimdiye kadar 44 mahallede 2 bin 589 kad\u0131na ula\u015ft\u0131\u011f\u0131n\u0131 s\u00f6yleyen Se\u00e7er, proje ile evde gizli kalm\u0131\u015f i\u015f g\u00fcc\u00fcn\u00fcn ortaya \u00e7\u0131kar\u0131ld\u0131\u011f\u0131n\u0131 dile getirdi. Kad\u0131nlar\u0131n proje sayesinde evde \u00fcretim yap\u0131p ailesinin ekonomisine katk\u0131 sa\u011flayabildi\u011fini belirten Se\u00e7er, B\u00fcy\u00fck\u015fehir Belediyesi olarak kad\u0131nlardan gelen talepleri \u00f6nemle dikkate ald\u0131klar\u0131n\u0131 kaydetti.<\/p>\n\n\n\n<p><strong>&#8220;B\u00fct\u00fcn talep ve isteklerinizi ALO 185 ile bize iletebilirsiniz&#8221;<\/strong><\/p>\n\n\n\n<p>ALO 185 Teksin uygulamas\u0131n\u0131n Mersin&#8217;de ya\u015fayan t\u00fcm vatanda\u015flar\u0131n ama \u00f6zellikle de kad\u0131nlar\u0131n hayat\u0131n\u0131 kolayla\u015ft\u0131rmakta \u00e7ok \u00f6nemli bir g\u00f6revi \u00fcstlendi\u011fine vurgu yapan Se\u00e7er,&nbsp;<strong>&#8220;ALO 185 demek; Vahap Se\u00e7er&#8217;i aramak demek, hi\u00e7bir fark yok. B\u00fct\u00fcn sorunlar\u0131n\u0131z\u0131, taleplerinizi ve isteklerinizi ALO 185 ile bize iletebilirsiniz&#8221;<\/strong>&nbsp;dedi.<\/p>\n\n\n\n<p><strong>&#8220;Biz T\u00fcrkiye&#8217;de sosyal politikalarda en \u00e7ok be\u011fenilen belediyelerin ba\u015f\u0131nda geliyoruz&#8221;<\/strong><\/p>\n\n\n\n<p>Mersin B\u00fcy\u00fck\u015fehir olarak 100 ayr\u0131 kalemde sosyal politikalar\u0131 oldu\u011funun alt\u0131n\u0131 \u00e7izen Se\u00e7er,&nbsp;<strong>&#8220;Biz T\u00fcrkiye&#8217;de sosyal politikalarda en \u00e7ok be\u011fenilen belediyelerin ba\u015f\u0131nda geliyoruz. Belediye de devletin bir kurumudur. Devlet sana sahip \u00e7\u0131km\u0131yorsa,&nbsp;<em>&#8216;Bu benim yurtta\u015f\u0131m, bu bunun hakk\u0131d\u0131r, biz devletiz&#8217;<\/em>&nbsp;demiyorsa,&nbsp;<em>&#8216;devlet&#8217;<\/em>&nbsp;l\u00fcks i\u00e7erisinde ya\u015f\u0131yorsa, g\u00fczel yollar, binalar yap\u0131yorsa, fakat vatanda\u015f a\u00e7 ise, can\u0131 yan\u0131yorsa; neylesin l\u00fcks binalar\u0131, yolu&#8230; Biz;&nbsp;<em>&#8216;\u00d6nce vatanda\u015f\u0131m&#8217;<\/em>&nbsp;diye d\u00fc\u015f\u00fcn\u00fcyoruz. Ne mutlu ki Mersin zengin, \u00e7al\u0131\u015fan, \u00fcreten bir kent. Mersin&#8217;in belediyesi de g\u00fc\u00e7l\u00fc&#8221;<\/strong>&nbsp;diye konu\u015ftu.<\/p>\n\n\n\n<p><strong>&#8220;Art\u0131k T\u00fcrkiye&#8217;de Mersin konu\u015fuluyor&#8221;<\/strong><\/p>\n\n\n\n<p>B\u00fcy\u00fck\u015fehir Belediye Ba\u015fkan\u0131 se\u00e7ildi\u011fi 2019 y\u0131l\u0131ndan itibaren Mersin&#8217;in g\u00fczelle\u015fti\u011fini ve insanlar\u0131n g\u00fcven i\u00e7erisinde ya\u015fad\u0131\u011f\u0131 bir \u015fehir haline geldi\u011fini aktaran Se\u00e7er,&nbsp;<strong>&#8220;\u015eehrimize bir vizyon ve de\u011fer katt\u0131k, g\u00fczellik getirdik. Art\u0131k T\u00fcrkiye&#8217;de Mersin konu\u015fuluyor.&nbsp;<em>&#8216;Mersin T\u00fcrkiye&#8217;nin en g\u00fczel kenti&#8217;<\/em>&nbsp;deniliyor.&nbsp;<em>&#8216;Mersin muhte\u015fem olmu\u015f, Mersin g\u00fczel olmu\u015f&#8217;<\/em>&nbsp;dedikleri zaman Mersinlilerle ve kentimle gurur duyuyorum&#8221;<\/strong>&nbsp;ifadelerini kulland\u0131.<\/p>\n\n\n\n<p>Sosyal belediyecilik anlay\u0131\u015f\u0131 ile B\u00fcy\u00fck\u015fehir&#8217;in yapm\u0131\u015f oldu\u011fu hizmetleri s\u0131ralayan Se\u00e7er; Mahalle Mutfaklar\u0131&#8217;ndan \u00e7ocuklara HPV a\u015f\u0131s\u0131na, E\u011fitim ve \u00d6\u011fretimi Destekleme Kurs Merkezlerinden okuma yazma kurslar\u0131na, evde sa\u011fl\u0131k ve bak\u0131m hizmetlerinden \u00e7ocuk geli\u015fim merkezlerine, Dosthane&#8217;den ambulans hizmetine, kad\u0131nlar\u0131n meslek becerilerini kazanabilece\u011fi at\u00f6lye e\u011fitimlerine kadar her hizmeti verdiklerini ve daha fazlas\u0131n\u0131 da yapmaya haz\u0131r olduklar\u0131n\u0131 anlatt\u0131.<\/p>\n\n\n\n<p><strong>&#8220;Bizler sizler i\u00e7in var g\u00fcc\u00fcm\u00fczle \u00e7al\u0131\u015f\u0131yoruz&#8221;<\/strong><\/p>\n\n\n\n<p>Mersin&#8217;de ayr\u0131m g\u00f6zetmeksizin 13 il\u00e7ede de hizmetlerini her kesime e\u015fit ve adil bir \u015fekilde ula\u015ft\u0131rd\u0131klar\u0131n\u0131n alt\u0131n\u0131 \u00e7izen Se\u00e7er,<strong>&nbsp;&#8220;Herkese e\u015fit hizmet ula\u015ft\u0131r\u0131yoruz. B\u00fcy\u00fck\u015fehir Belediyesi sizin eviniz, ben de sizin ailenizin bir ferdiyim. Bizi b\u00f6yle g\u00f6r\u00fcn, \u00e7\u00fcnk\u00fc biz de sizi b\u00f6yle g\u00f6r\u00fcyoruz. Mersin&#8217;de ya\u015famaktan, bu \u00fclkenin vatanda\u015f\u0131 olmaktan gurur duyun. Elbette zor g\u00fcnlerimiz vard\u0131r, bunlar a\u015f\u0131l\u0131r. Bizler sizler i\u00e7in var\u0131z. \u00c7ocuklar\u0131m\u0131z\u0131n gelece\u011fi i\u00e7in bu bilin\u00e7le \u00e7al\u0131\u015f\u0131yoruz. Bizden yana rahat, mutlu ve huzurlu olun&#8221;<\/strong>&nbsp;ifadelerini kulland\u0131. \u0130nsanlar\u0131n hayat\u0131na dokunan Evimiz At\u00f6lye gibi projeleri yapmaya devam edeceklerini de vurgulayan Se\u00e7er, projede eme\u011fi ge\u00e7en herkese te\u015fekk\u00fcr ederek s\u00f6zlerini sonland\u0131rd\u0131.<\/p>\n\n\n\n<p><strong>Meral Se\u00e7er: &#8220;Sizlerin mutlulu\u011fu bu projeyi y\u00fcr\u00fctmekteki en b\u00fcy\u00fck motivasyonumuz&#8221;<\/strong><\/p>\n\n\n\n<p>Kad\u0131nlarla Evimiz At\u00f6lye Projesi kapsam\u0131nda bir araya gelmekten b\u00fcy\u00fck mutluluk duydu\u011funu s\u00f6yleyen Mersinden Kad\u0131n Kooperatifi Ba\u015fkan\u0131 Meral Se\u00e7er,&nbsp;<strong>&#8220;Bu projeyle sizlerle birlikte olmak, i\u015fbirli\u011fi yapmak, sosyalle\u015fti\u011finizi, mutlu oldu\u011funuzu g\u00f6rmek bizim bu projeyi y\u00fcr\u00fctmekteki en b\u00fcy\u00fck motivasyon kayna\u011f\u0131m\u0131z. Bu hayat pahal\u0131l\u0131\u011f\u0131nda, aya\u011f\u0131m\u0131z\u0131 kap\u0131n\u0131n d\u0131\u015f\u0131na atamad\u0131\u011f\u0131m\u0131z bu d\u00f6nemde; siz kad\u0131nlar\u0131n bir nebze olsun ferahlamas\u0131, bir araya gelmesi ve sosyal etkinlikte bulunmas\u0131 da \u00e7ok k\u0131ymetli&#8221;<\/strong>&nbsp;dedi. Kad\u0131nlar\u0131n bir\u00e7ok i\u015fin alt\u0131ndan ba\u015far\u0131yla kalkabilecek g\u00fc\u00e7te oldu\u011funu belirten Meral Se\u00e7er, projenin devam edece\u011fini vurgulad\u0131 ve herkese hay\u0131rl\u0131 Ramazan&#8217;lar diledi.<\/p>\n\n\n\n<p>Programda ayr\u0131ca CHP Mersin Milletvekili G\u00fclcan K\u0131\u015f ile Mezitli \u0130l\u00e7esi Seymenli Mahalle Muhtar\u0131 Emine \u015eahin de birer konu\u015fma yapt\u0131. Programda \u00e7ocuklar da unutulmazken, birbirinden e\u011flenceli etkinlikler ile doyas\u0131ya vakit ge\u00e7irmeleri sa\u011fland\u0131. Konu\u015fmalar\u0131n ard\u0131ndan temsili sertifika t\u00f6reni ve yemek ikram\u0131 ile devam eden program, toplu foto\u011fraf \u00e7ekimi ve DJ M\u00fczik Dinletisi&nbsp; ile sona erdi.<\/p>\n","protected":false},"excerpt":{"rendered":"<p>Mersin B\u00fcy\u00fck\u015fehir Belediye Ba\u015fkan\u0131 Vahap Se\u00e7er ve Mersinden Kad\u0131n Kooperatifi Ba\u015fkan\u0131 Meral Se\u00e7er,&nbsp;&#8216;Elde Var Yetenek, Evde Var Ekmek&#8217;&nbsp;slogan\u0131yla y\u00fcr\u00fct\u00fclen,&nbsp;&#8216;Evimiz At\u00f6lye&#8217;&nbsp;projesi kapsam\u0131nda oyuncak yap\u0131m at\u00f6lyesini tamamlayan kad\u0131nlarla&nbsp;&#8216;Sertifika T\u00f6reni&#8217;nde bir araya geldi. Mersin B\u00fcy\u00fck\u015fehir Belediyesi Kad\u0131n ve Aile Hizmetleri Daire Ba\u015fkanl\u0131\u011f\u0131 G\u00f6n\u00fcll\u00fcler \u015eube M\u00fcd\u00fcrl\u00fc\u011f\u00fc b\u00fcnyesinde y\u00fcr\u00fct\u00fclen ve Mersinden Kad\u0131n Kooperatifi&#8217;nin de payda\u015f\u0131 oldu\u011fu&nbsp;&#8216;Evimiz At\u00f6lye&#8217;&nbsp;projesi kapsam\u0131nda toplam 9 [&hellip;]<\/p>\n","protected":false},"author":2,"featured_media":40172,"comment_status":"closed","ping_status":"closed","sticky":false,"template":"","format":"standard","meta":{"footnotes":""},"categories":[34,1,2,3],"tags":[],"class_list":["post-40171","post","type-post","status-publish","format-standard","has-post-thumbnail","hentry","category-flas-haber","category-genel","category-gundem","category-manset"],"views":3,"_links":{"self":[{"href":"https:\/\/mersinkadingazetesi.com\/index.php?rest_route=\/wp\/v2\/posts\/40171"}],"collection":[{"href":"https:\/\/mersinkadingazetesi.com\/index.php?rest_route=\/wp\/v2\/posts"}],"about":[{"href":"https:\/\/mersinkadingazetesi.com\/index.php?rest_route=\/wp\/v2\/types\/post"}],"author":[{"embeddable":true,"href":"https:\/\/mersinkadingazetesi.com\/index.php?rest_route=\/wp\/v2\/users\/2"}],"replies":[{"embeddable":true,"href":"https:\/\/mersinkadingazetesi.com\/index.php?rest_route=%2Fwp%2Fv2%2Fcomments&post=40171"}],"version-history":[{"count":1,"href":"https:\/\/mersinkadingazetesi.com\/index.php?rest_route=\/wp\/v2\/posts\/40171\/revisions"}],"predecessor-version":[{"id":40173,"href":"https:\/\/mersinkadingazetesi.com\/index.php?rest_route=\/wp\/v2\/posts\/40171\/revisions\/40173"}],"wp:featuredmedia":[{"embeddable":true,"href":"https:\/\/mersinkadingazetesi.com\/index.php?rest_route=\/wp\/v2\/media\/40172"}],"wp:attachment":[{"href":"https:\/\/mersinkadingazetesi.com\/index.php?rest_route=%2Fwp%2Fv2%2Fmedia&parent=40171"}],"wp:term":[{"taxonomy":"category","embeddable":true,"href":"https:\/\/mersinkadingazetesi.com\/index.php?rest_route=%2Fwp%2Fv2%2Fcategories&post=40171"},{"taxonomy":"post_tag","embeddable":true,"href":"https:\/\/mersinkadingazetesi.com\/index.php?rest_route=%2Fwp%2Fv2%2Ftags&post=40171"}],"curies":[{"name":"wp","href":"https:\/\/api.w.org\/{rel}","templated":true}]}}