{"id":40177,"date":"2025-03-01T22:36:43","date_gmt":"2025-03-01T19:36:43","guid":{"rendered":"https:\/\/mersinkadingazetesi.com\/?p=40177"},"modified":"2025-03-01T22:36:43","modified_gmt":"2025-03-01T19:36:43","slug":"buyuksehir-kariyer-merkezinden-is-dunyasinda-donusum-kapasite-gelistirme-programi","status":"publish","type":"post","link":"https:\/\/mersinkadingazetesi.com\/?p=40177","title":{"rendered":"B\u00dcY\u00dcK\u015eEH\u0130R KAR\u0130YER MERKEZ\u0130&#8217;NDEN &#8216;\u0130\u015e D\u00dcNYASINDA D\u00d6N\u00dc\u015e\u00dcM KAPAS\u0130TE GEL\u0130\u015eT\u0130RME PROGRAMI&#8217;"},"content":{"rendered":"\n<p>Mersin B\u00fcy\u00fck\u015fehir Belediyesi Kariyer Merkezi ev sahipli\u011finde, Mersin Ekonomi Platformu (MEP) ve Giri\u015fimci \u0130nsan Kaynaklar\u0131 Derne\u011fi (G\u0130DER\u0130K) i\u015fbirli\u011finde, i\u015f d\u00fcnyas\u0131nda d\u00f6n\u00fc\u015f\u00fcm\u00fc hedefleyen bir kapasite geli\u015ftirme projesi olan&nbsp;<strong>&#8216;\u0130\u015f D\u00fcnyas\u0131nda D\u00f6n\u00fc\u015f\u00fcm Kapasite Geli\u015ftirme Program\u0131&#8217;<\/strong>&nbsp;hayata ge\u00e7irildi. Proje kapsam\u0131nda d\u00fczenlenen&nbsp;<strong><em>&#8216;Sivil Toplumda Yeni Nesil Liderlik E\u011fitimi&#8217;<\/em><\/strong>&nbsp;sivil toplum kurulu\u015flar\u0131 liderleri, \u00f6zel sekt\u00f6r temsilcileri, \u00fcniversite \u00f6\u011frenci kul\u00fcpleri ba\u015fkan ve \u00fcyelerinin kat\u0131l\u0131m\u0131yla ger\u00e7ekle\u015ftirildi. D\u00fczenlenen etkinlik ile i\u015f d\u00fcnyas\u0131 ve sivil toplum aras\u0131nda g\u00fc\u00e7l\u00fc bir i\u015f birli\u011fi a\u011f\u0131 olu\u015fturulmas\u0131 hedefleniyor.<\/p>\n\n\n\n<p>Liderlik, kurumsalla\u015fma, etkili ileti\u015fim, dijital teknolojiler ve proje y\u00f6netimi gibi konular\u0131n ele al\u0131nd\u0131\u011f\u0131 e\u011fitim program\u0131, sivil toplum kurulu\u015flar\u0131n\u0131n i\u015f d\u00fcnyas\u0131yla daha g\u00fc\u00e7l\u00fc ba\u011flar kurmas\u0131n\u0131 ve toplumsal fayda odakl\u0131 projeler \u00fcretmesini ama\u00e7l\u0131yor.<\/p>\n\n\n\n<p><strong>\u00d6zada: &#8220;Kariyer Merkezi olarak, i\u015f d\u00fcnyas\u0131n\u0131n ihtiya\u00e7lar\u0131n\u0131 belirlemeye \u00e7al\u0131\u015f\u0131yoruz&#8221;<\/strong><\/p>\n\n\n\n<p>Mersin B\u00fcy\u00fck\u015fehir Belediyesi Kariyer Merkezi M\u00fcd\u00fcr\u00fc Serkan \u00d6zada, 2019 y\u0131l\u0131nda \u0130\u015fg\u00fcc\u00fc Piyasas\u0131 Koordinasyon Kurulu&#8217;nu kurduklar\u0131ndan s\u00f6z ederek,&nbsp;<strong>&#8220;Bunun i\u00e7erisinde \u00fcniversitelerimiz, odalar\u0131m\u0131z, i\u015f d\u00fcnyas\u0131n\u0131 temsil eden sivil toplum kurulu\u015flar\u0131m\u0131z var ve bug\u00fcn itibariyle 52 tane kurumu temsil ediyorlar. Biz orada i\u015f d\u00fcnyas\u0131n\u0131n ihtiya\u00e7lar\u0131n\u0131 belirlemek ad\u0131na toplant\u0131lar ger\u00e7ekle\u015ftiriyoruz&#8221;&nbsp;<\/strong>dedi.<\/p>\n\n\n\n<p>Sivil toplumun kat\u0131l\u0131m\u0131n\u0131 art\u0131rma, kapasite geli\u015ftirme e\u011fitimleri gibi ba\u015fl\u0131klarla bu projeyi ba\u015flatt\u0131klar\u0131ndan s\u00f6z eden \u00d6zada,&nbsp;<strong>&#8220;\u00d6n\u00fcm\u00fczdeki s\u00fcre\u00e7te kurumsalla\u015fma, dijitalle\u015fme, markala\u015fma, insan kaynaklar\u0131, LinkedIn uygulamas\u0131, yapay zeka gibi i\u015f d\u00fcnyas\u0131n\u0131n d\u00f6n\u00fc\u015f\u00fcm\u00fcne yard\u0131mc\u0131 olacak konularda yanlar\u0131nda olaca\u011f\u0131z&#8221;&nbsp;<\/strong>diye konu\u015ftu. En b\u00fcy\u00fck hedef kitlelerinden bir tanesinin de gen\u00e7ler oldu\u011funun alt\u0131n\u0131 \u00e7izen \u00d6zada,&nbsp;<strong>&#8220;Yeni d\u00fcnya hakk\u0131nda onlar\u0131 da bilin\u00e7lendirerek, kariyer yolculuklar\u0131nda destek sa\u011flamay\u0131 istiyoruz. Bunun d\u0131\u015f\u0131nda da Z ku\u015fa\u011f\u0131 dedi\u011fimiz nesli de bizim \u00e7\u00f6zmemiz ve anlamam\u0131z gerekiyor&#8221;&nbsp;<\/strong>ifadelerine yer verdi.<\/p>\n\n\n\n<p><strong>\u00d6zkaya: &#8220;H\u0131zla de\u011fi\u015fen d\u00fcnyam\u0131zda, \u00f6zellikle dijitalle\u015fme \u00f6n plana \u00e7\u0131k\u0131yor&#8221;<\/strong><\/p>\n\n\n\n<p>Mersin Ekonomi Platformu Ba\u015fkan\u0131 Servet \u00d6zkaya ise,&nbsp;<strong>&#8220;H\u0131zla de\u011fi\u015fen d\u00fcnyam\u0131zda, yeni nesil liderlikte \u00f6zellikle dijitalle\u015fme, inovasyon ve h\u0131zl\u0131 karar verme kabiliyetleri \u00f6n plana \u00e7\u0131k\u0131yor. Bununla beraber sivil toplum kurulu\u015flar\u0131nda ise yine dijitalle\u015fmenin yan\u0131nda, i\u015f d\u00fcnyas\u0131yla i\u015fbirli\u011fi ve kurumsalla\u015fma konular\u0131 \u00f6ne \u00e7\u0131k\u0131yor&#8221;&nbsp;<\/strong>dedi.<\/p>\n\n\n\n<p><strong>Orel: &#8220;Verilen bilgiler prati\u011fe d\u00f6nd\u00fc\u011f\u00fcnde, Mersin&#8217;e ve \u00fclke geneline \u00e7ok katk\u0131s\u0131 olacak&#8221;<\/strong><\/p>\n\n\n\n<p>Sheraton Grand Adana Hotel \u0130nsan Kaynaklar\u0131 Direkt\u00f6r\u00fc Oktay Orel, bu program\u0131n ger\u00e7ekle\u015fmesine \u00f6nc\u00fcl\u00fck eden Mersin B\u00fcy\u00fck\u015fehir Belediyesi&#8217;ne te\u015fekk\u00fcrlerini ileterek,&nbsp;<strong>&#8220;Mersin&#8217;deki i\u015f d\u00fcnyas\u0131na ve sivil toplum kurulu\u015flar\u0131na hap bilgiler verdik ve bunlar prati\u011fe d\u00f6nd\u00fc\u011f\u00fcnde hem Mersin&#8217;e, hem de b\u00fcy\u00fck resimde \u00fclke geneline \u00e7ok katk\u0131s\u0131 olacak. Programda&nbsp;<em>&#8216;Hizmetkar Liderlik&#8217;<\/em>&nbsp;diye yeni bir kavram var ve a\u011f\u0131rl\u0131kl\u0131 olarak bundan bahsettim&#8221;&nbsp;<\/strong>diye konu\u015ftu.<\/p>\n\n\n\n<p><strong>G\u00fcnd\u00fcz: &#8220;Gen\u00e7lere tavsiyem, Kariyer Merkezi&#8217;nin b\u00fct\u00fcn etkinliklerini izlesinler&#8221;<\/strong><\/p>\n\n\n\n<p>Anadolu Y\u00f6netim Dan\u0131\u015fmanlar\u0131 Derne\u011fi Ba\u015fkan\u0131 Ferudun G\u00fcnd\u00fcz de sivil toplumun d\u00fcnyada&nbsp;<strong><em>&#8216;5. G\u00fc\u00e7&#8217;<\/em><\/strong>&nbsp;olarak adland\u0131r\u0131ld\u0131\u011f\u0131na vurgu yaparak,&nbsp;<strong>&#8220;Sivil toplumun kapasitesinin g\u00fc\u00e7lendirilmesi, daha etkin olmas\u0131, toplumsal sorunlara duyarl\u0131l\u0131k g\u00f6stermesi konusunda bu toplant\u0131 \u00e7ok de\u011ferliydi&#8221;&nbsp;<\/strong>ifadelerine yer verdi. Kariyer Merkezi&#8217;nin de \u00f6nemine vurgu yapan G\u00fcnd\u00fcz, merkezin \u00e7ok y\u00f6nl\u00fc e\u011fitim programlar\u0131 d\u00fczenlenmesinin \u00f6nemine dikkat \u00e7ekerek,&nbsp;<strong>&#8220;\u00d6zellikle gen\u00e7lere d\u00f6n\u00fck i\u015fe yerle\u015ftirme, onlara bir tak\u0131m temel e\u011fitimler verip, m\u00fclakatlarda \u00e7ok daha ba\u015far\u0131l\u0131 olmalar\u0131n\u0131 sa\u011flama, ki\u015fisel geli\u015fimlerine katk\u0131 sa\u011flayacak \u00e7ok y\u00f6nl\u00fc programlar\u0131 ele al\u0131yorlar. Gen\u00e7lere tavsiyem, Kariyer Merkezi&#8217;nin b\u00fct\u00fcn etkinliklerini izlesinler&#8221;&nbsp;<\/strong>ifadelerini kulland\u0131.<\/p>\n\n\n\n<p><strong>Ko\u00e7ak: &#8220;Sivil toplum \u00f6rg\u00fctleri, bir toplumun geli\u015fmesinde temel yap\u0131 ta\u015flar\u0131ndan birisi&#8221;<\/strong><\/p>\n\n\n\n<p>MESBA\u015e Destek Hizmetleri ve G\u00fcvenlik M\u00fcd\u00fcr\u00fc Esat Ko\u00e7ak, bu tarz programlara kat\u0131lmaktan ve katk\u0131 sunmaktan son derece mutlu olduklar\u0131n\u0131 ifade ederek,&nbsp;<strong>&#8220;Bir yandan \u00fcniversite-sanayi i\u015fbirli\u011fi geli\u015fiyor, bir yandan \u00fcreticilerle \u00f6\u011frenciler aras\u0131nda bir ba\u011f kuruluyor. Sivil toplum \u00f6rg\u00fctleri bir toplumun geli\u015fmesinde temel yap\u0131 ta\u015flar\u0131ndan birisi ve lokomotifi. Dolay\u0131s\u0131yla da sivil toplum \u00f6rg\u00fctlerini biz de \u00e7ok \u00f6nemsiyor, destek olmaya \u00e7al\u0131\u015f\u0131yor ve geli\u015fmesi i\u00e7in de elimizden geleni yap\u0131yoruz&#8221;&nbsp;<\/strong>dedi.<\/p>\n\n\n\n<p><strong>\u00d6\u011frenciler, network imkan\u0131 bulabilmekten son derece memnun<\/strong><\/p>\n\n\n\n<p>Toros \u00dcniversitesi Uluslararas\u0131 Ticaret ve Lojistik Toplulu\u011fu Ba\u015fkan\u0131 Selin Apak, Mersin B\u00fcy\u00fck\u015fehir Belediyesi Kariyer Merkezi sayesinde bu tip organizasyonlara kat\u0131lma f\u0131rsat\u0131 bulduklar\u0131na dikkat \u00e7ekerek,&nbsp;<strong>&#8220;Kendimizi \u00e7ok \u015fansl\u0131 hissediyoruz ve program \u00e7ok verimli ge\u00e7ti. Burada network olu\u015fturmam\u0131z i\u00e7in \u00e7ok fazla deneyimli insan var. \u0130nsanlarla kayna\u015fma ve i\u015f a\u011f\u0131 olu\u015fturmak i\u00e7in konu\u015fuyor ve tan\u0131\u015f\u0131yoruz. Mezun olduktan sonra network olmadan T\u00fcrkiye&#8217;de bir yerlere gelmek s\u0131k\u0131nt\u0131. O y\u00fczden buras\u0131 bizim i\u00e7in \u00e7ok \u00f6nemli bir yer&#8221;&nbsp;<\/strong>dedi.<\/p>\n\n\n\n<p>Mersin \u00dcniversitesi Denizcilik \u0130\u015fletmeleri Y\u00f6netimi 2. s\u0131n\u0131f \u00f6\u011frencisi ve Kamu Denet\u00e7ili\u011fi Toplulu\u011fu Ba\u015fkan\u0131 Kahraman Y\u0131ld\u0131r\u0131m,&nbsp;<strong>&#8220;Program benim a\u00e7\u0131mdan m\u00fckemmel ge\u00e7ti. Bu \u015fekilde \u00fcst d\u00fczey denilebilecek network etkinliklerine \u00f6\u011frencilerin kat\u0131ld\u0131\u011f\u0131n\u0131 nadiren g\u00f6r\u00fcyorum. Bu etkinlik bizler i\u00e7in \u00e7ok k\u0131ymetli. \u00d6zellikle 3. ve 4. s\u0131n\u0131fta staj d\u00f6nemlerinde ve bundan sonraki i\u015f hayat\u0131m\u0131zda bize f\u0131rsat yaratma imk\u00e2n\u0131 sa\u011fl\u0131yor. Kariyer plan\u0131m\u0131zda ilk ad\u0131m\u0131 atarken, \u00e7ok de\u011ferli bir f\u0131rsat sunmu\u015f oluyor. Bunu de\u011ferlendirmek istiyoruz. Onun i\u00e7in de buraday\u0131z&#8221;&nbsp;<\/strong>diye konu\u015ftu.<\/p>\n","protected":false},"excerpt":{"rendered":"<p>Mersin B\u00fcy\u00fck\u015fehir Belediyesi Kariyer Merkezi ev sahipli\u011finde, Mersin Ekonomi Platformu (MEP) ve Giri\u015fimci \u0130nsan Kaynaklar\u0131 Derne\u011fi (G\u0130DER\u0130K) i\u015fbirli\u011finde, i\u015f d\u00fcnyas\u0131nda d\u00f6n\u00fc\u015f\u00fcm\u00fc hedefleyen bir kapasite geli\u015ftirme projesi olan&nbsp;&#8216;\u0130\u015f D\u00fcnyas\u0131nda D\u00f6n\u00fc\u015f\u00fcm Kapasite Geli\u015ftirme Program\u0131&#8217;&nbsp;hayata ge\u00e7irildi. Proje kapsam\u0131nda d\u00fczenlenen&nbsp;&#8216;Sivil Toplumda Yeni Nesil Liderlik E\u011fitimi&#8217;&nbsp;sivil toplum kurulu\u015flar\u0131 liderleri, \u00f6zel sekt\u00f6r temsilcileri, \u00fcniversite \u00f6\u011frenci kul\u00fcpleri ba\u015fkan ve \u00fcyelerinin kat\u0131l\u0131m\u0131yla ger\u00e7ekle\u015ftirildi. [&hellip;]<\/p>\n","protected":false},"author":2,"featured_media":40178,"comment_status":"closed","ping_status":"closed","sticky":false,"template":"","format":"standard","meta":{"footnotes":""},"categories":[3],"tags":[],"class_list":["post-40177","post","type-post","status-publish","format-standard","has-post-thumbnail","hentry","category-manset"],"views":7,"_links":{"self":[{"href":"https:\/\/mersinkadingazetesi.com\/index.php?rest_route=\/wp\/v2\/posts\/40177"}],"collection":[{"href":"https:\/\/mersinkadingazetesi.com\/index.php?rest_route=\/wp\/v2\/posts"}],"about":[{"href":"https:\/\/mersinkadingazetesi.com\/index.php?rest_route=\/wp\/v2\/types\/post"}],"author":[{"embeddable":true,"href":"https:\/\/mersinkadingazetesi.com\/index.php?rest_route=\/wp\/v2\/users\/2"}],"replies":[{"embeddable":true,"href":"https:\/\/mersinkadingazetesi.com\/index.php?rest_route=%2Fwp%2Fv2%2Fcomments&post=40177"}],"version-history":[{"count":1,"href":"https:\/\/mersinkadingazetesi.com\/index.php?rest_route=\/wp\/v2\/posts\/40177\/revisions"}],"predecessor-version":[{"id":40179,"href":"https:\/\/mersinkadingazetesi.com\/index.php?rest_route=\/wp\/v2\/posts\/40177\/revisions\/40179"}],"wp:featuredmedia":[{"embeddable":true,"href":"https:\/\/mersinkadingazetesi.com\/index.php?rest_route=\/wp\/v2\/media\/40178"}],"wp:attachment":[{"href":"https:\/\/mersinkadingazetesi.com\/index.php?rest_route=%2Fwp%2Fv2%2Fmedia&parent=40177"}],"wp:term":[{"taxonomy":"category","embeddable":true,"href":"https:\/\/mersinkadingazetesi.com\/index.php?rest_route=%2Fwp%2Fv2%2Fcategories&post=40177"},{"taxonomy":"post_tag","embeddable":true,"href":"https:\/\/mersinkadingazetesi.com\/index.php?rest_route=%2Fwp%2Fv2%2Ftags&post=40177"}],"curies":[{"name":"wp","href":"https:\/\/api.w.org\/{rel}","templated":true}]}}