{"id":40180,"date":"2025-03-01T22:38:25","date_gmt":"2025-03-01T19:38:25","guid":{"rendered":"https:\/\/mersinkadingazetesi.com\/?p=40180"},"modified":"2025-03-01T22:38:26","modified_gmt":"2025-03-01T19:38:26","slug":"buyuksehir-afet-egitimleri-ile-cocuklari-bilinclendiriyor","status":"publish","type":"post","link":"https:\/\/mersinkadingazetesi.com\/?p=40180","title":{"rendered":"B\u00dcY\u00dcK\u015eEH\u0130R, AFET E\u011e\u0130T\u0130MLER\u0130 \u0130LE \u00c7OCUKLARI B\u0130L\u0130N\u00c7LEND\u0130R\u0130YOR"},"content":{"rendered":"\n<p>Mersin B\u00fcy\u00fck\u015fehir Belediyesi, \u0130tfaiye Dairesi Ba\u015fkanl\u0131\u011f\u0131 koordinesinde&nbsp;<strong>&#8217;28 \u015eubat Sivil Savunma G\u00fcn\u00fc&#8217;<\/strong>&nbsp;kapsam\u0131nda Akdeniz \u0130l\u00e7esi&#8217;ne ba\u011fl\u0131 \u00c7ilek Mahallesi&#8217;nde yer alan Sosyal Hizmetler \u0130lkokulu&#8217;nda \u00e7ocuklara afet bilinci kazand\u0131rmak ve sivil savunma konular\u0131nda e\u011fitim vermek amac\u0131yla etkinlik d\u00fczenledi.<\/p>\n\n\n\n<p>Afet \u00f6ncesi, s\u0131ras\u0131 ve sonras\u0131nda hem afetlere kar\u015f\u0131 haz\u0131r olmak hem de ya\u015fanabilecek olumsuz durum ve tehlikelere kar\u015f\u0131 kendilerini koruyabilmelerini sa\u011flamak amac\u0131yla 6- 10 ya\u015f grubundaki \u00e7ocuklara ya\u015f d\u00fczeylerine uygun pratik bilgiler verildi. \u00c7ocuklara etkinlikte; olas\u0131 bir afet s\u0131ras\u0131nda pani\u011fe kap\u0131lmadan nas\u0131l hareket edilmesi gerekti\u011fi teorik olarak anlat\u0131l\u0131rken, \u00f6\u011frendiklerini peki\u015ftirebilmeleri amac\u0131yla da uygulamal\u0131 e\u011fitimler verildi.<\/p>\n\n\n\n<p>E\u011fitimlerin ard\u0131ndan \u0130tfaiye Dairesi Ba\u015fkanl\u0131\u011f\u0131 personelleri taraf\u0131ndan \u00e7ocuklara yang\u0131n t\u00fcrleri ve s\u0131n\u0131flar\u0131 hakk\u0131nda bilgilendirmeler de yap\u0131ld\u0131. Yang\u0131n t\u00fcrlerinin ne \u015fekilde farkl\u0131la\u015ft\u0131\u011f\u0131, her birinin nas\u0131l kontrol alt\u0131na al\u0131nabilece\u011fi anlat\u0131ld\u0131. Yang\u0131na m\u00fcdahale etme y\u00f6ntemleri ve yang\u0131n g\u00fcvenli\u011fi hakk\u0131nda ger\u00e7e\u011fe uygun tatbikat\u0131n yap\u0131lmas\u0131n\u0131n ard\u0131ndan etkinlik son buldu.<\/p>\n\n\n\n<p><strong>Elal: &#8220;Vatanda\u015flar\u0131m\u0131z\u0131n afet fark\u0131ndal\u0131\u011f\u0131n\u0131n olu\u015fmas\u0131 i\u00e7in \u00e7al\u0131\u015fmalar\u0131m\u0131z devam ediyor&#8221;<\/strong><\/p>\n\n\n\n<p>B\u00fcy\u00fck\u015fehir Belediyesi \u0130tfaiye Dairesi Ba\u015fkanl\u0131\u011f\u0131&#8217;na ba\u011fl\u0131 Sivil Savunma \u015eube M\u00fcd\u00fcr\u00fc Mehmet Elal&nbsp;<strong>&#8217;28 \u015eubat Sivil Savunma G\u00fcn\u00fc&#8217;<\/strong>&nbsp;kapsam\u0131nda Sosyal Hizmetler \u0130lkokulu&#8217;nda \u00e7ocuklara afetlerin neler oldu\u011fu, \u00fclkemizde en s\u0131k kar\u015f\u0131la\u015f\u0131lan afetler ve t\u00fcrleri, bunlar\u0131 \u00f6nlemek i\u00e7in neler yap\u0131lmas\u0131 gerekti\u011fi ve afet esnas\u0131nda uygulanmas\u0131 gereken davran\u0131\u015flarla ilgili bilgi aktard\u0131klar\u0131n\u0131 ifade etti.<\/p>\n\n\n\n<p>E\u011fitimin devam\u0131nda \u0130tfaiye Dairesi Ba\u015fkanl\u0131\u011f\u0131 personelleri taraf\u0131ndan yang\u0131n t\u00fcrleri ile ilgili de uygulamal\u0131 e\u011fitim verdiklerini belirten Elal,&nbsp;<strong>&#8221;&nbsp;<em>&#8216;Atalar\u0131m\u0131z a\u011fa\u00e7 ya\u015fken e\u011filir&#8217;<\/em>&nbsp;derler. Afetler insanlar\u0131 \u00f6ld\u00fcrmez, tedbirsizlik ve \u00f6nlem almamak insanlar\u0131 \u00f6ld\u00fcr\u00fcr. Biz, y\u0131l boyunca gerek Sivil Savunma \u015eube M\u00fcd\u00fcrl\u00fc\u011f\u00fcm\u00fcz gerekse de \u0130tfaiye E\u011fitim \u015eube M\u00fcd\u00fcrl\u00fc\u011f\u00fcm\u00fcz olarak kurum ve kurulu\u015flar\u0131n talepleri do\u011frultusunda etkinliklere kat\u0131l\u0131yoruz. Vatanda\u015flar\u0131m\u0131z\u0131n bilin\u00e7lenmesi ve afet fark\u0131ndal\u0131\u011f\u0131n\u0131n olu\u015fmas\u0131 a\u00e7\u0131s\u0131ndan \u015fehrimizde ger\u00e7ekle\u015ftirdi\u011fimiz \u00e7al\u0131\u015fmalar\u0131m\u0131za devam ediyoruz. E\u011fitim ve tatbikatlar\u0131m\u0131z\u0131 s\u00fcrekli y\u0131ll\u0131k olarak yap\u0131yoruz. \u00d6\u011frencilerimizin bilgilenmesini sa\u011fl\u0131yor, \u00f6\u011frendikleri bu bilgileri de ailelerine aktarmalar\u0131n\u0131 istiyoruz&#8221;<\/strong>&nbsp;\u015feklinde konu\u015ftu.<\/p>\n","protected":false},"excerpt":{"rendered":"<p>Mersin B\u00fcy\u00fck\u015fehir Belediyesi, \u0130tfaiye Dairesi Ba\u015fkanl\u0131\u011f\u0131 koordinesinde&nbsp;&#8217;28 \u015eubat Sivil Savunma G\u00fcn\u00fc&#8217;&nbsp;kapsam\u0131nda Akdeniz \u0130l\u00e7esi&#8217;ne ba\u011fl\u0131 \u00c7ilek Mahallesi&#8217;nde yer alan Sosyal Hizmetler \u0130lkokulu&#8217;nda \u00e7ocuklara afet bilinci kazand\u0131rmak ve sivil savunma konular\u0131nda e\u011fitim vermek amac\u0131yla etkinlik d\u00fczenledi. Afet \u00f6ncesi, s\u0131ras\u0131 ve sonras\u0131nda hem afetlere kar\u015f\u0131 haz\u0131r olmak hem de ya\u015fanabilecek olumsuz durum ve tehlikelere kar\u015f\u0131 kendilerini koruyabilmelerini sa\u011flamak [&hellip;]<\/p>\n","protected":false},"author":2,"featured_media":40181,"comment_status":"closed","ping_status":"closed","sticky":false,"template":"","format":"standard","meta":{"footnotes":""},"categories":[3],"tags":[],"class_list":["post-40180","post","type-post","status-publish","format-standard","has-post-thumbnail","hentry","category-manset"],"views":3,"_links":{"self":[{"href":"https:\/\/mersinkadingazetesi.com\/index.php?rest_route=\/wp\/v2\/posts\/40180"}],"collection":[{"href":"https:\/\/mersinkadingazetesi.com\/index.php?rest_route=\/wp\/v2\/posts"}],"about":[{"href":"https:\/\/mersinkadingazetesi.com\/index.php?rest_route=\/wp\/v2\/types\/post"}],"author":[{"embeddable":true,"href":"https:\/\/mersinkadingazetesi.com\/index.php?rest_route=\/wp\/v2\/users\/2"}],"replies":[{"embeddable":true,"href":"https:\/\/mersinkadingazetesi.com\/index.php?rest_route=%2Fwp%2Fv2%2Fcomments&post=40180"}],"version-history":[{"count":1,"href":"https:\/\/mersinkadingazetesi.com\/index.php?rest_route=\/wp\/v2\/posts\/40180\/revisions"}],"predecessor-version":[{"id":40182,"href":"https:\/\/mersinkadingazetesi.com\/index.php?rest_route=\/wp\/v2\/posts\/40180\/revisions\/40182"}],"wp:featuredmedia":[{"embeddable":true,"href":"https:\/\/mersinkadingazetesi.com\/index.php?rest_route=\/wp\/v2\/media\/40181"}],"wp:attachment":[{"href":"https:\/\/mersinkadingazetesi.com\/index.php?rest_route=%2Fwp%2Fv2%2Fmedia&parent=40180"}],"wp:term":[{"taxonomy":"category","embeddable":true,"href":"https:\/\/mersinkadingazetesi.com\/index.php?rest_route=%2Fwp%2Fv2%2Fcategories&post=40180"},{"taxonomy":"post_tag","embeddable":true,"href":"https:\/\/mersinkadingazetesi.com\/index.php?rest_route=%2Fwp%2Fv2%2Ftags&post=40180"}],"curies":[{"name":"wp","href":"https:\/\/api.w.org\/{rel}","templated":true}]}}