{"id":40195,"date":"2025-03-01T22:47:43","date_gmt":"2025-03-01T19:47:43","guid":{"rendered":"https:\/\/mersinkadingazetesi.com\/?p=40195"},"modified":"2025-03-01T22:47:44","modified_gmt":"2025-03-01T19:47:44","slug":"arslankoyde-105-yil-coskusu","status":"publish","type":"post","link":"https:\/\/mersinkadingazetesi.com\/?p=40195","title":{"rendered":"ARSLANK\u00d6Y&#8217;DE 105. YIL CO\u015eKUSU"},"content":{"rendered":"\n<p>Arslank\u00f6y&#8217;\u00fcn D\u00fc\u015fman \u0130\u015fgalinden Kurtulu\u015funun 105.y\u0131l\u0131 co\u015fkulu t\u00f6renlerle kutland\u0131. Toroslar Belediye Ba\u015fkan\u0131 Abdurrahman Y\u0131ld\u0131z, &#8220;Ecdad\u0131m\u0131z\u0131n di\u015fiyle, t\u0131rna\u011f\u0131yla, kan\u0131yla bize kazand\u0131rd\u0131\u011f\u0131 bu topraklara sahip \u00e7\u0131kmak,&nbsp; bundan sonra bu topraklar \u00fczerinde ya\u015fayan insanlar\u0131n daha mutlu, karde\u015f\u00e7e, huzur i\u00e7erisinde ya\u015famas\u0131n\u0131 sa\u011flamak da bizim g\u00f6revimiz&#8221; dedi.<\/p>\n\n\n\n<p>Arslank\u00f6y&#8217;\u00fcn kurtulu\u015funun 105. y\u0131l\u0131 dolay\u0131s\u0131yla Toroslar Kaymakaml\u0131\u011f\u0131, Mersin B\u00fcy\u00fck\u015fehir Belediyesi ve Toroslar Belediyesi taraf\u0131ndan d\u00fczenlenen kutlama program\u0131 renkli g\u00f6r\u00fcnt\u00fclere sahne oldu.<\/p>\n\n\n\n<p>\u0130stiklal Mar\u015f\u0131n\u0131n okunmas\u0131 ve Atat\u00fcrk an\u0131t\u0131na \u00e7elenk sunulmas\u0131yla ba\u015flayan t\u00f6renler, Arslank\u00f6yl\u00fc m\u00fcfrezelerin Kuvayi Milliye saflar\u0131na kat\u0131lmas\u0131n\u0131, Mustafa Kemal&#8217;e ba\u011fl\u0131l\u0131k yemini etmelerini ve i\u015fgalcileri Arslank\u00f6y&#8217;den \u00e7\u0131karmalar\u0131n\u0131 canland\u0131ran g\u00f6steri ile devam etti.<\/p>\n\n\n\n<p>T\u00f6rende \u00f6\u011frenciler \u015fiirler okudu, halk oyunlar\u0131 g\u00f6sterileri d\u00fczenlendi ve bando e\u015fli\u011finde zafer y\u00fcr\u00fcy\u00fc\u015f\u00fc yap\u0131ld\u0131.<\/p>\n\n\n\n<p><strong>&#8220;BU TOPRAKLARA SAH\u0130P \u00c7IKMAK VE KARDE\u015e\u00c7E YA\u015eAMAK B\u0130Z\u0130M G\u00d6REV\u0130M\u0130Z&#8221;<\/strong><\/p>\n\n\n\n<p>Kutlamalarda yurtta\u015flara seslenen Toroslar Belediye Ba\u015fkan\u0131 Abdurrahman Y\u0131ld\u0131z,&nbsp; &#8220;105 y\u0131l \u00f6nce, Anadolu&#8217;nun her yerinde ya\u015fanan m\u00fccadelenin bir benzeri de Arslank\u00f6y&#8217;de denendi ve nihayete eri\u015fti. En nihayetinde 1 Mart 1920 sabah\u0131, ecdad\u0131m\u0131z\u0131n di\u015fiyle, t\u0131rna\u011f\u0131yla, kan\u0131yla bize kazand\u0131rd\u0131\u011f\u0131 bu topraklara sahip \u00e7\u0131kmak, bundan sonra bu topraklar \u00fczerinde ya\u015fayan insanlar\u0131n daha mutlu, karde\u015f\u00e7e, huzur i\u00e7erisinde ya\u015famas\u0131n\u0131 sa\u011flamak da bizim g\u00f6revimiz&#8221; dedi.<\/p>\n\n\n\n<p><strong>&#8220;ARSLANK\u00d6Y&#8217;\u00dc YEN\u0130DEN \u0130MAR EDECE\u011e\u0130Z&#8221;<\/strong><\/p>\n\n\n\n<p>Arslank\u00f6y&#8217;\u00fcn Mersin ve Toroslar a\u00e7\u0131s\u0131ndan \u00e7ok \u00f6nemli merkezlerden biri oldu\u011funa de\u011finen Y\u0131ld\u0131z,&nbsp; &#8220;\u0130lk belediye olan beldelerden birisi, bu toplumsal tarihi ta\u015f\u0131m\u0131\u015f, \u00fcreten, g\u00fc\u00e7l\u00fc insanlar\u0131n oldu\u011fu beldelerimizden bir tanesi Arslank\u00f6y. Biz de bundan sonra Arslank\u00f6y\u00fcm\u00fcz\u00fcn hak etti\u011fi de\u011feri, yani ecdad\u0131m\u0131z\u0131n bize b\u00fcy\u00fck bir kahramanl\u0131kla teslim etti\u011fi bu kenti, bundan sonraki s\u00fcre\u00e7 i\u00e7in elimizden gelen her t\u00fcrl\u00fc hizmetle ta\u00e7land\u0131rmaya \u00e7al\u0131\u015faca\u011f\u0131z.&nbsp; Arslank\u00f6y kendisini nas\u0131l 1920&#8217;de bir kez daha in\u015fa etmi\u015fse, biz de son bir y\u0131ld\u0131r s\u00fcrd\u00fcrd\u00fc\u011f\u00fcm\u00fcz g\u00f6revden kaynakl\u0131, yeniden imar edilmesi, yeniden toparlanmas\u0131 yeniden ger\u00e7ekten ya\u015fan\u0131labilir bir mahalle haline getirilmesi i\u00e7in elimizden geleni yapaca\u011f\u0131z. Bu sene yaz\u0131n art\u0131k hem Arslank\u00f6y merkezinde hem de Toroslar&#8217;\u0131n b\u00fct\u00fcn k\u0131rsal mahallelerinde ne kadar ihmal edilmi\u015f belediyecilik hizmetleri varsa tamam\u0131n\u0131 yapmak \u00fczere arkada\u015flar\u0131m gerekli program\u0131n\u0131 yapt\u0131lar, gerekli \u00e7al\u0131\u015fmalar yapt\u0131lar. 1 Nisan&#8217;dan itibaren yani havalar art\u0131k bahara geldi\u011fi andan itibaren, Arslank\u00f6y&#8217;den ba\u015flayarak, b\u00fct\u00fcn Toroslar&#8217;\u0131 buraya yak\u0131\u015fan \u015fekilde yeniden imar edece\u011fiz, yeniden d\u00fczenleyece\u011fiz.&nbsp; Bu \u00e7er\u00e7evede k\u0131ymetli hem\u015ferilerim, bir kez daha ben Kurtulu\u015f G\u00fcn\u00fcn\u00fcz\u00fc kutluyorum&#8221; ifadelerini kulland\u0131.<\/p>\n\n\n\n<p><strong>KAYMAKAM SO\u011eUKPINAR VE M\u0130LLETVEK\u0130LLER\u0130 DE KATILDI<\/strong><\/p>\n\n\n\n<p>T\u00f6rende Toroslar Kaymakam\u0131 Mehmet So\u011fukp\u0131nar, Mersin B\u00fcy\u00fck\u015fehir Belediyesi Ba\u015fkan Vekili Hasan \u00d6zalp \u00d6nal, CHP Mersin Milletvekili Talat Din\u00e7er, CHP Mersin Milletvekili Hasan Ufuk \u00c7ak\u0131r, Arslank\u00f6y Muhtar\u0131 Z\u00fcleyha Ay da birer konu\u015fma yaparak Arslank\u00f6y&#8217;\u00fcn kurtulu\u015funu kutlad\u0131lar.<\/p>\n","protected":false},"excerpt":{"rendered":"<p>Arslank\u00f6y&#8217;\u00fcn D\u00fc\u015fman \u0130\u015fgalinden Kurtulu\u015funun 105.y\u0131l\u0131 co\u015fkulu t\u00f6renlerle kutland\u0131. Toroslar Belediye Ba\u015fkan\u0131 Abdurrahman Y\u0131ld\u0131z, &#8220;Ecdad\u0131m\u0131z\u0131n di\u015fiyle, t\u0131rna\u011f\u0131yla, kan\u0131yla bize kazand\u0131rd\u0131\u011f\u0131 bu topraklara sahip \u00e7\u0131kmak,&nbsp; bundan sonra bu topraklar \u00fczerinde ya\u015fayan insanlar\u0131n daha mutlu, karde\u015f\u00e7e, huzur i\u00e7erisinde ya\u015famas\u0131n\u0131 sa\u011flamak da bizim g\u00f6revimiz&#8221; dedi. Arslank\u00f6y&#8217;\u00fcn kurtulu\u015funun 105. y\u0131l\u0131 dolay\u0131s\u0131yla Toroslar Kaymakaml\u0131\u011f\u0131, Mersin B\u00fcy\u00fck\u015fehir Belediyesi ve Toroslar Belediyesi taraf\u0131ndan [&hellip;]<\/p>\n","protected":false},"author":2,"featured_media":40196,"comment_status":"closed","ping_status":"closed","sticky":false,"template":"","format":"standard","meta":{"footnotes":""},"categories":[34,2,3],"tags":[],"class_list":["post-40195","post","type-post","status-publish","format-standard","has-post-thumbnail","hentry","category-flas-haber","category-gundem","category-manset"],"views":2,"_links":{"self":[{"href":"https:\/\/mersinkadingazetesi.com\/index.php?rest_route=\/wp\/v2\/posts\/40195"}],"collection":[{"href":"https:\/\/mersinkadingazetesi.com\/index.php?rest_route=\/wp\/v2\/posts"}],"about":[{"href":"https:\/\/mersinkadingazetesi.com\/index.php?rest_route=\/wp\/v2\/types\/post"}],"author":[{"embeddable":true,"href":"https:\/\/mersinkadingazetesi.com\/index.php?rest_route=\/wp\/v2\/users\/2"}],"replies":[{"embeddable":true,"href":"https:\/\/mersinkadingazetesi.com\/index.php?rest_route=%2Fwp%2Fv2%2Fcomments&post=40195"}],"version-history":[{"count":1,"href":"https:\/\/mersinkadingazetesi.com\/index.php?rest_route=\/wp\/v2\/posts\/40195\/revisions"}],"predecessor-version":[{"id":40197,"href":"https:\/\/mersinkadingazetesi.com\/index.php?rest_route=\/wp\/v2\/posts\/40195\/revisions\/40197"}],"wp:featuredmedia":[{"embeddable":true,"href":"https:\/\/mersinkadingazetesi.com\/index.php?rest_route=\/wp\/v2\/media\/40196"}],"wp:attachment":[{"href":"https:\/\/mersinkadingazetesi.com\/index.php?rest_route=%2Fwp%2Fv2%2Fmedia&parent=40195"}],"wp:term":[{"taxonomy":"category","embeddable":true,"href":"https:\/\/mersinkadingazetesi.com\/index.php?rest_route=%2Fwp%2Fv2%2Fcategories&post=40195"},{"taxonomy":"post_tag","embeddable":true,"href":"https:\/\/mersinkadingazetesi.com\/index.php?rest_route=%2Fwp%2Fv2%2Ftags&post=40195"}],"curies":[{"name":"wp","href":"https:\/\/api.w.org\/{rel}","templated":true}]}}