{"id":40198,"date":"2025-03-01T22:49:40","date_gmt":"2025-03-01T19:49:40","guid":{"rendered":"https:\/\/mersinkadingazetesi.com\/?p=40198"},"modified":"2025-03-01T22:49:41","modified_gmt":"2025-03-01T19:49:41","slug":"ureticilerimiz-icin-ilave-destek-paketi-aciklayacagiz","status":"publish","type":"post","link":"https:\/\/mersinkadingazetesi.com\/?p=40198","title":{"rendered":"&#8220;\u00dcRET\u0130C\u0130LER\u0130M\u0130Z \u0130\u00c7\u0130N \u0130LAVE DESTEK PAKET\u0130 A\u00c7IKLAYACA\u011eIZ&#8221;"},"content":{"rendered":"\n<p>Mersin&#8217;de ge\u00e7ti\u011fimiz g\u00fcnlerde ya\u015fan\u0131lan&nbsp;<strong><em>&#8216;Zirai Don&#8217;<\/em><\/strong>, serac\u0131l\u0131k ve narenciye \u00fcretimi yapan \u00e7ift\u00e7ileri olumsuz etkiledi. Ya\u015fanan don olay\u0131n\u0131n ard\u0131ndan, \u00fcreticilerin ya\u015fad\u0131\u011f\u0131 s\u0131k\u0131nt\u0131lar\u0131 yerinde g\u00f6rmek ve destek sa\u011flamak amac\u0131yla ilgili b\u00fcrokratlar\u0131 ile birlikte sahaya inen Mersin B\u00fcy\u00fck\u015fehir Belediye Ba\u015fkan\u0131 Vahap Se\u00e7er, Kazanl\u0131 H\u00fcrriyet Mahallesi ve Bah\u00e7eli K\u00fcrk\u00e7\u00fc Mahallesi&#8217;nde patl\u0131can, domates ve biber seras\u0131 ile nektarin bah\u00e7elerinde incelemelerde bulundu. Se\u00e7er, daha sonra \u00fcreticilerle bir araya gelerek onlar\u0131n sorunlar\u0131n\u0131 dinledi.<\/p>\n\n\n\n<p>Zarar g\u00f6ren sera ve bah\u00e7elerde yapt\u0131\u011f\u0131 incelemelerin ard\u0131ndan de\u011ferlendirmelerde bulunan Ba\u015fkan Se\u00e7er, zarar\u0131n \u00f6zellikle \u00e7ukur arazilerde yo\u011funla\u015ft\u0131\u011f\u0131n\u0131, belli bir b\u00f6lgede de\u011fil, Tarsus&#8217;tan Anamur&#8217;a kadar muhtelif yerlerde s\u00f6z konusu oldu\u011funu s\u00f6yledi. Bu durumun \u00fcreticinin kaderi olmaktan \u00e7\u0131kmas\u0131 gerekti\u011finin alt\u0131n\u0131 \u00e7izen Se\u00e7er, \u00fcreticiler ile yapt\u0131\u011f\u0131 g\u00f6r\u00fc\u015fmelerde, bu t\u00fcr afetlerin zararlar\u0131n\u0131 telafi edecek enstr\u00fcmanlardan TARS\u0130M&#8217;in (Tar\u0131m Sigortalar\u0131 Havuzu) \u00fcreticiye yarar getirmedi\u011fi gibi y\u00fcksek maliyeti dolay\u0131s\u0131yla s\u0131k\u0131nt\u0131 yaratt\u0131\u011f\u0131 serzeni\u015fi ile kar\u015f\u0131la\u015ft\u0131\u011f\u0131n\u0131 vurgulad\u0131. Se\u00e7er,&nbsp;<strong><em>&#8216;Zarar kar\u015f\u0131lama&#8217;<\/em><\/strong>,&nbsp;<strong><em>&#8216;Prim bedeli&#8217;<\/em><\/strong>&nbsp;gibi \u00e7ift\u00e7i i\u00e7in b\u00fcy\u00fck \u00f6nem arz eden uygulamalar\u0131 hakk\u0131nda TARS\u0130M&#8217;in yeni bir d\u00fczenlemeye ihtiya\u00e7 duydu\u011funu kaydetti.<\/p>\n\n\n\n<p><strong>Ba\u015fkan Se\u00e7er: &#8220;Buran\u0131n Afet B\u00f6lgesi ilan edilmesi gereklili\u011fi ortaya \u00e7\u0131kabilir&#8221;<\/strong><\/p>\n\n\n\n<p>T\u00fcrkiye&#8217;de \u00fcreticilerin genel olarak \u00fcretimlerini bor\u00e7lanarak yapt\u0131klar\u0131n\u0131 aktaran Se\u00e7er, ya\u015fan\u0131lan Don olay\u0131 dolay\u0131s\u0131yla, \u00e7ift\u00e7ilerin bor\u00e7lar\u0131n\u0131 \u00f6deme \u015fanslar\u0131n\u0131n kalmad\u0131\u011f\u0131n\u0131 s\u00f6yledi. Se\u00e7er,&nbsp;<strong>&#8220;Bu ko\u015fullarda bu bor\u00e7lar\u0131 \u00f6deme \u015fanslar\u0131 yok, \u00f6deseler dahi yeniden \u00fcretim yapabilmeleri i\u00e7in yeni bir sermaye bulma imkanlar\u0131 yok. B\u00fct\u00fcn bunlar\u0131 g\u00f6rerek; bu i\u015f ba\u015fta tabii ki h\u00fck\u00fcmete d\u00fc\u015f\u00fcyor; buran\u0131n Afet B\u00f6lgesi ilan edilmesi gereklili\u011fi ortaya \u00e7\u0131kabilir. \u00d6n\u00fcm\u00fczdeki hafta i\u00e7erisinde Tar\u0131m \u0130l M\u00fcd\u00fcrl\u00fc\u011f\u00fc ekipleri hasar tespiti yapacaklar. Daha ger\u00e7ek\u00e7i rakamlarla bu tespiti yaparlarsa, yani objektif yaparlarsa, \u00e7ift\u00e7ilerimizin dertlerine daha do\u011fru \u00e7are bulabilirler&#8221;<\/strong>&nbsp;dedi.<\/p>\n\n\n\n<p><strong>&#8220;Sorunu makro anlamda \u00e7\u00f6zecek olan iktidar ve ilgili bakanl\u0131\u011f\u0131d\u0131r&#8221;<\/strong><\/p>\n\n\n\n<p>Mersin&#8217;in 100 milyar TL&#8217;den fazla tar\u0131msal geliri olan bir b\u00f6lge oldu\u011funa dikkat \u00e7eken Se\u00e7er, \u00fcreticinin zarar g\u00f6rmesinin, dolayl\u0131 olarak ticaret yapt\u0131klar\u0131 t\u00fcm kesimleri etkileyece\u011fini s\u00f6yledi. Se\u00e7er, &#8220;<strong>\u00c7\u00fcnk\u00fc \u00e7arkta bir sorun ortaya \u00e7\u0131k\u0131yor. B\u00fct\u00fcn bunlar\u0131 hesaba katarak bu soruna \u00e7\u00f6z\u00fcm bulmak gerekiyor. Bunu da makro anlamda \u00e7\u00f6zecek olan iktidar ve ilgili bakanl\u0131\u011f\u0131d\u0131r. Mali olarak katk\u0131 sa\u011flamal\u0131, destek olmal\u0131, bor\u00e7lar\u0131 ertelemeli ve bunlar\u0131 da faizsiz yapmal\u0131lar. Yeni krediler vermeliler. \u00c7\u00fcnk\u00fc \u00e7ark\u0131n, o d\u00f6ng\u00fcn\u00fcn devam etmesi laz\u0131m. Sadece mevcut borcunu \u00f6demekle yetmiyor&#8221;<\/strong>&nbsp;diye konu\u015ftu.<\/p>\n\n\n\n<p><strong>&#8220;\u00dcreticilerimiz i\u00e7in ilave destek paketi a\u00e7\u0131klayaca\u011f\u0131z&#8221;<\/strong><\/p>\n\n\n\n<p>Mersin B\u00fcy\u00fck\u015fehir Belediyesi olarak her zaman \u00fcreticilerin yan\u0131nda olduklar\u0131n\u0131 ve ortaya \u00e7\u0131kan zarar sonucunda da yine onlar\u0131n yanlar\u0131nda olmaya devam edeceklerini s\u00f6yleyen Se\u00e7er, ilgili birimlerin \u00e7al\u0131\u015fmalar\u0131n\u0131 tamamlamas\u0131n\u0131n ard\u0131ndan, zarar g\u00f6ren \u00fcreticilere y\u00f6nelik destek \u00e7al\u0131\u015fmalar\u0131 hakk\u0131nda detayl\u0131 a\u00e7\u0131klama yapacaklar\u0131n\u0131 s\u00f6yledi. Tar\u0131msal desteklere ayr\u0131lan b\u00fct\u00e7eyi 2024&#8217;te 119 milyon TL iken 2025&#8217;de 215 milyon TL&#8217;ye y\u00fckselttiklerini dile getiren Se\u00e7er,&nbsp;<strong>&#8220;Bu b\u00f6lgede, \u00f6zellikle k\u00fc\u00e7\u00fck \u00fcreticilerin \u00fcretim zorlu\u011fu ya\u015fad\u0131klar\u0131, girdi maliyetlerinin y\u00fcksek oldu\u011fu ger\u00e7e\u011fiyle, tar\u0131msal \u00fcretime, hayvanc\u0131l\u0131\u011fa destek veriyoruz. Ama bu zarardan sonra da ilave bir destek paketi a\u00e7\u0131klayaca\u011f\u0131z. Aile i\u015fletmelerine, aile \u00e7ift\u00e7ilerine, k\u00fc\u00e7\u00fck i\u015fletmelere y\u00f6nelik desteklerimizle, biz de onlar\u0131n dertlerine bir nebze olsun \u00e7are, yaralar\u0131na merhem olmak isteriz. \u00d6n\u00fcm\u00fczdeki g\u00fcnlerde arkada\u015flar\u0131m\u0131z \u00e7al\u0131\u015fmalar\u0131n\u0131 bitirdiklerinde bunu \u00fcreticilerimizle payla\u015faca\u011f\u0131z&#8221; ifadelerini kulland\u0131.<\/strong><\/p>\n\n\n\n<p>Se\u00e7er a\u00e7\u0131klamas\u0131n\u0131<strong>, &#8220;T\u00fcm \u00e7ift\u00e7ilerimize, Mersinimize ge\u00e7mi\u015f olsun. Umut ediyorum yaralar hem merkezi h\u00fck\u00fcmetin hem yerel y\u00f6netimlerin deste\u011fiyle bir an \u00f6nce sar\u0131l\u0131r, \u00fcreticilerimizde \u00fcretime devam ederler&#8221;<\/strong>&nbsp;s\u00f6zleriyle tamamlad\u0131.<\/p>\n","protected":false},"excerpt":{"rendered":"<p>Mersin&#8217;de ge\u00e7ti\u011fimiz g\u00fcnlerde ya\u015fan\u0131lan&nbsp;&#8216;Zirai Don&#8217;, serac\u0131l\u0131k ve narenciye \u00fcretimi yapan \u00e7ift\u00e7ileri olumsuz etkiledi. Ya\u015fanan don olay\u0131n\u0131n ard\u0131ndan, \u00fcreticilerin ya\u015fad\u0131\u011f\u0131 s\u0131k\u0131nt\u0131lar\u0131 yerinde g\u00f6rmek ve destek sa\u011flamak amac\u0131yla ilgili b\u00fcrokratlar\u0131 ile birlikte sahaya inen Mersin B\u00fcy\u00fck\u015fehir Belediye Ba\u015fkan\u0131 Vahap Se\u00e7er, Kazanl\u0131 H\u00fcrriyet Mahallesi ve Bah\u00e7eli K\u00fcrk\u00e7\u00fc Mahallesi&#8217;nde patl\u0131can, domates ve biber seras\u0131 ile nektarin bah\u00e7elerinde incelemelerde bulundu. [&hellip;]<\/p>\n","protected":false},"author":2,"featured_media":40199,"comment_status":"closed","ping_status":"closed","sticky":false,"template":"","format":"standard","meta":{"footnotes":""},"categories":[3],"tags":[],"class_list":["post-40198","post","type-post","status-publish","format-standard","has-post-thumbnail","hentry","category-manset"],"views":3,"_links":{"self":[{"href":"https:\/\/mersinkadingazetesi.com\/index.php?rest_route=\/wp\/v2\/posts\/40198"}],"collection":[{"href":"https:\/\/mersinkadingazetesi.com\/index.php?rest_route=\/wp\/v2\/posts"}],"about":[{"href":"https:\/\/mersinkadingazetesi.com\/index.php?rest_route=\/wp\/v2\/types\/post"}],"author":[{"embeddable":true,"href":"https:\/\/mersinkadingazetesi.com\/index.php?rest_route=\/wp\/v2\/users\/2"}],"replies":[{"embeddable":true,"href":"https:\/\/mersinkadingazetesi.com\/index.php?rest_route=%2Fwp%2Fv2%2Fcomments&post=40198"}],"version-history":[{"count":1,"href":"https:\/\/mersinkadingazetesi.com\/index.php?rest_route=\/wp\/v2\/posts\/40198\/revisions"}],"predecessor-version":[{"id":40200,"href":"https:\/\/mersinkadingazetesi.com\/index.php?rest_route=\/wp\/v2\/posts\/40198\/revisions\/40200"}],"wp:featuredmedia":[{"embeddable":true,"href":"https:\/\/mersinkadingazetesi.com\/index.php?rest_route=\/wp\/v2\/media\/40199"}],"wp:attachment":[{"href":"https:\/\/mersinkadingazetesi.com\/index.php?rest_route=%2Fwp%2Fv2%2Fmedia&parent=40198"}],"wp:term":[{"taxonomy":"category","embeddable":true,"href":"https:\/\/mersinkadingazetesi.com\/index.php?rest_route=%2Fwp%2Fv2%2Fcategories&post=40198"},{"taxonomy":"post_tag","embeddable":true,"href":"https:\/\/mersinkadingazetesi.com\/index.php?rest_route=%2Fwp%2Fv2%2Ftags&post=40198"}],"curies":[{"name":"wp","href":"https:\/\/api.w.org\/{rel}","templated":true}]}}