{"id":40204,"date":"2025-03-01T22:52:00","date_gmt":"2025-03-01T19:52:00","guid":{"rendered":"https:\/\/mersinkadingazetesi.com\/?p=40204"},"modified":"2025-03-01T22:52:00","modified_gmt":"2025-03-01T19:52:00","slug":"vahap-secerden-silah-birakma-cagrisina-iliskin-aciklama-surec-siyaset-ustu-seffaf-ve-toplumsal-mutabakat-saglanarak-yurutumelidir","status":"publish","type":"post","link":"https:\/\/mersinkadingazetesi.com\/?p=40204","title":{"rendered":"VAHAP SE\u00c7ER&#8217;DEN, &#8216;S\u0130LAH BIRAKMA \u00c7A\u011eRISI&#8217;NA \u0130L\u0130\u015eK\u0130N A\u00c7IKLAMA: &#8220;S\u00dcRE\u00c7 S\u0130YASET \u00dcST\u00dc, \u015eEFFAF VE TOPLUMSAL MUTABAKAT SA\u011eLANARAK Y\u00dcR\u00dcT\u00dcMEL\u0130D\u0130R&#8221;"},"content":{"rendered":"\n<p>Mersin B\u00fcy\u00fck\u015fehir Belediye Ba\u015fkan\u0131 Vahap Se\u00e7er, &#8216;Silah b\u0131rakma \u00e7a\u011fr\u0131s\u0131&#8217;na ili\u015fkin de\u011ferlendirmelerde bulundu. Se\u00e7er, s\u00fcreci siyaset \u00fcst\u00fc g\u00f6rmek gerekti\u011fine dikkat \u00e7ekerek, s\u00fcrecin \u015feffaf bir \u015fekilde, toplumsal mutabakatla parlamentoda hukuki bir zemin olu\u015fturularak&nbsp; y\u00fcr\u00fct\u00fclmesinin de \u00f6nemini vurgulad\u0131.<\/p>\n\n\n\n<p>T\u00fcrkiye&#8217;nin uzun y\u0131llard\u0131r ter\u00f6r sorunu ve K\u00fcrt sorunuyla bo\u011fu\u015ftu\u011funu belirten Vahap Se\u00e7er, bu sorunun \u00e7ok can kayb\u0131na neden oldu\u011funu hat\u0131rlatarak,&nbsp;<strong>&#8220;Bu sorun; g\u00fcvenlik g\u00fc\u00e7lerimizin \u015fehit olmas\u0131na neden oldu. Mali a\u00e7\u0131dan \u00fclkemize \u00e7ok b\u00fcy\u00fck bedeller \u00f6detti, toplumsal olarak da travma ya\u015fatt\u0131&#8221;<\/strong>&nbsp;dedi. B\u00f6yle bir a\u00e7\u0131klaman\u0131n beklendi\u011fine i\u015faret eden Se\u00e7er,&nbsp;<strong>&#8220;Bu anlamda hepimiz bu a\u00e7\u0131klamay\u0131 \u00f6nemsiyoruz. Ancak bundan sonraki s\u00fcre\u00e7teki geli\u015fmeleri de takip etmek laz\u0131m. \u015eu anda nelerin olup bitece\u011fini a\u00e7\u0131k\u00e7as\u0131 ne biz biliyoruz ne kamuoyu biliyor. Do\u011fal olarak da bu nerede yaz\u0131lm\u0131\u015f, \u00e7izilmi\u015f, planlanm\u0131\u015f, s\u0131n\u0131rlar\u0131n \u00f6tesinde mi yaz\u0131lm\u0131\u015f, \u00e7izilmi\u015f, Ortado\u011fu&#8217;daki geli\u015fmelerle bir ba\u011flant\u0131s\u0131 var m\u0131? Biz tabi ki tahmin y\u00fcr\u00fcterek bunlar\u0131 de\u011ferlendiriyoruz, ki ben bunun \u00f6yle oldu\u011funu de\u011ferlendiriyorum. Ortado\u011fu&#8217;daki geli\u015fmelerin buradaki a\u00e7\u0131klamalara \u00e7ok b\u00fcy\u00fck tesir etti\u011fini d\u00fc\u015f\u00fcn\u00fcyorum&#8221;<\/strong>&nbsp;ifadelerine yer verdi.<\/p>\n\n\n\n<p><strong>&#8220;S\u00fcrecin kamuoyuna a\u00e7\u0131k ve \u015feffaf bir \u015fekilde y\u00fcr\u00fct\u00fclmesi gerekiyor&#8221;<\/strong><\/p>\n\n\n\n<p>Ya\u015fanan geli\u015fmenin i\u00e7 siyasete de yans\u0131malar\u0131 olaca\u011f\u0131n\u0131 vurgulayan Se\u00e7er,&nbsp;<strong>&#8220;Bir anayasa de\u011fi\u015fikli\u011fi, Say\u0131n Cumhurba\u015fkan\u0131&#8217;n\u0131n g\u00f6rev s\u00fcresinin uzat\u0131lmas\u0131 bununla m\u0131 ba\u011flanacak? Bunu da a\u00e7\u0131k\u00e7as\u0131 hem bizler hem kamuoyu merak ediyor&#8221;<\/strong>&nbsp;diye konu\u015ftu. T\u00fcm bunlardan ba\u011f\u0131ms\u0131z olarak bu meseleye siyaset \u00fcst\u00fc yakla\u015f\u0131lmas\u0131 gerekti\u011finin alt\u0131n\u0131 \u00e7izen Se\u00e7er,&nbsp;<strong>&#8220;Bu meselenin sonu\u00e7lanmas\u0131 laz\u0131m. Elbette ki kamuoyuna a\u00e7\u0131k ve \u015feffaf olunmas\u0131 gerekiyor. Zaten bu a\u00e7\u0131klaman\u0131n hemen ard\u0131ndan demokratik siyaset ve hukuk zeminin olu\u015fturulmas\u0131 gerekti\u011fi vurgusu da yap\u0131ld\u0131. Bu belki de metnin d\u0131\u015f\u0131nda bir a\u00e7\u0131klamayd\u0131 ama bu da son derece \u00f6nemli bir a\u00e7\u0131klamayd\u0131. \u00c7a\u011fr\u0131 metninde yer almayan ve S\u0131rr\u0131 S\u00fcreyya \u00d6nder&#8217;in metnin okunmas\u0131n\u0131n ard\u0131ndan ayr\u0131ca &nbsp;aktard\u0131\u011f\u0131 &nbsp;bu a\u00e7\u0131klamay\u0131 da \u00f6nemsemek laz\u0131m&#8221;<\/strong>&nbsp;dedi.<\/p>\n\n\n\n<p><strong>&#8220;Buradan arzu etti\u011fimiz tek sonu\u00e7; \u00fclkemizin ve toplumumuzun kazanmas\u0131d\u0131r&#8221;<\/strong><\/p>\n\n\n\n<p>E\u011fer bir hukuki zemin ortam\u0131 gerekiyorsa bunun parlamentoda olmas\u0131 gerekti\u011fini s\u00f6yleyen Se\u00e7er,&nbsp;<strong>&#8220;Bunun t\u00fcm topluma \u015feffaf bir \u015fekilde anlat\u0131lmas\u0131 laz\u0131m. Di\u011fer siyasi partilerin ve t\u00fcm kesimlerin de g\u00f6r\u00fc\u015flerini alarak yap\u0131lmas\u0131 laz\u0131m&#8221;<\/strong>&nbsp;diye konu\u015ftu. 40 y\u0131ld\u0131r bu mesele y\u00fcz\u00fcnden toplumun \u015fehit verdi\u011fini, bir\u00e7ok eve \u015fehitlerin ac\u0131s\u0131n\u0131n ate\u015finin d\u00fc\u015ft\u00fc\u011f\u00fcn\u00fc belirten Se\u00e7er,&nbsp;<strong>&#8220;Toplumsal hassasiyeti de g\u00f6z \u00f6n\u00fcne alarak bir s\u00fcre\u00e7 y\u00fcr\u00fct\u00fclmesi gerekti\u011fini d\u00fc\u015f\u00fcn\u00fcyorum. Nihayetinde buradan arzu etti\u011fimiz tek sonu\u00e7; \u00fclkemizin ve toplumumuzun kazanmas\u0131d\u0131r. Bin y\u0131ld\u0131r beraber ya\u015fad\u0131\u011f\u0131m\u0131z K\u00fcrt, T\u00fcrk, di\u011fer etnik yap\u0131lar, inan\u00e7 gruplar\u0131 fark etmeksizin, bir arada, bundan sonra beraber ya\u015faman\u0131n yolunu bulal\u0131m.&nbsp; Bunun da mutlaka hukuki bir zemine oturtulmas\u0131 gerekiyor. Demokratikle\u015fme, \u00f6zg\u00fcr d\u00fc\u015f\u00fcnce, d\u00fc\u015f\u00fcncelerin \u00f6zg\u00fcr ifadesi, hukuk devleti normlar\u0131n\u0131n Avrupa ve geli\u015fmi\u015f \u00fclkeler standard\u0131na ula\u015fmas\u0131n\u0131n bu sorunlar\u0131 \u00e7ok daha h\u0131zl\u0131 \u00e7\u00f6zece\u011fine inan\u0131yorum&#8221;<\/strong>&nbsp;diyerek s\u00f6zlerini tamamlad\u0131.<\/p>\n","protected":false},"excerpt":{"rendered":"<p>Mersin B\u00fcy\u00fck\u015fehir Belediye Ba\u015fkan\u0131 Vahap Se\u00e7er, &#8216;Silah b\u0131rakma \u00e7a\u011fr\u0131s\u0131&#8217;na ili\u015fkin de\u011ferlendirmelerde bulundu. Se\u00e7er, s\u00fcreci siyaset \u00fcst\u00fc g\u00f6rmek gerekti\u011fine dikkat \u00e7ekerek, s\u00fcrecin \u015feffaf bir \u015fekilde, toplumsal mutabakatla parlamentoda hukuki bir zemin olu\u015fturularak&nbsp; y\u00fcr\u00fct\u00fclmesinin de \u00f6nemini vurgulad\u0131. T\u00fcrkiye&#8217;nin uzun y\u0131llard\u0131r ter\u00f6r sorunu ve K\u00fcrt sorunuyla bo\u011fu\u015ftu\u011funu belirten Vahap Se\u00e7er, bu sorunun \u00e7ok can kayb\u0131na neden oldu\u011funu hat\u0131rlatarak,&nbsp;&#8220;Bu [&hellip;]<\/p>\n","protected":false},"author":2,"featured_media":40205,"comment_status":"closed","ping_status":"closed","sticky":false,"template":"","format":"standard","meta":{"footnotes":""},"categories":[34,3,5,6],"tags":[],"class_list":["post-40204","post","type-post","status-publish","format-standard","has-post-thumbnail","hentry","category-flas-haber","category-manset","category-mersin","category-siyaset-2"],"views":9,"_links":{"self":[{"href":"https:\/\/mersinkadingazetesi.com\/index.php?rest_route=\/wp\/v2\/posts\/40204"}],"collection":[{"href":"https:\/\/mersinkadingazetesi.com\/index.php?rest_route=\/wp\/v2\/posts"}],"about":[{"href":"https:\/\/mersinkadingazetesi.com\/index.php?rest_route=\/wp\/v2\/types\/post"}],"author":[{"embeddable":true,"href":"https:\/\/mersinkadingazetesi.com\/index.php?rest_route=\/wp\/v2\/users\/2"}],"replies":[{"embeddable":true,"href":"https:\/\/mersinkadingazetesi.com\/index.php?rest_route=%2Fwp%2Fv2%2Fcomments&post=40204"}],"version-history":[{"count":1,"href":"https:\/\/mersinkadingazetesi.com\/index.php?rest_route=\/wp\/v2\/posts\/40204\/revisions"}],"predecessor-version":[{"id":40206,"href":"https:\/\/mersinkadingazetesi.com\/index.php?rest_route=\/wp\/v2\/posts\/40204\/revisions\/40206"}],"wp:featuredmedia":[{"embeddable":true,"href":"https:\/\/mersinkadingazetesi.com\/index.php?rest_route=\/wp\/v2\/media\/40205"}],"wp:attachment":[{"href":"https:\/\/mersinkadingazetesi.com\/index.php?rest_route=%2Fwp%2Fv2%2Fmedia&parent=40204"}],"wp:term":[{"taxonomy":"category","embeddable":true,"href":"https:\/\/mersinkadingazetesi.com\/index.php?rest_route=%2Fwp%2Fv2%2Fcategories&post=40204"},{"taxonomy":"post_tag","embeddable":true,"href":"https:\/\/mersinkadingazetesi.com\/index.php?rest_route=%2Fwp%2Fv2%2Ftags&post=40204"}],"curies":[{"name":"wp","href":"https:\/\/api.w.org\/{rel}","templated":true}]}}