{"id":40207,"date":"2025-03-01T22:56:59","date_gmt":"2025-03-01T19:56:59","guid":{"rendered":"https:\/\/mersinkadingazetesi.com\/?p=40207"},"modified":"2025-03-01T22:57:00","modified_gmt":"2025-03-01T19:57:00","slug":"mhp-mersin-milletvekili-dr-levent-uysal-zirai-don-ile-ilgili-soru-onergesi-verdi","status":"publish","type":"post","link":"https:\/\/mersinkadingazetesi.com\/?p=40207","title":{"rendered":"MHP MERS\u0130N M\u0130LLETVEK\u0130L\u0130 DR. LEVENT UYSAL Z\u0130RA\u0130 DON \u0130LE \u0130LG\u0130L\u0130 SORU \u00d6NERGES\u0130 VERD\u0130"},"content":{"rendered":"\n<p>Milliyet\u00e7i Hareket Partisi Mersin Milletvekili ve MYK \u00dcyesi Dr. Levent Uysal, 22 \u015eubat\u2019ta Mersin\u2019de etkili olan ve tar\u0131m arazilerinde b\u00fcy\u00fck hasara yol a\u00e7an zirai don afeti ile ilgili 26 \u015eubat tarihinde Tar\u0131m ve Orman Bakanl\u0131\u011f\u0131n\u0131n yan\u0131tlamas\u0131 istemiyle soru \u00f6nergesi verdi.<br><br>22-25 \u015eubat 2025 tarihleri aras\u0131nda geceleri hava s\u0131cakl\u0131klar\u0131n\u0131n ortalama -8,7\u00b0C\u2019ye kadar d\u00fc\u015fmesi ile Mersin genelinde yo\u011fun \u015fekilde zirai don etkili oldu. Sahil b\u00f6lgesinde a\u00e7\u0131kta yeti\u015ftirilen sert ve yumu\u015fak \u00e7ekirdekli meyve t\u00fcrleri, turun\u00e7giller ile subtropik meyvelerde s\u00fcrg\u00fcn ve \u00e7i\u00e7eklenme faaliyetlerinin ba\u015flamas\u0131, \u00f6rt\u00fc alt\u0131 sebze ve meyvelerde hasad\u0131n ve meyve geli\u015fiminin devam etmesi nedeniyle d\u00fc\u015f\u00fck s\u0131cakl\u0131klardan dolay\u0131 tar\u0131m arazilerinde b\u00fcy\u00fck \u00e7apl\u0131 zararlar meydana geldi.<\/p>\n\n\n\n<p>MHP Mersin Milletvekili Dr. Levent Uysal ilkbahar ge\u00e7 donlar\u0131n\u0131n, tar\u0131msal \u00fcretim i\u00e7in en tehlikeli d\u00fc\u015f\u00fck s\u0131cakl\u0131k zarar\u0131 olarak bilindi\u011fini belirtti\u011fi soru \u00f6nergesinde \u015fu beyanda bulundu;<br><br><strong>\u201cBitkiler, aktif b\u00fcy\u00fcme d\u00f6neminde (\u00e7i\u00e7ek, s\u00fcrg\u00fcn, k\u00fc\u00e7\u00fck meyve v.b.) olduklar\u0131ndan dolay\u0131 d\u00fc\u015f\u00fck s\u0131cakl\u0131klara olan hassasiyetleri daha fazla olmakta ve tar\u0131msal \u00fcretim zarar\u0131 daha b\u00fcy\u00fck \u00e7apta ger\u00e7ekle\u015fmektedir.\u201d<\/strong><br><br>Milliyet\u00e7i Hareket Partisi Mersin Milletvekili ve MYK \u00dcyesi Dr. Levent Uysal Tar\u0131m ve Orman Bakan\u0131 \u0130brahim Yumakl\u0131\u2019n\u0131n yan\u0131tlamas\u0131 istemiyle verdi\u011fi soru \u00f6nergesinde a\u015fa\u011f\u0131daki sorular\u0131 y\u00f6neltti;<\/p>\n\n\n\n<ol class=\"wp-block-list\">\n<li>Di\u011fer Bakanl\u0131klar ve AFAD Ba\u015fkanl\u0131\u011f\u0131 ile koordinasyon sa\u011flanarak Mersin ilimizin \u201cGenel Hayata Etkili Afet B\u00f6lgesi\u201d ilan edilmesi i\u00e7in bir \u00e7al\u0131\u015fma ba\u015flat\u0131ld\u0131 m\u0131?<\/li>\n\n\n\n<li>Ya\u015fanan zirai don felaketi sonucunda zarar g\u00f6ren \u00e7ift\u00e7ilerimizin ma\u011fduriyetlerinin giderilmesi i\u00e7in saha \u00e7al\u0131\u015fmas\u0131 ba\u015flat\u0131lm\u0131\u015f m\u0131d\u0131r?<\/li>\n\n\n\n<li>Don felaketinden zarar g\u00f6ren \u00e7ift\u00e7ilerimizin Ziraat Bankas\u0131 ve T\u00fcrkiye Tar\u0131m Kredi Kooperatifleri\u2019ne olan bor\u00e7lar\u0131n\u0131n ertelenmesi i\u00e7in bir \u00e7al\u0131\u015fma ba\u015flat\u0131lm\u0131\u015f m\u0131d\u0131r?<\/li>\n\n\n\n<li>Zirai don felaketine ba\u011fl\u0131 olarak meydana gelen zararlar\u0131n telafi edilmesi i\u00e7in \u00e7ift\u00e7ilerimize hangi desteklerin verilmesi planlanmaktad\u0131r?<\/li>\n\n\n\n<li>Zirai don felaketinden zarar g\u00f6ren tar\u0131m alanlar\u0131nda bir an \u00f6nce yeniden \u00fcretime ba\u015flanabilmesi i\u00e7in hangi politikalar\u0131n uygulanmas\u0131 planlanmaktad\u0131r?<\/li>\n\n\n\n<li>Tar\u0131m Sigortalar\u0131 taraf\u0131ndan zirai don felaketinden zarar g\u00f6ren \u00e7ift\u00e7ilerimizin zarar\u0131n\u0131n tamam\u0131 kar\u015f\u0131lanacak m\u0131d\u0131r? Ayr\u0131ca Tar\u0131m Sigortalar\u0131 taraf\u0131ndan zarar\u0131 kar\u015f\u0131lanmayan \u00e7ift\u00e7ilerimize hangi destekleri vermeyi planl\u0131yorsunuz?<\/li>\n<\/ol>\n","protected":false},"excerpt":{"rendered":"<p>Milliyet\u00e7i Hareket Partisi Mersin Milletvekili ve MYK \u00dcyesi Dr. Levent Uysal, 22 \u015eubat\u2019ta Mersin\u2019de etkili olan ve tar\u0131m arazilerinde b\u00fcy\u00fck hasara yol a\u00e7an zirai don afeti ile ilgili 26 \u015eubat tarihinde Tar\u0131m ve Orman Bakanl\u0131\u011f\u0131n\u0131n yan\u0131tlamas\u0131 istemiyle soru \u00f6nergesi verdi. 22-25 \u015eubat 2025 tarihleri aras\u0131nda geceleri hava s\u0131cakl\u0131klar\u0131n\u0131n ortalama -8,7\u00b0C\u2019ye kadar d\u00fc\u015fmesi ile Mersin genelinde [&hellip;]<\/p>\n","protected":false},"author":2,"featured_media":40208,"comment_status":"closed","ping_status":"closed","sticky":false,"template":"","format":"standard","meta":{"footnotes":""},"categories":[3],"tags":[],"class_list":["post-40207","post","type-post","status-publish","format-standard","has-post-thumbnail","hentry","category-manset"],"views":4,"_links":{"self":[{"href":"https:\/\/mersinkadingazetesi.com\/index.php?rest_route=\/wp\/v2\/posts\/40207"}],"collection":[{"href":"https:\/\/mersinkadingazetesi.com\/index.php?rest_route=\/wp\/v2\/posts"}],"about":[{"href":"https:\/\/mersinkadingazetesi.com\/index.php?rest_route=\/wp\/v2\/types\/post"}],"author":[{"embeddable":true,"href":"https:\/\/mersinkadingazetesi.com\/index.php?rest_route=\/wp\/v2\/users\/2"}],"replies":[{"embeddable":true,"href":"https:\/\/mersinkadingazetesi.com\/index.php?rest_route=%2Fwp%2Fv2%2Fcomments&post=40207"}],"version-history":[{"count":1,"href":"https:\/\/mersinkadingazetesi.com\/index.php?rest_route=\/wp\/v2\/posts\/40207\/revisions"}],"predecessor-version":[{"id":40209,"href":"https:\/\/mersinkadingazetesi.com\/index.php?rest_route=\/wp\/v2\/posts\/40207\/revisions\/40209"}],"wp:featuredmedia":[{"embeddable":true,"href":"https:\/\/mersinkadingazetesi.com\/index.php?rest_route=\/wp\/v2\/media\/40208"}],"wp:attachment":[{"href":"https:\/\/mersinkadingazetesi.com\/index.php?rest_route=%2Fwp%2Fv2%2Fmedia&parent=40207"}],"wp:term":[{"taxonomy":"category","embeddable":true,"href":"https:\/\/mersinkadingazetesi.com\/index.php?rest_route=%2Fwp%2Fv2%2Fcategories&post=40207"},{"taxonomy":"post_tag","embeddable":true,"href":"https:\/\/mersinkadingazetesi.com\/index.php?rest_route=%2Fwp%2Fv2%2Ftags&post=40207"}],"curies":[{"name":"wp","href":"https:\/\/api.w.org\/{rel}","templated":true}]}}