{"id":40210,"date":"2025-03-01T23:01:39","date_gmt":"2025-03-01T20:01:39","guid":{"rendered":"https:\/\/mersinkadingazetesi.com\/?p=40210"},"modified":"2025-03-01T23:01:40","modified_gmt":"2025-03-01T20:01:40","slug":"vali-toros-ozel-sisecam-mesleki-ve-teknik-anadolu-lisesini-ziyaret-etti","status":"publish","type":"post","link":"https:\/\/mersinkadingazetesi.com\/?p=40210","title":{"rendered":"VAL\u0130 TOROS, \u00d6ZEL \u015e\u0130\u015eECAM MESLEK\u0130 VE TEKN\u0130K ANADOLU L\u0130SES\u0130N\u0130 Z\u0130YARET ETT\u0130"},"content":{"rendered":"\n<p>Valimiz Say\u0131n Atilla Toros, Mersin- Tarsus Organize Sanayi B\u00f6lgesi i\u00e7erisinde bulunan ve \u00f6rnek proje \u00e7al\u0131\u015fmalar\u0131 ger\u00e7ekle\u015ftiren \u00d6zel \u015ei\u015fecam Mesleki ve Teknik Anadolu Lisesini ziyaret etti.<\/p>\n\n\n\n<p>Vali Atilla Toros, \u00f6zellikle gen\u00e7 n\u00fcfusa d\u00f6n\u00fck donan\u0131ml\u0131, kaliteli ve s\u00fcrd\u00fcr\u00fclebilir mesleki e\u011fitim alanlar\u0131n\u0131n olu\u015fturulmas\u0131 ve geli\u015ftirilmesi gerekti\u011fi fikrinden hareketle kurulan okuldaki s\u0131n\u0131f, at\u00f6lye ve laboratuvarlar\u0131 ziyaret ederek incelemelerde bulundu, e\u011fitim s\u00fcre\u00e7leri hakk\u0131nda bilgiler ald\u0131, ba\u015far\u0131lar diledi.<\/p>\n\n\n\n<p>TOROS BA\u015eKANLI\u011eINDA, MERS\u0130N TARSUS ORGAN\u0130ZE SANAY\u0130 B\u00d6LGES\u0130 M\u00dcTE\u015eEBB\u0130S HEYET TOPLANTISI GER\u00c7EKLE\u015eT\u0130R\u0130LD\u0130<\/p>\n\n\n\n<p>Valimiz Say\u0131n Atilla Toros ba\u015fkanl\u0131\u011f\u0131nda, Mersin Tarsus Organize Sanayi B\u00f6lgesi (MTOSB) M\u00fcte\u015febbis Heyet toplant\u0131s\u0131 ger\u00e7ekle\u015ftirildi.<br><br>Toplant\u0131da; OSB\u2019nin geli\u015fim s\u00fcreci, 4. etab\u0131n altyap\u0131 \u00e7al\u0131\u015fmalar\u0131, yeni geni\u015fleme alan\u0131 olan 5. etap ile ilgili haz\u0131rl\u0131k \u00e7al\u0131\u015fmalar\u0131, planlanan ve devam eden projelere ili\u015fkin konular ile g\u00fcndem maddeleri g\u00f6r\u00fc\u015f\u00fclerek karara ba\u011fland\u0131.<br><br>Toplant\u0131ya; MTOSB Y\u00f6netim Kurulu Ba\u015fkan\u0131 Sabri Tekli ve M\u00fcte\u015febbis Heyeti \u00fcyeleri kat\u0131ld\u0131.<\/p>\n","protected":false},"excerpt":{"rendered":"<p>Valimiz Say\u0131n Atilla Toros, Mersin- Tarsus Organize Sanayi B\u00f6lgesi i\u00e7erisinde bulunan ve \u00f6rnek proje \u00e7al\u0131\u015fmalar\u0131 ger\u00e7ekle\u015ftiren \u00d6zel \u015ei\u015fecam Mesleki ve Teknik Anadolu Lisesini ziyaret etti. Vali Atilla Toros, \u00f6zellikle gen\u00e7 n\u00fcfusa d\u00f6n\u00fck donan\u0131ml\u0131, kaliteli ve s\u00fcrd\u00fcr\u00fclebilir mesleki e\u011fitim alanlar\u0131n\u0131n olu\u015fturulmas\u0131 ve geli\u015ftirilmesi gerekti\u011fi fikrinden hareketle kurulan okuldaki s\u0131n\u0131f, at\u00f6lye ve laboratuvarlar\u0131 ziyaret ederek incelemelerde bulundu, [&hellip;]<\/p>\n","protected":false},"author":2,"featured_media":40211,"comment_status":"closed","ping_status":"closed","sticky":false,"template":"","format":"standard","meta":{"footnotes":""},"categories":[3],"tags":[],"class_list":["post-40210","post","type-post","status-publish","format-standard","has-post-thumbnail","hentry","category-manset"],"views":3,"_links":{"self":[{"href":"https:\/\/mersinkadingazetesi.com\/index.php?rest_route=\/wp\/v2\/posts\/40210"}],"collection":[{"href":"https:\/\/mersinkadingazetesi.com\/index.php?rest_route=\/wp\/v2\/posts"}],"about":[{"href":"https:\/\/mersinkadingazetesi.com\/index.php?rest_route=\/wp\/v2\/types\/post"}],"author":[{"embeddable":true,"href":"https:\/\/mersinkadingazetesi.com\/index.php?rest_route=\/wp\/v2\/users\/2"}],"replies":[{"embeddable":true,"href":"https:\/\/mersinkadingazetesi.com\/index.php?rest_route=%2Fwp%2Fv2%2Fcomments&post=40210"}],"version-history":[{"count":1,"href":"https:\/\/mersinkadingazetesi.com\/index.php?rest_route=\/wp\/v2\/posts\/40210\/revisions"}],"predecessor-version":[{"id":40212,"href":"https:\/\/mersinkadingazetesi.com\/index.php?rest_route=\/wp\/v2\/posts\/40210\/revisions\/40212"}],"wp:featuredmedia":[{"embeddable":true,"href":"https:\/\/mersinkadingazetesi.com\/index.php?rest_route=\/wp\/v2\/media\/40211"}],"wp:attachment":[{"href":"https:\/\/mersinkadingazetesi.com\/index.php?rest_route=%2Fwp%2Fv2%2Fmedia&parent=40210"}],"wp:term":[{"taxonomy":"category","embeddable":true,"href":"https:\/\/mersinkadingazetesi.com\/index.php?rest_route=%2Fwp%2Fv2%2Fcategories&post=40210"},{"taxonomy":"post_tag","embeddable":true,"href":"https:\/\/mersinkadingazetesi.com\/index.php?rest_route=%2Fwp%2Fv2%2Ftags&post=40210"}],"curies":[{"name":"wp","href":"https:\/\/api.w.org\/{rel}","templated":true}]}}