{"id":40213,"date":"2025-03-01T23:04:32","date_gmt":"2025-03-01T20:04:32","guid":{"rendered":"https:\/\/mersinkadingazetesi.com\/?p=40213"},"modified":"2025-03-01T23:04:33","modified_gmt":"2025-03-01T20:04:33","slug":"vali-torosun-esi-dudu-irem-toros-mersin-ayse-ecevit-masal-evini-ziyaret-etti","status":"publish","type":"post","link":"https:\/\/mersinkadingazetesi.com\/?p=40213","title":{"rendered":"VAL\u0130 TOROS\u2019UN ES\u0327\u0130 DUDU I\u0307REM TOROS MERS\u0130N AYS\u0327E ECEV\u0130T MASAL EV\u0130N\u0130 Z\u0130YARET ETT\u0130"},"content":{"rendered":"\n<p>Valimiz Say\u0131n Atilla Toros\u2019un e\u015fi Dudu \u0130rem Toros Han\u0131mefendi, Mersin Ay\u015fe Ecevit Masal Evini ziyaret etti.<\/p>\n\n\n\n<p>\u0130l Milli E\u011fitim M\u00fcd\u00fcrl\u00fc\u011f\u00fc taraf\u0131ndan \u2018Aile Y\u0131l\u0131\u2019 ve 26 \u015eubat D\u00fcnya Masal Anlatma G\u00fcn\u00fc vesilesiyle d\u00fczenlenen ve anne ve \u00e7ocuklar\u0131n kat\u0131l\u0131m\u0131yla ger\u00e7ekle\u015ftirilen programda masal kahramanlar\u0131 \u00f6\u011frencilerimiz taraf\u0131ndan canland\u0131r\u0131ld\u0131.&nbsp;<\/p>\n\n\n\n<p>\u2018Ailemle E\u011fitim Yolculu\u011fu\u2019 projesi kapsam\u0131nda ise m\u00fczik dinletisi ger\u00e7ekle\u015ftirildi, velilerle birlikte geleneksel sokak oyunlar\u0131 oynand\u0131, seramik \u00e7al\u0131\u015fmalar\u0131 yap\u0131larak minik \u00f6\u011frencilerle y\u00fcz boyama etkinli\u011fi d\u00fczenlendi.<\/p>\n\n\n\n<p>Dudu \u0130rem Toros Han\u0131mefendi; m\u00fczik etkinlikleri alan\u0131, sanat ve etkinlik odas\u0131, drama odas\u0131 ile Anadolu ve Y\u00f6r\u00fck masallar\u0131n\u0131n anlat\u0131ld\u0131\u011f\u0131 masal anlat\u0131m b\u00f6l\u00fcmlerini ziyaret ederek etkinliklere e\u015flik etti.<\/p>\n\n\n\n<h2 class=\"wp-block-heading\">&nbsp;\u0130REM TOROS, MERS\u0130N OLGUNLA\u015eMA ENST\u0130T\u00dcS\u00dcN\u00dc Z\u0130YARET ETT\u0130<\/h2>\n\n\n\n<p>Valimiz Say\u0131n Atilla Toros\u2019un e\u015fi Dudu \u0130rem Toros Han\u0131mefendi; Mersin Olgunla\u015fma Enstit\u00fcs\u00fcn\u00fc ziyaret etti, y\u00fcr\u00fct\u00fclmekte olan \u00e7al\u0131\u015fmalar hakk\u0131nda bilgiler ald\u0131, at\u00f6lyelerde incelemelerde bulundu.<\/p>\n\n\n\n<p>Mersin Olgunla\u015fma Enstit\u00fcs\u00fcnde bulunan el nak\u0131\u015flar\u0131, giyim \u00fcretim teknolojileri, dokuma ve sanat tasar\u0131m at\u00f6lyelerini gezdi. Nesilden nesile aktar\u0131lan el eme\u011fi g\u00f6z nuru eserleri \u00fcreten enstit\u00fc mensuplar\u0131n\u0131 kutlad\u0131, ba\u015far\u0131lar diledi.<\/p>\n","protected":false},"excerpt":{"rendered":"<p>Valimiz Say\u0131n Atilla Toros\u2019un e\u015fi Dudu \u0130rem Toros Han\u0131mefendi, Mersin Ay\u015fe Ecevit Masal Evini ziyaret etti. \u0130l Milli E\u011fitim M\u00fcd\u00fcrl\u00fc\u011f\u00fc taraf\u0131ndan \u2018Aile Y\u0131l\u0131\u2019 ve 26 \u015eubat D\u00fcnya Masal Anlatma G\u00fcn\u00fc vesilesiyle d\u00fczenlenen ve anne ve \u00e7ocuklar\u0131n kat\u0131l\u0131m\u0131yla ger\u00e7ekle\u015ftirilen programda masal kahramanlar\u0131 \u00f6\u011frencilerimiz taraf\u0131ndan canland\u0131r\u0131ld\u0131.&nbsp; \u2018Ailemle E\u011fitim Yolculu\u011fu\u2019 projesi kapsam\u0131nda ise m\u00fczik dinletisi ger\u00e7ekle\u015ftirildi, velilerle birlikte [&hellip;]<\/p>\n","protected":false},"author":2,"featured_media":40214,"comment_status":"closed","ping_status":"closed","sticky":false,"template":"","format":"standard","meta":{"footnotes":""},"categories":[3],"tags":[],"class_list":["post-40213","post","type-post","status-publish","format-standard","has-post-thumbnail","hentry","category-manset"],"views":7,"_links":{"self":[{"href":"https:\/\/mersinkadingazetesi.com\/index.php?rest_route=\/wp\/v2\/posts\/40213"}],"collection":[{"href":"https:\/\/mersinkadingazetesi.com\/index.php?rest_route=\/wp\/v2\/posts"}],"about":[{"href":"https:\/\/mersinkadingazetesi.com\/index.php?rest_route=\/wp\/v2\/types\/post"}],"author":[{"embeddable":true,"href":"https:\/\/mersinkadingazetesi.com\/index.php?rest_route=\/wp\/v2\/users\/2"}],"replies":[{"embeddable":true,"href":"https:\/\/mersinkadingazetesi.com\/index.php?rest_route=%2Fwp%2Fv2%2Fcomments&post=40213"}],"version-history":[{"count":1,"href":"https:\/\/mersinkadingazetesi.com\/index.php?rest_route=\/wp\/v2\/posts\/40213\/revisions"}],"predecessor-version":[{"id":40215,"href":"https:\/\/mersinkadingazetesi.com\/index.php?rest_route=\/wp\/v2\/posts\/40213\/revisions\/40215"}],"wp:featuredmedia":[{"embeddable":true,"href":"https:\/\/mersinkadingazetesi.com\/index.php?rest_route=\/wp\/v2\/media\/40214"}],"wp:attachment":[{"href":"https:\/\/mersinkadingazetesi.com\/index.php?rest_route=%2Fwp%2Fv2%2Fmedia&parent=40213"}],"wp:term":[{"taxonomy":"category","embeddable":true,"href":"https:\/\/mersinkadingazetesi.com\/index.php?rest_route=%2Fwp%2Fv2%2Fcategories&post=40213"},{"taxonomy":"post_tag","embeddable":true,"href":"https:\/\/mersinkadingazetesi.com\/index.php?rest_route=%2Fwp%2Fv2%2Ftags&post=40213"}],"curies":[{"name":"wp","href":"https:\/\/api.w.org\/{rel}","templated":true}]}}