{"id":40218,"date":"2025-03-01T23:09:58","date_gmt":"2025-03-01T20:09:58","guid":{"rendered":"https:\/\/mersinkadingazetesi.com\/?p=40218"},"modified":"2025-03-01T23:09:58","modified_gmt":"2025-03-01T20:09:58","slug":"mersin-vizyon-projelerini-ortak-akilla-belirleyecek","status":"publish","type":"post","link":"https:\/\/mersinkadingazetesi.com\/?p=40218","title":{"rendered":"Mersin, vizyon projelerini ortak ak\u0131lla belirleyecek"},"content":{"rendered":"\n<p>Mersin\u2019in ortak vizyonda ortak hedefe y\u00f6nelik projeler \u00fcretmesi amac\u0131yla MTSO koordinasyonunda bir araya gelen \u00fcniversite, kamu kurum ve kurulu\u015flar\u0131yla Oda ve Borsalar\u0131n proje ekiplerinden olu\u015fan Odak Mersin Proje \u00c7al\u0131\u015fma Grubu ikinci toplant\u0131s\u0131n\u0131 Mersin B\u00fcy\u00fck\u015fehir Belediyesi ev sahipli\u011finde ger\u00e7ekle\u015ftirdi.&nbsp;<\/p>\n\n\n\n<p>Mersin Ticaret ve Sanayi Odas\u0131 (MTSO) Y\u00f6netim Kurulu Ba\u015fkan\u0131 Hakan Sefa \u00c7ak\u0131r\u2019\u0131n da kat\u0131ld\u0131\u011f\u0131 toplant\u0131da kentin gelece\u011fini \u015fekillendirecek vizyon projeleri \u00fczerine \u00e7al\u0131\u015fmalar s\u00fcrd\u00fcr\u00fcld\u00fc. Toplant\u0131da, Mersin\u2019in \u00f6nceli\u011finin belirlenerek t\u00fcm kurum ve kurulu\u015flar\u0131n birbirinden haberi olarak hareket etmesinin \u00f6nemine de\u011finen Ba\u015fkan \u00c7ak\u0131r, olu\u015fturulan \u00e7al\u0131\u015fma grubuyla herkese ayr\u0131 birer g\u00f6rev verilerek kentin gelecek projelerinin birlikte yaz\u0131lmas\u0131 gerekti\u011fini s\u00f6yledi. Kentin t\u00fcm kurumlar\u0131yla birlikte \u00fcretece\u011fi projelerde ortak akl\u0131n yakalanmas\u0131n\u0131n kentin geli\u015fimine do\u011frudan katk\u0131 sunaca\u011f\u0131n\u0131 ifade eden \u00c7ak\u0131r, ayn\u0131 zamanda projelerin var olan etkisinin de artaca\u011f\u0131n\u0131 ve b\u00f6ylece kente daha \u00e7ok katk\u0131 sunulaca\u011f\u0131n\u0131 vurgulad\u0131. Kentin hi\u00e7bir sorununun bireysel olmad\u0131\u011f\u0131na de\u011finen \u00c7ak\u0131r, \u00e7\u00f6z\u00fcm\u00fc ve geli\u015ftirilmesi noktas\u0131nda da ortak hareket etmenin ortak projelerle sa\u011flanaca\u011f\u0131n\u0131 s\u00f6yledi. \u00c7ak\u0131r g\u00fcc\u00fcn de israf edilmemesi gerekti\u011fine de\u011finen \u00c7ak\u0131r, \u201cKurumlar\u0131n elindeki profesyonel insan kayna\u011f\u0131ndan da her kurum birlikte yararlanmal\u0131, kaynaklar\u0131m\u0131z\u0131 birlikte de\u011ferlendirmeliyiz\u201d dedi.&nbsp;<br>Toplant\u0131n\u0131n ilk \u00e7\u0131kt\u0131s\u0131 proje yazma ve y\u00f6netimi e\u011fitimine ba\u015flay\u0131p ildeki proje yazma ve y\u00f6netme kapasitesinin art\u0131r\u0131larak farkl\u0131 bak\u0131\u015f a\u00e7\u0131lar\u0131yla kente yeni projelerin kazand\u0131r\u0131lmas\u0131 karar\u0131 oldu. Bu sayede kentteki proje yazma k\u00fclt\u00fcr\u00fcn\u00fcn kamu kurum ve kurulu\u015fu \u00e7al\u0131\u015fanlar\u0131ndan okullardaki \u00f6\u011fretmenlere, i\u015f insanlar\u0131ndan yerel y\u00f6netimlere kadar t\u00fcm kesimlere yayg\u0131nla\u015ft\u0131r\u0131l\u0131p Mersin\u2019in ulusal ve uluslararas\u0131 kaynaklardan daha \u00e7ok faydalanmas\u0131 hedeflendi.&nbsp;<\/p>\n","protected":false},"excerpt":{"rendered":"<p>Mersin\u2019in ortak vizyonda ortak hedefe y\u00f6nelik projeler \u00fcretmesi amac\u0131yla MTSO koordinasyonunda bir araya gelen \u00fcniversite, kamu kurum ve kurulu\u015flar\u0131yla Oda ve Borsalar\u0131n proje ekiplerinden olu\u015fan Odak Mersin Proje \u00c7al\u0131\u015fma Grubu ikinci toplant\u0131s\u0131n\u0131 Mersin B\u00fcy\u00fck\u015fehir Belediyesi ev sahipli\u011finde ger\u00e7ekle\u015ftirdi.&nbsp; Mersin Ticaret ve Sanayi Odas\u0131 (MTSO) Y\u00f6netim Kurulu Ba\u015fkan\u0131 Hakan Sefa \u00c7ak\u0131r\u2019\u0131n da kat\u0131ld\u0131\u011f\u0131 toplant\u0131da kentin gelece\u011fini [&hellip;]<\/p>\n","protected":false},"author":2,"featured_media":40219,"comment_status":"closed","ping_status":"closed","sticky":false,"template":"","format":"standard","meta":{"footnotes":""},"categories":[3],"tags":[],"class_list":["post-40218","post","type-post","status-publish","format-standard","has-post-thumbnail","hentry","category-manset"],"views":3,"_links":{"self":[{"href":"https:\/\/mersinkadingazetesi.com\/index.php?rest_route=\/wp\/v2\/posts\/40218"}],"collection":[{"href":"https:\/\/mersinkadingazetesi.com\/index.php?rest_route=\/wp\/v2\/posts"}],"about":[{"href":"https:\/\/mersinkadingazetesi.com\/index.php?rest_route=\/wp\/v2\/types\/post"}],"author":[{"embeddable":true,"href":"https:\/\/mersinkadingazetesi.com\/index.php?rest_route=\/wp\/v2\/users\/2"}],"replies":[{"embeddable":true,"href":"https:\/\/mersinkadingazetesi.com\/index.php?rest_route=%2Fwp%2Fv2%2Fcomments&post=40218"}],"version-history":[{"count":1,"href":"https:\/\/mersinkadingazetesi.com\/index.php?rest_route=\/wp\/v2\/posts\/40218\/revisions"}],"predecessor-version":[{"id":40220,"href":"https:\/\/mersinkadingazetesi.com\/index.php?rest_route=\/wp\/v2\/posts\/40218\/revisions\/40220"}],"wp:featuredmedia":[{"embeddable":true,"href":"https:\/\/mersinkadingazetesi.com\/index.php?rest_route=\/wp\/v2\/media\/40219"}],"wp:attachment":[{"href":"https:\/\/mersinkadingazetesi.com\/index.php?rest_route=%2Fwp%2Fv2%2Fmedia&parent=40218"}],"wp:term":[{"taxonomy":"category","embeddable":true,"href":"https:\/\/mersinkadingazetesi.com\/index.php?rest_route=%2Fwp%2Fv2%2Fcategories&post=40218"},{"taxonomy":"post_tag","embeddable":true,"href":"https:\/\/mersinkadingazetesi.com\/index.php?rest_route=%2Fwp%2Fv2%2Ftags&post=40218"}],"curies":[{"name":"wp","href":"https:\/\/api.w.org\/{rel}","templated":true}]}}