{"id":40227,"date":"2025-03-02T10:41:16","date_gmt":"2025-03-02T07:41:16","guid":{"rendered":"https:\/\/mersinkadingazetesi.com\/?p=40227"},"modified":"2025-03-02T10:41:16","modified_gmt":"2025-03-02T07:41:16","slug":"arslankoyun-kurtulusunun-105-yil-donumu-buyuk-bir-cosku-ve-gururla-kutlandi","status":"publish","type":"post","link":"https:\/\/mersinkadingazetesi.com\/?p=40227","title":{"rendered":"ARSLANK\u00d6Y&#8217;\u00dcN KURTULU\u015eUNUN 105. YIL D\u00d6N\u00dcM\u00dc B\u00dcY\u00dcK B\u0130R CO\u015eKU VE GURURLA KUTLANDI"},"content":{"rendered":"\n<p>Kurtulu\u015f Sava\u015f\u0131 y\u0131llar\u0131nda Mersin&#8217;de Kuvayi Milliye ate\u015finin ilk yak\u0131ld\u0131\u011f\u0131 yer olan Arslank\u00f6y&#8217;\u00fcn d\u00fc\u015fman i\u015fgalinden kurtulu\u015funun 105. y\u0131l d\u00f6n\u00fcm\u00fc d\u00fczenlenen t\u00f6renle kutland\u0131. Mersin B\u00fcy\u00fck\u015fehir Belediyesi, Toroslar Belediyesi ve Toroslar Kaymakaml\u0131\u011f\u0131&#8217;n\u0131n destekleri ile ger\u00e7ekle\u015ftirilen programda Arslank\u00f6y&#8217;\u00fcn kurtulu\u015fu co\u015fkuyla kutland\u0131. Arslank\u00f6y mahallelilerin Kuvayi Milliye saflar\u0131na kat\u0131lmas\u0131n\u0131n ve kurtulu\u015f m\u00fccadelesinin canland\u0131r\u0131lmas\u0131 ile ba\u015flayan programda B\u00fcy\u00fck\u015fehir Belediyesi Bandosu e\u015fli\u011finde zafer y\u00fcr\u00fcy\u00fc\u015f\u00fc yap\u0131ld\u0131.<\/p>\n\n\n\n<p>Etkinli\u011fe; Cumhuriyet Halk Partisi (CHP) Mersin Milletvekilleri Hasan Ufuk \u00c7ak\u0131r ve Talat Din\u00e7er, Toroslar Kaymakam\u0131 Mehmet So\u011fukp\u0131nar, Toroslar Belediye Ba\u015fkan\u0131 Abdurrahman Y\u0131ld\u0131z, Mersin B\u00fcy\u00fck\u015fehir Belediyesi Meclis \u00dcyesi Hasan \u00d6zalp \u00d6nal, Arslank\u00f6y Mahalle Muhtar\u0131 Z\u00fcleyha Ay ve \u00e7ok say\u0131da mahalleli kat\u0131l\u0131m sa\u011flad\u0131.<\/p>\n\n\n\n<p>Cumhuriyet Meydan\u0131&#8217;na \u00e7elenk sunumu ile devam eden t\u00f6rende Sayg\u0131 Duru\u015fu ve \u0130stiklal Mar\u015f\u0131&nbsp;&nbsp;okunmas\u0131n\u0131n ard\u0131ndan konu\u015fmalara ge\u00e7ildi. Lise \u00f6\u011frencilerinin \u015fiir okumas\u0131yla devam eden t\u00f6rende B\u00fcy\u00fck\u015fehir Belediyesi Halk Danslar\u0131 Toplulu\u011fu Mersin&#8217;e \u00f6zg\u00fc y\u00f6resel Halk oyunlar\u0131n\u0131 sergiledi. Etkinlik, B\u00fcy\u00fck\u015fehir Belediyesi T\u00fcrk M\u00fczi\u011fi Toplulu\u011fu sanat\u00e7\u0131lar\u0131n\u0131n konseri ile sona erdi.<\/p>\n\n\n\n<p><strong>\u00d6nal: &#8220;Arslank\u00f6y, tarihimize ad\u0131n\u0131 alt\u0131n harflerle yazd\u0131rm\u0131\u015ft\u0131r&#8221;<\/strong><\/p>\n\n\n\n<p>Kutlamalara Mersin B\u00fcy\u00fck\u015fehir Belediye Ba\u015fkan\u0131 Vahap Se\u00e7er&#8217;i temsilen kat\u0131lan Mersin B\u00fcy\u00fck\u015fehir Belediyesi Meclis \u00dcyesi Hasan \u00d6zalp \u00d6nal, Se\u00e7er&#8217;in mesaj\u0131n\u0131 Arslank\u00f6yl\u00fclere okudu. \u00d6zalp \u015fu s\u00f6zlere yer verdi;<\/p>\n\n\n\n<p><strong>&#8220;Milli M\u00fccadele d\u00f6neminin en b\u00fcy\u00fck kahramanl\u0131klar\u0131na sahne olan Arslank\u00f6y, tarihimize ad\u0131n\u0131 alt\u0131n harflerle yazd\u0131rm\u0131\u015ft\u0131r. Ulusal kurtulu\u015fumuzun ger\u00e7ekle\u015fmesi i\u00e7in g\u00f6sterdikleri b\u00fcy\u00fck kahramanl\u0131klarla bizlere ba\u011f\u0131ms\u0131z bir \u00fclke arma\u011fan edenleri, ba\u015fta bu u\u011furda can\u0131n\u0131 feda eden \u015fehitlerimizi sayg\u0131 ve minnetle an\u0131yorum. Bu Cumhuriyeti kurmak i\u00e7in \u00e7ok emek verdik, \u00e7ok can verdik, \u00e7ok \u00e7al\u0131\u015ft\u0131k. Bizim yolumuz \u00e7al\u0131\u015fma yoludur. Bizim yolumuz hizmet yoludur, bizim yolumuz Mustafa Kemal Atat\u00fcrk&#8217;\u00fcn yoludur. Bu memlekette Nene Hatunlar, bu memlekette Kara Fatmalar, bu memlekette \u00c7olak Aliler bitmedi\u011fi s\u00fcrece bu da\u011flarda Y\u00f6r\u00fck ate\u015fi yanmaya devam edecektir. Cumhuriyetimizin kurucusu Mustafa Kemal Atat\u00fcrk ve yol arkada\u015flar\u0131n\u0131 da bir kez daha sayg\u0131yla, milletle anar. T\u00fcm Arslank\u00f6yl\u00fc hem\u015ferilerimizin bu g\u00fczel g\u00fcn\u00fcn\u00fc y\u00fcrekten kutlar\u0131m.&#8221;<\/strong><\/p>\n\n\n\n<p><strong>Y\u0131ld\u0131z: &#8220;\u00dcreten, g\u00fc\u00e7l\u00fc insanlar\u0131n oldu\u011fu beldelerimizden bir tanesi Arslank\u00f6y&#8221;<\/strong><\/p>\n\n\n\n<p>Anadolu&#8217;nun her noktas\u0131nda oldu\u011fu gibi Arslank\u00f6y&#8217;de de b\u00fcy\u00fck bir m\u00fccadele verildi\u011fini s\u00f6yleyen Toroslar Belediye Ba\u015fkan\u0131 Abdurrahman Y\u0131ld\u0131z,&nbsp;<strong>&#8220;1 Mart 1920 sabah\u0131 bu m\u00fccadele nihayete eri\u015fti. En nihayetinde dedi\u011fim gibi bu memleketin b\u00fct\u00fcn sath\u0131nda ecdad\u0131m\u0131z\u0131n di\u015fiyle, t\u0131rna\u011f\u0131yla kan\u0131yla bize kazand\u0131rd\u0131\u011f\u0131 bu topraklara sahip \u00e7\u0131kmakla, bundan sonra bu topraklar \u00fczerinde ya\u015fayan insanlar\u0131n daha mutlu, m\u00fcreffeh, karde\u015f\u00e7e, huzur i\u00e7erisinde ya\u015famas\u0131n\u0131 sa\u011flama g\u00f6revi de bizim&#8221;&nbsp;<\/strong>dedi. Arslank\u00f6y&#8217;\u00fcn Mersin ve Toroslar i\u00e7in \u00e7ok \u00f6nemli oldu\u011funa vurgu yapan Y\u0131ld\u0131z,&nbsp;<strong>&#8220;Ad\u0131na lay\u0131k bir \u015fekilde toplumsal m\u00fccadeleyi bug\u00fcne kadar ta\u015f\u0131m\u0131\u015f, \u00fcreten, g\u00fc\u00e7l\u00fc insanlar\u0131n oldu\u011fu beldelerimizden bir tanesi Arslank\u00f6y. Biz de bundan sonra Arslank\u00f6y&#8217;\u00fcm\u00fcz\u00fcn hak etti\u011fi de\u011feri, yani ecdad\u0131m\u0131z\u0131n bize b\u00fcy\u00fck bir kahramanl\u0131kla teslim etti\u011fi bu kenti bundan sonraki s\u00fcre\u00e7 i\u00e7in elimizden gelen her t\u00fcrl\u00fc hizmetle ta\u00e7land\u0131rmaya \u00e7al\u0131\u015faca\u011f\u0131z&#8221;&nbsp;<\/strong>diye konu\u015ftu.<\/p>\n","protected":false},"excerpt":{"rendered":"<p>Kurtulu\u015f Sava\u015f\u0131 y\u0131llar\u0131nda Mersin&#8217;de Kuvayi Milliye ate\u015finin ilk yak\u0131ld\u0131\u011f\u0131 yer olan Arslank\u00f6y&#8217;\u00fcn d\u00fc\u015fman i\u015fgalinden kurtulu\u015funun 105. y\u0131l d\u00f6n\u00fcm\u00fc d\u00fczenlenen t\u00f6renle kutland\u0131. Mersin B\u00fcy\u00fck\u015fehir Belediyesi, Toroslar Belediyesi ve Toroslar Kaymakaml\u0131\u011f\u0131&#8217;n\u0131n destekleri ile ger\u00e7ekle\u015ftirilen programda Arslank\u00f6y&#8217;\u00fcn kurtulu\u015fu co\u015fkuyla kutland\u0131. Arslank\u00f6y mahallelilerin Kuvayi Milliye saflar\u0131na kat\u0131lmas\u0131n\u0131n ve kurtulu\u015f m\u00fccadelesinin canland\u0131r\u0131lmas\u0131 ile ba\u015flayan programda B\u00fcy\u00fck\u015fehir Belediyesi Bandosu e\u015fli\u011finde zafer [&hellip;]<\/p>\n","protected":false},"author":2,"featured_media":40228,"comment_status":"closed","ping_status":"closed","sticky":false,"template":"","format":"standard","meta":{"footnotes":""},"categories":[3],"tags":[],"class_list":["post-40227","post","type-post","status-publish","format-standard","has-post-thumbnail","hentry","category-manset"],"views":5,"_links":{"self":[{"href":"https:\/\/mersinkadingazetesi.com\/index.php?rest_route=\/wp\/v2\/posts\/40227"}],"collection":[{"href":"https:\/\/mersinkadingazetesi.com\/index.php?rest_route=\/wp\/v2\/posts"}],"about":[{"href":"https:\/\/mersinkadingazetesi.com\/index.php?rest_route=\/wp\/v2\/types\/post"}],"author":[{"embeddable":true,"href":"https:\/\/mersinkadingazetesi.com\/index.php?rest_route=\/wp\/v2\/users\/2"}],"replies":[{"embeddable":true,"href":"https:\/\/mersinkadingazetesi.com\/index.php?rest_route=%2Fwp%2Fv2%2Fcomments&post=40227"}],"version-history":[{"count":1,"href":"https:\/\/mersinkadingazetesi.com\/index.php?rest_route=\/wp\/v2\/posts\/40227\/revisions"}],"predecessor-version":[{"id":40229,"href":"https:\/\/mersinkadingazetesi.com\/index.php?rest_route=\/wp\/v2\/posts\/40227\/revisions\/40229"}],"wp:featuredmedia":[{"embeddable":true,"href":"https:\/\/mersinkadingazetesi.com\/index.php?rest_route=\/wp\/v2\/media\/40228"}],"wp:attachment":[{"href":"https:\/\/mersinkadingazetesi.com\/index.php?rest_route=%2Fwp%2Fv2%2Fmedia&parent=40227"}],"wp:term":[{"taxonomy":"category","embeddable":true,"href":"https:\/\/mersinkadingazetesi.com\/index.php?rest_route=%2Fwp%2Fv2%2Fcategories&post=40227"},{"taxonomy":"post_tag","embeddable":true,"href":"https:\/\/mersinkadingazetesi.com\/index.php?rest_route=%2Fwp%2Fv2%2Ftags&post=40227"}],"curies":[{"name":"wp","href":"https:\/\/api.w.org\/{rel}","templated":true}]}}