{"id":40230,"date":"2025-03-02T15:34:12","date_gmt":"2025-03-02T12:34:12","guid":{"rendered":"https:\/\/mersinkadingazetesi.com\/?p=40230"},"modified":"2025-03-02T15:34:12","modified_gmt":"2025-03-02T12:34:12","slug":"tarsusta-ramazan-coskusu-yuzlerce-kisi-ayni-sofrada","status":"publish","type":"post","link":"https:\/\/mersinkadingazetesi.com\/?p=40230","title":{"rendered":"TARSUS\u2019TA RAMAZAN CO\u015eKUSU: Y\u00dcZLERCE K\u0130\u015e\u0130 AYNI SOFRADA"},"content":{"rendered":"\n<p>Tarsus Belediyesi, Ramazan ay\u0131n\u0131n ilk iftar\u0131nda vatanda\u015flar\u0131 ayn\u0131 sofrada bulu\u015fturdu. Ba\u011flar Mahallesi Semt Pazar\u0131\u2019nda kurulan iftar sofras\u0131nda y\u00fczlerce ki\u015fi bir araya gelirken, Tarsus Belediye Ba\u015fkan\u0131 Ali Bolta\u00e7 da vatanda\u015flarla birlikte orucunu a\u00e7t\u0131.<\/p>\n\n\n\n<p>Tarsus Belediyesi\u2019nin Ramazan ay\u0131n\u0131n ilk g\u00fcn\u00fcnde Ba\u011flar Mahallesi\u2019nde kurdu\u011fu iftar sofras\u0131na vatanda\u015flar yo\u011fun ilgi g\u00f6sterdi. Tarsus Belediye Ba\u015fkan\u0131 Ali Bolta\u00e7, birlik ve beraberli\u011fin peki\u015fti\u011fi Ramazan ay\u0131n\u0131n ilk g\u00fcn\u00fcnde vatanda\u015flarla iftar\u0131n\u0131 a\u00e7arak dayan\u0131\u015fman\u0131n \u00f6nemine vurgu yapt\u0131.<\/p>\n\n\n\n<p><strong>\u201cAYNI SOFRAYI PAYLA\u015eMAYA, DOSTLUKLARIMIZI PEK\u0130\u015eT\u0130RMEYE DEVAM EDECE\u011e\u0130Z\u201d<\/strong><\/p>\n\n\n\n<p>Ba\u015fkan Bolta\u00e7, Ramazan ay\u0131n\u0131n payla\u015fma, ho\u015fg\u00f6r\u00fc ve dayan\u0131\u015fma ruhunu en g\u00fczel \u015fekilde ya\u015fatt\u0131\u011f\u0131n\u0131 belirterek, \u201cBu sofralar sadece yemek i\u00e7in de\u011fil, birlik ve beraberli\u011fimizi g\u00fc\u00e7lendirmek i\u00e7in de \u00f6nemli. Ramazan ay\u0131, bizleri bir araya getiren, g\u00f6n\u00fcllerimizi bulu\u015fturan m\u00fcbarek bir zaman dilimi. Bu ay boyunca iftar sofralar\u0131m\u0131z\u0131 farkl\u0131 mahallelerde kurarak, hem\u015fehrilerimizle ayn\u0131 sofray\u0131 payla\u015fmaya, dostluklar\u0131m\u0131z\u0131 peki\u015ftirmeye devam edece\u011fiz. Ramazan ay\u0131n\u0131n sonunda ise bayram sofras\u0131 kuraca\u011f\u0131z. Herkesi \u015fimdiden bayram sofram\u0131za davet ediyorum. Payla\u015fman\u0131n bereketini hep birlikte ya\u015fayacak, dayan\u0131\u015fmay\u0131 b\u00fcy\u00fctece\u011fiz. Biz bu sofralar\u0131 kurarken halk\u0131n olan\u0131 halka veriyoruz.\u201d dedi.<\/p>\n\n\n\n<p>Ba\u015fkan Bolta\u00e7, Ramazan ay\u0131n\u0131n t\u00fcm kente huzur, bereket ve sa\u011fl\u0131k getirmesi temennisinde bulunarak, vatanda\u015flarla sohbet etti ve onlar\u0131n taleplerini dinledi.<\/p>\n","protected":false},"excerpt":{"rendered":"<p>Tarsus Belediyesi, Ramazan ay\u0131n\u0131n ilk iftar\u0131nda vatanda\u015flar\u0131 ayn\u0131 sofrada bulu\u015fturdu. Ba\u011flar Mahallesi Semt Pazar\u0131\u2019nda kurulan iftar sofras\u0131nda y\u00fczlerce ki\u015fi bir araya gelirken, Tarsus Belediye Ba\u015fkan\u0131 Ali Bolta\u00e7 da vatanda\u015flarla birlikte orucunu a\u00e7t\u0131. Tarsus Belediyesi\u2019nin Ramazan ay\u0131n\u0131n ilk g\u00fcn\u00fcnde Ba\u011flar Mahallesi\u2019nde kurdu\u011fu iftar sofras\u0131na vatanda\u015flar yo\u011fun ilgi g\u00f6sterdi. Tarsus Belediye Ba\u015fkan\u0131 Ali Bolta\u00e7, birlik ve beraberli\u011fin [&hellip;]<\/p>\n","protected":false},"author":2,"featured_media":40231,"comment_status":"closed","ping_status":"closed","sticky":false,"template":"","format":"standard","meta":{"footnotes":""},"categories":[3],"tags":[],"class_list":["post-40230","post","type-post","status-publish","format-standard","has-post-thumbnail","hentry","category-manset"],"views":8,"_links":{"self":[{"href":"https:\/\/mersinkadingazetesi.com\/index.php?rest_route=\/wp\/v2\/posts\/40230"}],"collection":[{"href":"https:\/\/mersinkadingazetesi.com\/index.php?rest_route=\/wp\/v2\/posts"}],"about":[{"href":"https:\/\/mersinkadingazetesi.com\/index.php?rest_route=\/wp\/v2\/types\/post"}],"author":[{"embeddable":true,"href":"https:\/\/mersinkadingazetesi.com\/index.php?rest_route=\/wp\/v2\/users\/2"}],"replies":[{"embeddable":true,"href":"https:\/\/mersinkadingazetesi.com\/index.php?rest_route=%2Fwp%2Fv2%2Fcomments&post=40230"}],"version-history":[{"count":1,"href":"https:\/\/mersinkadingazetesi.com\/index.php?rest_route=\/wp\/v2\/posts\/40230\/revisions"}],"predecessor-version":[{"id":40232,"href":"https:\/\/mersinkadingazetesi.com\/index.php?rest_route=\/wp\/v2\/posts\/40230\/revisions\/40232"}],"wp:featuredmedia":[{"embeddable":true,"href":"https:\/\/mersinkadingazetesi.com\/index.php?rest_route=\/wp\/v2\/media\/40231"}],"wp:attachment":[{"href":"https:\/\/mersinkadingazetesi.com\/index.php?rest_route=%2Fwp%2Fv2%2Fmedia&parent=40230"}],"wp:term":[{"taxonomy":"category","embeddable":true,"href":"https:\/\/mersinkadingazetesi.com\/index.php?rest_route=%2Fwp%2Fv2%2Fcategories&post=40230"},{"taxonomy":"post_tag","embeddable":true,"href":"https:\/\/mersinkadingazetesi.com\/index.php?rest_route=%2Fwp%2Fv2%2Ftags&post=40230"}],"curies":[{"name":"wp","href":"https:\/\/api.w.org\/{rel}","templated":true}]}}