{"id":40233,"date":"2025-03-02T15:35:09","date_gmt":"2025-03-02T12:35:09","guid":{"rendered":"https:\/\/mersinkadingazetesi.com\/?p=40233"},"modified":"2025-03-02T15:35:09","modified_gmt":"2025-03-02T12:35:09","slug":"baskan-secer-38-caddedeki-yol-calismalarini-yerinde-inceledi","status":"publish","type":"post","link":"https:\/\/mersinkadingazetesi.com\/?p=40233","title":{"rendered":"BA\u015eKAN SE\u00c7ER 38. CADDE&#8217;DEK\u0130 YOL \u00c7ALI\u015eMALARINI YER\u0130NDE \u0130NCELED\u0130&#8221;"},"content":{"rendered":"\n<p>Mersin B\u00fcy\u00fck\u015fehir Belediye Ba\u015fkan\u0131 Vahap Se\u00e7er, Yeni\u015fehir il\u00e7esi 38. Cadde&#8217;de devam eden yol a\u00e7ma \u00e7al\u0131\u015fmalar\u0131n\u0131 yerinde inceleyerek yetkililerden bilgi ald\u0131. Yap\u0131lan \u00e7al\u0131\u015fmalar kapsam\u0131nda, 17. Cadde ile 13. Cadde aras\u0131nda kalan 1.200 metrelik yeni yol a\u00e7ma i\u015flemleri s\u00fcrerken, altyap\u0131 \u00e7al\u0131\u015fmalar\u0131 da e\u015f zamanl\u0131 olarak y\u00fcr\u00fct\u00fcl\u00fcyor.<\/p>\n\n\n\n<p><strong>Ba\u015fkan Se\u00e7er: &#8220;Yolu da yap\u0131yoruz, altyap\u0131s\u0131n\u0131 da&#8221;<\/strong><\/p>\n\n\n\n<p>\u0130ncelemelerinin ard\u0131ndan yapt\u0131\u011f\u0131 a\u00e7\u0131klamada, yolu yaparken en ince detay\u0131 dahi d\u00fc\u015f\u00fcn\u00fclerek yap\u0131m\u0131na ba\u015fland\u0131\u011f\u0131n\u0131 belirten Ba\u015fkan Se\u00e7er,&nbsp;<strong>&#8220;38. Cadde g\u00fczergah\u0131nda, 17. Cadde ve 13. Cadde aras\u0131nda kalan yakla\u015f\u0131k olarak 1335 metrelik bir g\u00fczergah var, 1200 metrelik k\u0131s\u0131m zaten yeni a\u00e7\u0131lan yol. Ya\u011fmur suyu sistemlerini, hatlar\u0131n\u0131 da yap\u0131yoruz. Sadece yolu a\u00e7\u0131p altyap\u0131s\u0131z devam etmiyoruz. Her t\u00fcrl\u00fc altyap\u0131s\u0131n\u0131 yap\u0131yoruz, ondan sonra da yolu yap\u0131yoruz&#8221;<\/strong>&nbsp;dedi. 25 metre eninde olan yolun 21. Cadde ile 2. \u00c7evre Yolu&#8217;nu ba\u011flayaca\u011f\u0131n\u0131 ifade eden Se\u00e7er,&nbsp;<strong>&#8220;Toplamda 4 kilometrelik bir yol olacak. 2. \u00c7evre Yolu&#8217;nda bat\u0131 istikametine rahatl\u0131kla kat\u0131l\u0131m yapabilecek ara\u00e7lar, ancak do\u011fu istikametine kat\u0131l\u0131m i\u00e7in de bir t\u00fcp ge\u00e7it projesi haz\u0131rlad\u0131k. Bunun uygulamaya konup konmayaca\u011f\u0131 konusunda baz\u0131 teknik detaylar \u00e7al\u0131\u015f\u0131yoruz. E\u011fer teknik olarak biz bunu uygun g\u00f6r\u00fcrsek, yine buradan 38. Cadde&#8217;den 2. \u00c7evre Yolu do\u011fu istikametine de kat\u0131l\u0131m olacak. Bu da hem G\u00f6\u00e7men Katl\u0131 Kav\u015fa\u011f\u0131&#8217;n\u0131n hem de Sevgi Katl\u0131 Kav\u015fa\u011f\u0131&#8217;n\u0131n kuzey-g\u00fcney hatt\u0131ndaki y\u00fck\u00fcn\u00fc azaltacak&#8221;<\/strong>&nbsp;ifadelerini kulland\u0131.<\/p>\n\n\n\n<p>B\u00f6lge i\u00e7in son derece gerekli ve ihtiya\u00e7 do\u011frultusunda hayata ge\u00e7irilen bir yol projesi oldu\u011funu kaydeden Se\u00e7er,&nbsp;<strong>&#8220;Hem bu b\u00f6lgenin de\u011ferini ve \u00f6nemini artt\u0131racak hem de trafi\u011fe \u00e7ok \u00f6nemli katk\u0131 sa\u011flayacak. \u015eimdiden Mersin&#8217;e hay\u0131rl\u0131 olsun&#8221;<\/strong>&nbsp;s\u00f6zlerine yer verdi.<\/p>\n\n\n\n<p><strong>\u00d6zcan: &#8220;\u00c7\u00f6z\u00fcm odakl\u0131 olman\u0131z Mersin i\u00e7in bir \u015fans&#8221;<\/strong><\/p>\n\n\n\n<p>Yolun a\u00e7\u0131lmas\u0131n\u0131 t\u00fcm mahalle halk\u0131n\u0131n heyecanla bekledi\u011fini s\u00f6yleyen 50. Y\u0131l Mahalle Muhtar\u0131 Nergiz \u00d6zcan,&nbsp;<strong>&#8220;Daha \u00f6nceki y\u00f6netimlerde biz bunun bir sonucunu alam\u0131yorduk.&nbsp;<em>&#8216;Yeni gelen y\u00f6netimde biz bu sonu\u00e7 alabilir miyiz?&#8217;<\/em>&nbsp;dediklerinde Vahap Ba\u015fkan\u0131m\u0131z devreye girdi ve \u00e7\u00f6zd\u00fc. Sizin \u00e7\u00f6z\u00fcm odakl\u0131 olman\u0131z Mersin i\u00e7in b\u00fcy\u00fck bir \u015fans. Bizim i\u00e7in \u00f6nemlisiniz&#8221;<\/strong>&nbsp;diye konu\u015ftu.<\/p>\n\n\n\n<p><strong>Proje \u00c7al\u0131\u015fmalar\u0131 Devam Ediyor<\/strong><\/p>\n\n\n\n<p>Mersin B\u00fcy\u00fck\u015fehir Belediyesi Yol Yap\u0131m Bak\u0131m ve Onar\u0131m Dairesi Ba\u015fkanl\u0131\u011f\u0131,&nbsp;&nbsp;Yeni\u015fehir il\u00e7esinde ula\u015f\u0131m\u0131 rahatlatacak yeni yol a\u00e7ma \u00e7al\u0131\u015fmalar\u0131na h\u0131z kesmeden devam ediyor. 38. Cadde \u00fczerinde y\u00fcr\u00fct\u00fclen \u00e7al\u0131\u015fmalar kapsam\u0131nda, 21. Cadde&#8217;den 2. \u00c7evre Yolu&#8217;na kadar uzanan yakla\u015f\u0131k 4 kilometrelik yolun \u00f6nemli bir k\u0131sm\u0131 a\u00e7\u0131l\u0131yor. Bu kapsamda 17. Cadde ile 13. Cadde aras\u0131nda kalan 1.200 metrelik b\u00f6l\u00fcmde yeni yol a\u00e7ma \u00e7al\u0131\u015fmalar\u0131 s\u00fcrd\u00fcr\u00fcl\u00fcyor.<\/p>\n\n\n\n<p><strong>Kesintisiz Ula\u015f\u0131m Sa\u011flanacak<\/strong><\/p>\n\n\n\n<p>\u00c7al\u0131\u015fmalar tamamland\u0131\u011f\u0131nda, 38. Cadde g\u00fczerg\u00e2h\u0131nda 21. Cadde ile 2. \u00c7evre Yolu aras\u0131nda kuzey-g\u00fcney y\u00f6nl\u00fc 4 kilometrelik kesintisiz bir ula\u015f\u0131m hatt\u0131 olu\u015fturulmu\u015f olacak. Yeni a\u00e7\u0131lan arter sayesinde, 21. Cadde&#8217;den g\u00fcneye do\u011fru inen ara\u00e7 trafi\u011finin H\u00fcseyin Okan Merzeci Bulvar\u0131&#8217;na kadar rahat bir \u015fekilde ilerlemesi sa\u011flanacak.<\/p>\n\n\n\n<p><strong>Altyap\u0131 \u00c7al\u0131\u015fmalar\u0131 ile G\u00fc\u00e7lendiriliyor<\/strong><\/p>\n\n\n\n<p>Proje kapsam\u0131nda, 17. Cadde ile 13. Cadde aras\u0131nda kalan k\u0131s\u0131mdaki yol ge\u00e7i\u015flerinde 1.350 metre uzunlu\u011funda 5&#215;2 menfez imalat\u0131 yap\u0131larak ya\u011fmur suyu altyap\u0131s\u0131 tamamlanacak. Bunun yan\u0131 s\u0131ra yakla\u015f\u0131k 10 bin ton asfalt d\u00f6k\u00fclerek yol yenilenecek ve daha konforlu hale getirilecek.<\/p>\n\n\n\n<p>Mersin B\u00fcy\u00fck\u015fehir Belediyesi Yol Yap\u0131m Bak\u0131m ve Onar\u0131m Dairesi Ba\u015fkanl\u0131\u011f\u0131, kent genelinde trafik ak\u0131\u015f\u0131n\u0131 rahatlatmaya y\u00f6nelik \u00e7al\u0131\u015fmalar\u0131na devam ederken, 38. Cadde&#8217;de y\u00fcr\u00fct\u00fclen bu \u00e7al\u0131\u015fmalar\u0131n da tamamlanmas\u0131yla b\u00f6lgedeki ula\u015f\u0131m\u0131n \u00f6nemli \u00f6l\u00e7\u00fcde iyile\u015ftirilmesi hedefleniyor.<br><\/p>\n","protected":false},"excerpt":{"rendered":"<p>Mersin B\u00fcy\u00fck\u015fehir Belediye Ba\u015fkan\u0131 Vahap Se\u00e7er, Yeni\u015fehir il\u00e7esi 38. Cadde&#8217;de devam eden yol a\u00e7ma \u00e7al\u0131\u015fmalar\u0131n\u0131 yerinde inceleyerek yetkililerden bilgi ald\u0131. Yap\u0131lan \u00e7al\u0131\u015fmalar kapsam\u0131nda, 17. Cadde ile 13. Cadde aras\u0131nda kalan 1.200 metrelik yeni yol a\u00e7ma i\u015flemleri s\u00fcrerken, altyap\u0131 \u00e7al\u0131\u015fmalar\u0131 da e\u015f zamanl\u0131 olarak y\u00fcr\u00fct\u00fcl\u00fcyor. Ba\u015fkan Se\u00e7er: &#8220;Yolu da yap\u0131yoruz, altyap\u0131s\u0131n\u0131 da&#8221; \u0130ncelemelerinin ard\u0131ndan yapt\u0131\u011f\u0131 a\u00e7\u0131klamada, [&hellip;]<\/p>\n","protected":false},"author":2,"featured_media":40234,"comment_status":"closed","ping_status":"closed","sticky":false,"template":"","format":"standard","meta":{"footnotes":""},"categories":[3],"tags":[],"class_list":["post-40233","post","type-post","status-publish","format-standard","has-post-thumbnail","hentry","category-manset"],"views":5,"_links":{"self":[{"href":"https:\/\/mersinkadingazetesi.com\/index.php?rest_route=\/wp\/v2\/posts\/40233"}],"collection":[{"href":"https:\/\/mersinkadingazetesi.com\/index.php?rest_route=\/wp\/v2\/posts"}],"about":[{"href":"https:\/\/mersinkadingazetesi.com\/index.php?rest_route=\/wp\/v2\/types\/post"}],"author":[{"embeddable":true,"href":"https:\/\/mersinkadingazetesi.com\/index.php?rest_route=\/wp\/v2\/users\/2"}],"replies":[{"embeddable":true,"href":"https:\/\/mersinkadingazetesi.com\/index.php?rest_route=%2Fwp%2Fv2%2Fcomments&post=40233"}],"version-history":[{"count":1,"href":"https:\/\/mersinkadingazetesi.com\/index.php?rest_route=\/wp\/v2\/posts\/40233\/revisions"}],"predecessor-version":[{"id":40235,"href":"https:\/\/mersinkadingazetesi.com\/index.php?rest_route=\/wp\/v2\/posts\/40233\/revisions\/40235"}],"wp:featuredmedia":[{"embeddable":true,"href":"https:\/\/mersinkadingazetesi.com\/index.php?rest_route=\/wp\/v2\/media\/40234"}],"wp:attachment":[{"href":"https:\/\/mersinkadingazetesi.com\/index.php?rest_route=%2Fwp%2Fv2%2Fmedia&parent=40233"}],"wp:term":[{"taxonomy":"category","embeddable":true,"href":"https:\/\/mersinkadingazetesi.com\/index.php?rest_route=%2Fwp%2Fv2%2Fcategories&post=40233"},{"taxonomy":"post_tag","embeddable":true,"href":"https:\/\/mersinkadingazetesi.com\/index.php?rest_route=%2Fwp%2Fv2%2Ftags&post=40233"}],"curies":[{"name":"wp","href":"https:\/\/api.w.org\/{rel}","templated":true}]}}