{"id":40249,"date":"2025-03-03T11:38:59","date_gmt":"2025-03-03T08:38:59","guid":{"rendered":"https:\/\/mersinkadingazetesi.com\/?p=40249"},"modified":"2025-03-03T11:38:59","modified_gmt":"2025-03-03T08:38:59","slug":"mersine-iki-yeni-orman-okulu-yapiliyor","status":"publish","type":"post","link":"https:\/\/mersinkadingazetesi.com\/?p=40249","title":{"rendered":"Mersine \u0130ki Yeni Orman Okulu Yap\u0131l\u0131yor"},"content":{"rendered":"\n<p>Mersin Orman B\u00f6lge M\u00fcd\u00fcrl\u00fc\u011f\u00fc\u2019nde yap\u0131m\u0131 devam eden Tarsus Karabucak ve Mersin Davultepe Orman Okullar\u0131nda incelemelerde bulunmak \u00fczere Tefti\u015f Kurulu Ba\u015fkanl\u0131\u011f\u0131 Ba\u015fm\u00fcfetti\u015fi Murat \u00c7evirme, Orman \u0130daresi ve Planlama Dairesi Ba\u015fkan\u0131 G\u00fcven G\u00fcltekin ve D\u0131\u015f \u0130li\u015fkiler, E\u011fitim ve Ara\u015ft\u0131rma Dairesi Ba\u015fkanl\u0131\u011f\u0131 E\u011fitim \u015eube M\u00fcd\u00fcr\u00fc Levent Cenik Mersin\u2019e geldi.<\/p>\n\n\n\n<p>Heyet, \u00f6nce in\u015faat\u0131 devam eden Mersin Orman \u0130\u015fletme M\u00fcd\u00fcrl\u00fc\u011f\u00fc, Davultepe Orman \u0130\u015fletme \u015eefli\u011findeki Orman Okulu\u2019nu gezerek \u00e7al\u0131\u015fmalar hakk\u0131nda bilgi ald\u0131. Ard\u0131ndan yap\u0131m\u0131nda son a\u015famaya gelinen Tarsus Orman \u0130\u015fletme M\u00fcd\u00fcrl\u00fc\u011f\u00fc Karabucak Orman \u0130\u015fletme \u015eefli\u011fi\u2019ndeki Orman Okulu\u2019nda incelemelerde bulundu.<\/p>\n\n\n\n<p>Mersin Orman B\u00f6lge M\u00fcd\u00fcr\u00fc Rifat Ata\u015f, B\u00f6lgemizde yap\u0131m\u0131 devam eden orman okullar\u0131 tamamland\u0131\u011f\u0131nda \u00f6\u011frencilere do\u011fay\u0131 tan\u0131tacak ve orman sevgisini a\u015f\u0131layacak \u00f6nemli e\u011fitim merkezleri olaca\u011f\u0131n\u0131 belirtti.<\/p>\n","protected":false},"excerpt":{"rendered":"<p>Mersin Orman B\u00f6lge M\u00fcd\u00fcrl\u00fc\u011f\u00fc\u2019nde yap\u0131m\u0131 devam eden Tarsus Karabucak ve Mersin Davultepe Orman Okullar\u0131nda incelemelerde bulunmak \u00fczere Tefti\u015f Kurulu Ba\u015fkanl\u0131\u011f\u0131 Ba\u015fm\u00fcfetti\u015fi Murat \u00c7evirme, Orman \u0130daresi ve Planlama Dairesi Ba\u015fkan\u0131 G\u00fcven G\u00fcltekin ve D\u0131\u015f \u0130li\u015fkiler, E\u011fitim ve Ara\u015ft\u0131rma Dairesi Ba\u015fkanl\u0131\u011f\u0131 E\u011fitim \u015eube M\u00fcd\u00fcr\u00fc Levent Cenik Mersin\u2019e geldi. Heyet, \u00f6nce in\u015faat\u0131 devam eden Mersin Orman \u0130\u015fletme M\u00fcd\u00fcrl\u00fc\u011f\u00fc, [&hellip;]<\/p>\n","protected":false},"author":2,"featured_media":40250,"comment_status":"closed","ping_status":"closed","sticky":false,"template":"","format":"standard","meta":{"footnotes":""},"categories":[3],"tags":[],"class_list":["post-40249","post","type-post","status-publish","format-standard","has-post-thumbnail","hentry","category-manset"],"views":8,"_links":{"self":[{"href":"https:\/\/mersinkadingazetesi.com\/index.php?rest_route=\/wp\/v2\/posts\/40249"}],"collection":[{"href":"https:\/\/mersinkadingazetesi.com\/index.php?rest_route=\/wp\/v2\/posts"}],"about":[{"href":"https:\/\/mersinkadingazetesi.com\/index.php?rest_route=\/wp\/v2\/types\/post"}],"author":[{"embeddable":true,"href":"https:\/\/mersinkadingazetesi.com\/index.php?rest_route=\/wp\/v2\/users\/2"}],"replies":[{"embeddable":true,"href":"https:\/\/mersinkadingazetesi.com\/index.php?rest_route=%2Fwp%2Fv2%2Fcomments&post=40249"}],"version-history":[{"count":1,"href":"https:\/\/mersinkadingazetesi.com\/index.php?rest_route=\/wp\/v2\/posts\/40249\/revisions"}],"predecessor-version":[{"id":40251,"href":"https:\/\/mersinkadingazetesi.com\/index.php?rest_route=\/wp\/v2\/posts\/40249\/revisions\/40251"}],"wp:featuredmedia":[{"embeddable":true,"href":"https:\/\/mersinkadingazetesi.com\/index.php?rest_route=\/wp\/v2\/media\/40250"}],"wp:attachment":[{"href":"https:\/\/mersinkadingazetesi.com\/index.php?rest_route=%2Fwp%2Fv2%2Fmedia&parent=40249"}],"wp:term":[{"taxonomy":"category","embeddable":true,"href":"https:\/\/mersinkadingazetesi.com\/index.php?rest_route=%2Fwp%2Fv2%2Fcategories&post=40249"},{"taxonomy":"post_tag","embeddable":true,"href":"https:\/\/mersinkadingazetesi.com\/index.php?rest_route=%2Fwp%2Fv2%2Ftags&post=40249"}],"curies":[{"name":"wp","href":"https:\/\/api.w.org\/{rel}","templated":true}]}}