{"id":40264,"date":"2025-03-03T11:54:17","date_gmt":"2025-03-03T08:54:17","guid":{"rendered":"https:\/\/mersinkadingazetesi.com\/?p=40264"},"modified":"2025-03-03T11:54:19","modified_gmt":"2025-03-03T08:54:19","slug":"toplumun-her-kesimini-ilgilendiren-bir-haftadir","status":"publish","type":"post","link":"https:\/\/mersinkadingazetesi.com\/?p=40264","title":{"rendered":"&#8220;Toplumun her kesimini ilgilendiren bir haftad\u0131r&#8221;"},"content":{"rendered":"\n<p>1-7 Mart Muhasebe Haftas\u0131 etkinlikleri kapsam\u0131nda Mersin Serbest Muhasebeci ve Mali M\u00fc\u015favirler Odas\u0131 (Mersin SMMMO) \u00fcyeleri ve meslek mensubu adaylar\u0131 Cumhuriyet Meydan\u0131&#8217;nda kutlama t\u00f6reni ger\u00e7ekle\u015ftirdi. Mersin Defterdar\u0131 Metin Uzun, T\u00dcRMOB Denetleme Kurulu \u00dcyesi \u00d6mer Faruk Tokg\u00f6z, Adana YMM Odas\u0131 Ba\u015fkan Yard\u0131mc\u0131s\u0131 Y\u0131lmaz U\u00e7ak, Mersin Eczac\u0131lar Odas\u0131 Ba\u015fkan\u0131 Aliye Akg\u00fcl Ayd\u0131n, Mersin \u00dcniversitesi Meslek Y\u00fcksekokulu M\u00fcd\u00fcr\u00fc Prof. Dr. \u0130lhan Ege, Mersin Barosu Y\u00f6netim Kurulu \u00dcyesi Eren M\u00fclayim, Mersin Eczac\u0131lar Odas\u0131 Sekreteri Oktay Aslan, Zeytinlibah\u00e7e D\u0131\u015f Ticaret Mesleki ve Teknik Anadolu Lisesi M\u00fcd\u00fcr\u00fc Serkan Ta\u015f ve Ticaret Liseliler Dernek Ba\u015fkan\u0131 \u0130smail Toprak da t\u00f6rene kat\u0131l\u0131m a\u011flad\u0131. Atat\u00fcrk An\u0131t\u0131&#8217;na \u00e7elenk takdiminden sonra sayg\u0131 duru\u015fu ve \u0130stiklal Mar\u015f\u0131\u2019n\u0131n okunmas\u0131n\u0131n ard\u0131ndan Mersin SMMMO) Oda Ba\u015fkan\u0131 Emin Levent T\u00fcrkili g\u00fcn\u00fcn anlam ve \u00f6nemini belirten konu\u015fmas\u0131n\u0131 ger\u00e7ekle\u015ftirdi.&nbsp;<\/p>\n\n\n\n<p>Vergi m\u00fckellefleriyle idare aras\u0131ndaki k\u00f6pr\u00fc vazifesiyle T\u00fcrkiye&#8217;ye de\u011fer katmaya devam ediyor, sosyal sorumlulu\u011funun bilinciyle mesleklerini gururla icra ettiklerini belirten T\u00fcrkili, \u201cMali m\u00fc\u015favirlik mesle\u011finin ekonomiye ve i\u015f d\u00fcnyas\u0131na katk\u0131lar\u0131n\u0131n daha geni\u015f kitlelere ula\u015ft\u0131r\u0131lmas\u0131 ve mesle\u011fin sa\u011flad\u0131\u011f\u0131 kamu faydas\u0131n\u0131n bir kez daha vurgulanmas\u0131 amac\u0131yla her y\u0131l 1-7 Mart tarihleri aras\u0131nda Muhasebe Haftas\u0131 kutlanmaktad\u0131r. Mesle\u011fimiz, cumhuriyetimizin ve toplumumuzun gelece\u011fini \u015fekillendiren temel ta\u015flardan biridir. Her ge\u00e7en y\u0131l, i\u015fletmelerin s\u00fcreklili\u011fi i\u00e7in finansal sa\u011fl\u0131\u011f\u0131n\u0131 koruma ve g\u00fc\u00e7lendirme misyonunu \u00fcstlenen Mali M\u00fc\u015favirler hem \u00fclke ekonomisine hem de i\u015f d\u00fcnyas\u0131na \u00f6nemli katk\u0131lar sa\u011flamaktad\u0131r. \u00dclkemizde serbest muhasebeci mali m\u00fc\u015favirlik ve yeminli mali m\u00fc\u015favirlik mesle\u011fi ile meslek \u00f6rg\u00fct\u00fc, Anayasam\u0131z\u0131n 135\u2019inci maddesine istinaden kurulmu\u015ftur. Odalar\u0131m\u0131z, kamu kurumu niteli\u011finde bir meslek kurulu\u015fudur.&#8221; dedi.<\/p>\n\n\n\n<p>&#8220;Toplumun her kesimini ilgilendiren bir haftad\u0131r&#8221;<\/p>\n\n\n\n<p>3568 say\u0131l\u0131 Meslek Yasas\u0131 \u00e7er\u00e7evesinde, 13 Haziran 1989 tarihinde y\u00fcr\u00fcrl\u00fc\u011fe giren yasayla 129 bin Serbest Muhasebeci Mali M\u00fc\u015favir, 5 bin Yeminli Mali M\u00fc\u015favir ve 18 bin stajyerin, \u00fclke genelinde faaliyet g\u00f6sterdi\u011fini s\u00f6yleyen&nbsp;T\u00fcrkili, &#8220;77 Serbest Muhasebeci Mali M\u00fc\u015favir ve 8 Yeminli Mali M\u00fc\u015favir Odalar\u0131, T\u00dcRMOB \u00e7at\u0131s\u0131 alt\u0131nda hizmet vermektedir. Muhasebe mesle\u011fi toplum ve ekonomi i\u00e7in ta\u015f\u0131d\u0131\u011f\u0131 b\u00fcy\u00fck \u00f6nemi bir kez daha hat\u0131rlamak ve kutlamak i\u00e7in topland\u0131k. Ekonominin belkemi\u011fi olan muhasebe mesle\u011fini icra eden bizler i\u00e7in \u00f6zel bir hafta olan 1-7 Mart Muhasebe haftas\u0131, sadece bir kutlama de\u011fil, ayn\u0131 zamanda mesle\u011fimizin \u00f6nemini, sorumluluklar\u0131m\u0131z\u0131 ve gelece\u011fe dair vizyonumuzu yeniden hat\u0131rlama d\u00f6nemidir. Ayr\u0131ca sadece meslek mensuplar\u0131m\u0131z\u0131n de\u011fil, ayn\u0131 zamanda \u015feffaf, g\u00fcvenilir ve s\u00fcrd\u00fcr\u00fclebilir bir ekonomik d\u00fczenin \u00f6nemini vurgulayan toplumun her kesimini ilgilendiren bir haftad\u0131r. Mesle\u011fimiz, yaln\u0131zca say\u0131lar\u0131 d\u00fczenlemek de\u011fil, etik de\u011ferlerle sorumluluk bilinciyle hareket eden bir g\u00fcven mesle\u011fidir. Bizler, i\u015fletmelerin ve bireylerin mali s\u00fcre\u00e7lerini \u015feffaf, do\u011fru ve g\u00fcvenilir bir \u015fekilde y\u00f6neterek, sa\u011fl\u0131kl\u0131 finansal kararlar almalar\u0131n\u0131 sa\u011flayan ekonominin sa\u011flam temeller \u00fczerinde y\u00fckselmesine katk\u0131da bulunan vergi sisteminin adil bir \u015fekilde i\u015flemesine destek olan, finansal istikrar\u0131n teminat\u0131y\u0131z.&#8221; \u015feklinde&nbsp;konu\u015ftu.<\/p>\n\n\n\n<p>&#8220;Meslekta\u015flar\u0131m\u0131z\u0131n&nbsp;katk\u0131s\u0131 sistemin&nbsp;etkinli\u011fi i\u00e7in kritik \u00f6neme sahip&#8221;<\/p>\n\n\n\n<p>Ayr\u0131ca i\u015f d\u00fcnyas\u0131n\u0131n en b\u00fcy\u00fck destek\u00e7ileri ve kamu yarar\u0131na hizmet eden bir ekonominin, sa\u011flam temeller \u00fczerinde y\u00fckselmesine katk\u0131da bulunan meslek \u00f6rg\u00fct\u00fc olduklar\u0131n\u0131 vurgulayan&nbsp;T\u00fcrkili, &#8220;T\u00dcRMOB ve&nbsp;Odalar\u0131m\u0131z, kamu yarar\u0131na hizmet sunma ilkesinden hareketle,&nbsp;y\u00fcksek hizmet&nbsp;standartlar\u0131yla&nbsp;muhasebe ve denetim mesle\u011fini k\u00fcresel geli\u015fmelere&nbsp;paralel olarak&nbsp;ilerletmek ve geli\u015ftirmek i\u00e7in s\u00fcrekli \u00e7aba sarf etmektedir. Bu do\u011frultuda, meslek mensubu adaylar\u0131m\u0131z\u0131n ve meslek mensuplar\u0131m\u0131z\u0131n&nbsp;e\u011fitimine verdi\u011fimiz&nbsp;\u00f6nem kadar, mesle\u011fin uygulanmas\u0131nda kar\u015f\u0131la\u015f\u0131lan sorunlar\u0131n \u00e7\u00f6z\u00fclmesi i\u00e7inde b\u00fcy\u00fck bir \u00f6zveriyle \u00e7al\u0131\u015fmaktad\u0131r. Serbest Muhasebeci Mali M\u00fc\u015favirler ve Yeminli Mali M\u00fc\u015favirler, ba\u015fta Hazine ve&nbsp;Maliye Bakanl\u0131\u011f\u0131, Ticaret Bakanl\u0131\u011f\u0131, Sanayi ve Teknoloji Bakanl\u0131\u011f\u0131 gibi kritik kamu&nbsp;kurumlar\u0131 olmak&nbsp;\u00fczere, beyanlar\u0131n tanzimi, g\u00f6nderilmesi, denetimi ve veri ak\u0131\u015f\u0131n\u0131n sa\u011flanmas\u0131nda temel rol oynamaktad\u0131r. Ayr\u0131ca, ekonomimizin d\u00fczenleyici ve denetleyici kamu kurumlar\u0131 olan KGK, T\u00dc\u0130K, BDDK, SPK gibi kurumlar da meslek mensuplar\u0131m\u0131z\u0131n sa\u011flad\u0131\u011f\u0131 hizmetlerden faydalanmaktad\u0131r. Kamu g\u00f6revlileriyle&nbsp;i\u015f birli\u011fi&nbsp;i\u00e7inde y\u00fcr\u00fct\u00fclen bu s\u00fcre\u00e7lerde, meslekta\u015flar\u0131m\u0131z\u0131n&nbsp;katk\u0131s\u0131 sistemin&nbsp;etkinli\u011fi i\u00e7in kritik \u00f6neme sahiptir. Meslek mensuplar\u0131m\u0131z, kamu maliyesi ve\u00fclke ekonomisinin geli\u015fimine sa\u011flad\u0131klar\u0131 katk\u0131larla, sadece yerel d\u00fczeyde de\u011fil, k\u00fcreselekonomiyle uyumlu bir yap\u0131n\u0131n olu\u015fmas\u0131na da katk\u0131 sa\u011flamaktad\u0131r. D\u00fcnyada ve \u00fclkemizde de\u011fi\u015fen ekonomik \u015fartlar, dijitalle\u015fme ve yeni&nbsp;reg\u00fclasyonlarla birlikte, teknolojinin h\u0131zla ilerlemesi muhasebe mesle\u011fini de s\u00fcrekli geli\u015ftirmekte ved \u00f6n\u00fc\u015fmektedir ayn\u0131 zamanda yeni f\u0131rsatlarda sunmaktad\u0131r.&#8221; ifadelerini&nbsp;kulland\u0131.<\/p>\n\n\n\n<p>&#8220;Daha g\u00fcvenilir bir muhasebe ve vergi sistemi i\u00e7in&nbsp;\u00e7al\u0131\u015fmaya devam&nbsp;edece\u011fiz&#8221;<\/p>\n\n\n\n<p>T\u00fcrkili \u015f\u00f6yle devam etti;<\/p>\n\n\n\n<p>&#8220;Dijitalle\u015fme ile birlikte s\u00fcre\u00e7ler de\u011fi\u015fse de de\u011fi\u015fmeyen tek \u015fey, mesle\u011fimizin&nbsp;etik de\u011ferler&nbsp;ve g\u00fcven \u00fczerine kurulu olmas\u0131d\u0131r. Bug\u00fcn, teknolojiyi etkin kullanarak ve&nbsp;etik kurallara&nbsp;ba\u011fl\u0131 kalarak gelece\u011fe uyum sa\u011flayarak, mesle\u011fimizi daha da ileriye&nbsp;ta\u015f\u0131yacak bilgi&nbsp;ve donan\u0131ma sahip olma konusunda bizlere b\u00fcy\u00fck g\u00f6revler d\u00fc\u015fmektedir. S\u00fcrd\u00fcr\u00fclebilirlik, g\u00fcn\u00fcm\u00fcz i\u015f d\u00fcnyas\u0131n\u0131n en \u00f6nemli unsurlar\u0131ndan biri haline&nbsp;gelmi\u015f olup, Mali M\u00fc\u015favirlik mesle\u011fi de bu d\u00f6n\u00fc\u015f\u00fcmde kritik bir rol \u00fcstlenmektedir.&nbsp;Karbon emisyonlar\u0131n\u0131n&nbsp;azalt\u0131lmas\u0131, ye\u015fil finans uygulamalar\u0131 ve s\u00fcrd\u00fcr\u00fclebilir yat\u0131r\u0131mlar, \u015firketlerin uzun vadeli ba\u015far\u0131lar\u0131n\u0131 belirleyen temel fakt\u00f6rler aras\u0131na girmektedir. Mali M\u00fc\u015favirler, finansal raporlama s\u00fcre\u00e7lerinde \u00e7evresel, sosyal ve y\u00f6neti\u015fim kriterlerini dikkate alarak i\u015fletmelere s\u00fcrd\u00fcr\u00fclebilirlik yol haritalar\u0131 \u00e7izmelerinde&nbsp;rehberlik etmektedir. Bu s\u00fcre\u00e7te, muhasebe meslek mensuplar\u0131 ye\u015fil finansman modellerini anlamal\u0131, s\u00fcrd\u00fcr\u00fclebilir raporlama standartlar\u0131na hakim olmal\u0131 ve \u015firketlerin \u00e7evresel&nbsp;riskleri y\u00f6netmesine&nbsp;yard\u0131mc\u0131 olmal\u0131d\u0131r. Gelecekte Mali M\u00fc\u015favirlerin&nbsp;s\u00fcrd\u00fcr\u00fclebilirlik konusundaki&nbsp;katk\u0131lar\u0131, ekonomik ve \u00e7evresel dengeyi sa\u011flamak ad\u0131na daha da&nbsp;\u00f6nem&nbsp;kazanacakt\u0131r. Bug\u00fcn burada, y\u0131llard\u0131r&nbsp;eme\u011fini&nbsp;bu mesle\u011fe adam\u0131\u015f b\u00fcy\u00fcklerimize sayg\u0131m\u0131z\u0131 sunarken, mesle\u011fe yeni ad\u0131m atan gen\u00e7 meslekta\u015flar\u0131m\u0131za da ba\u015far\u0131lar diliyorum. Hep birlikte, daha g\u00fc\u00e7l\u00fc, daha \u015feffaf ve daha g\u00fcvenilir bir muhasebe ve vergi sistemi i\u00e7in&nbsp;\u00e7al\u0131\u015fmaya devam&nbsp;edece\u011fiz. T\u00fcm meslek mensuplar\u0131m\u0131z\u0131n 1-7 Mart Muhasebe Haftas\u0131n\u0131 y\u00fcrekten kutluyor,&nbsp;bu g\u00fcn burada&nbsp;bizlerle&nbsp;birlikte olarak mesleki m\u00fccadelemize destek&nbsp;veren t\u00fcm kat\u0131l\u0131mc\u0131lara sa\u011fl\u0131kl\u0131, ba\u015far\u0131l\u0131 ve mutlu bir ya\u015fam diliyorum.\u201d<\/p>\n","protected":false},"excerpt":{"rendered":"<p>1-7 Mart Muhasebe Haftas\u0131 etkinlikleri kapsam\u0131nda Mersin Serbest Muhasebeci ve Mali M\u00fc\u015favirler Odas\u0131 (Mersin SMMMO) \u00fcyeleri ve meslek mensubu adaylar\u0131 Cumhuriyet Meydan\u0131&#8217;nda kutlama t\u00f6reni ger\u00e7ekle\u015ftirdi. Mersin Defterdar\u0131 Metin Uzun, T\u00dcRMOB Denetleme Kurulu \u00dcyesi \u00d6mer Faruk Tokg\u00f6z, Adana YMM Odas\u0131 Ba\u015fkan Yard\u0131mc\u0131s\u0131 Y\u0131lmaz U\u00e7ak, Mersin Eczac\u0131lar Odas\u0131 Ba\u015fkan\u0131 Aliye Akg\u00fcl Ayd\u0131n, Mersin \u00dcniversitesi Meslek Y\u00fcksekokulu M\u00fcd\u00fcr\u00fc [&hellip;]<\/p>\n","protected":false},"author":2,"featured_media":40265,"comment_status":"closed","ping_status":"closed","sticky":false,"template":"","format":"standard","meta":{"footnotes":""},"categories":[1,2,3],"tags":[],"class_list":["post-40264","post","type-post","status-publish","format-standard","has-post-thumbnail","hentry","category-genel","category-gundem","category-manset"],"views":4,"_links":{"self":[{"href":"https:\/\/mersinkadingazetesi.com\/index.php?rest_route=\/wp\/v2\/posts\/40264"}],"collection":[{"href":"https:\/\/mersinkadingazetesi.com\/index.php?rest_route=\/wp\/v2\/posts"}],"about":[{"href":"https:\/\/mersinkadingazetesi.com\/index.php?rest_route=\/wp\/v2\/types\/post"}],"author":[{"embeddable":true,"href":"https:\/\/mersinkadingazetesi.com\/index.php?rest_route=\/wp\/v2\/users\/2"}],"replies":[{"embeddable":true,"href":"https:\/\/mersinkadingazetesi.com\/index.php?rest_route=%2Fwp%2Fv2%2Fcomments&post=40264"}],"version-history":[{"count":1,"href":"https:\/\/mersinkadingazetesi.com\/index.php?rest_route=\/wp\/v2\/posts\/40264\/revisions"}],"predecessor-version":[{"id":40266,"href":"https:\/\/mersinkadingazetesi.com\/index.php?rest_route=\/wp\/v2\/posts\/40264\/revisions\/40266"}],"wp:featuredmedia":[{"embeddable":true,"href":"https:\/\/mersinkadingazetesi.com\/index.php?rest_route=\/wp\/v2\/media\/40265"}],"wp:attachment":[{"href":"https:\/\/mersinkadingazetesi.com\/index.php?rest_route=%2Fwp%2Fv2%2Fmedia&parent=40264"}],"wp:term":[{"taxonomy":"category","embeddable":true,"href":"https:\/\/mersinkadingazetesi.com\/index.php?rest_route=%2Fwp%2Fv2%2Fcategories&post=40264"},{"taxonomy":"post_tag","embeddable":true,"href":"https:\/\/mersinkadingazetesi.com\/index.php?rest_route=%2Fwp%2Fv2%2Ftags&post=40264"}],"curies":[{"name":"wp","href":"https:\/\/api.w.org\/{rel}","templated":true}]}}