{"id":40273,"date":"2025-03-03T15:30:29","date_gmt":"2025-03-03T12:30:29","guid":{"rendered":"https:\/\/mersinkadingazetesi.com\/?p=40273"},"modified":"2025-03-03T15:30:30","modified_gmt":"2025-03-03T12:30:30","slug":"deva-partili-ekmen-tuik-vatandasin-hakkini-yiyor","status":"publish","type":"post","link":"https:\/\/mersinkadingazetesi.com\/?p=40273","title":{"rendered":"DEVA Partili Ekmen: T\u00dc\u0130K, vatanda\u015f\u0131n hakk\u0131n\u0131 yiyor\u00a0"},"content":{"rendered":"\n<figure class=\"wp-block-table\"><table class=\"has-fixed-layout\"><tbody><tr><td><strong>DEVA Partisi Genel Ba\u015fkan Yard\u0131mc\u0131s\u0131 ve Mersin Milletvekili Mehmet Emin Ekmen, KRT\u2019de Z\u00fcbeyde Sar\u0131 ile Ankara Saati program\u0131nda g\u00fcndemi de\u011ferlendirdi. Ekmen, &#8220;T\u00dc\u0130K; memurun, emeklinin, asgari \u00fccretlinin hakk\u0131n\u0131 yemekten vazge\u00e7sin\u201d diyerek a\u00e7\u0131klanan enflasyon rakamlar\u0131n\u0131 ele\u015ftirdi.<\/strong>&nbsp;DEVA Partisi Genel Ba\u015fkan Yard\u0131mc\u0131s\u0131 ve Mersin Milletvekili Mehmet Emin Ekmen, Z\u00fcbeyde Sar\u0131 ile Ankara Saati Program\u0131\u2019na konuk olarak g\u00fcndeme dair a\u00e7\u0131klamalarda bulundu.&nbsp;&nbsp;<strong>A\u00e7l\u0131k s\u0131n\u0131r\u0131n\u0131n alt\u0131nda bir asgari \u00fccret ile kar\u015f\u0131 kar\u015f\u0131yay\u0131z<\/strong>Konu\u015fmas\u0131na T\u00dc\u0130K Ba\u015fkan\u0131\u2019na seslenerek ba\u015flayan Ekmen, \u201cAral\u0131k ay\u0131nda 0 g\u00f6z\u00fcken enflasyon, ocak ay\u0131nda 5, \u015fubat ay\u0131nda ise 2.27 a\u00e7\u0131kland\u0131. \u00c7\u00fcnk\u00fc emeklinin, memurun maa\u015f\u0131na gelecek zam, aral\u0131k ay\u0131 sonu enflasyonuna g\u00f6re belirlendi\u011fi i\u00e7in aral\u0131k ay\u0131 enflasyonunu \u00e7arp\u0131tt\u0131lar. Zaten y\u0131pranm\u0131\u015f kurumsal itibarlar\u0131n\u0131, iyice erittiler. Genel ba\u015fkan\u0131m\u0131z Ali Babacan\u2019la birlikte T\u00dc\u0130K Ba\u015fkan\u0131 Say\u0131n Erhan \u00c7etinkaya\u2019ya her g\u00fcn sesleniyoruz: T\u00dc\u0130K sepetindeki kalemleri a\u00e7\u0131klay\u0131n. Hangi kalemleri hangi usuller ile hesapl\u0131yorsunuz? Fiyatlar\u0131 nereden al\u0131yorsunuz? Enflasyon sepetini nelerden olu\u015fturuyorsunuz?\u201d dedi.&nbsp;<strong>Emeklinin sepeti ile enflasyon sepeti \u00f6rt\u00fc\u015fm\u00fcyor<\/strong>Emeklinin durumuna de\u011finen Ekmen, \u201cT\u00dc\u0130K sepetinin i\u00e7erisinde internet paketi de var, bir restorandaki yemek de var, cep telefonu da var. Fakat 14 bin 469 T\u00fcrk Liras\u0131 alan emeklinin bu enflasyon sepetindeki sair \u00fcr\u00fcnler ile ilgilenmesi s\u00f6z konusu dahi de\u011fil. Emekli sadece evine g\u00f6t\u00fcrebildi\u011fi ekmek, ak\u015fam saat 18 civar\u0131nda pazardan alabildi\u011fi yar\u0131s\u0131 bozulmu\u015f \u00fcr\u00fcn ve toplu ta\u015f\u0131ma fiyat\u0131 ile ilgileniyor. Emekliler \u00fcstlerine k\u0131yafet mi alabiliyor? E\u015fiyle, \u00e7ocu\u011fuyla, torunuyla d\u0131\u015far\u0131da bir etkinli\u011fe mi kat\u0131labiliyor? Keza asgari \u00fccretli de ayn\u0131 durumda. A\u00e7l\u0131k s\u0131n\u0131r\u0131 23 bin 324 TL, asgari \u00fccret ise 22 bin 104 TL. A\u00e7l\u0131k s\u0131n\u0131r\u0131n\u0131n alt\u0131nda bir asgari \u00fccret ile kar\u015f\u0131 kar\u015f\u0131yay\u0131z. T\u00fcrkiye\u2019de kiras\u0131, 15 bin T\u00fcrk Liras\u0131\u2019n\u0131n alt\u0131nda olan bir ev neredeyse yok. T\u00dc\u0130K; memurun, emeklinin, asgari \u00fccretlinin hakk\u0131n\u0131 yemekten vazge\u00e7sin\u201d diyerek T\u00dc\u0130K\u2019in y\u0131ll\u0131k enflasyonu y\u00fczde 39,5 olarak a\u00e7\u0131klamas\u0131n\u0131 ele\u015ftirdi.&nbsp;<strong>Ekonomi y\u00f6netimi tasarruf genelgesini takip edemiyor<\/strong>Ekonomik krizin \u00e7\u00f6z\u00fcm\u00fcn\u00fc nerede g\u00f6rd\u00fc\u011f\u00fcne y\u00f6nelik soru alan Ekmen, \u201cGenel Ba\u015fkan\u0131m\u0131z Say\u0131n Ali Babacan\u2019\u0131n ekonomik kriz ile ilgili \u015fu s\u00f6zlerini hat\u0131rlatmak istiyorum: \u2018Biz 6 ayda g\u00f6stergeleri kontrole al\u0131r, enflasyonu ise 1 y\u0131lda ini\u015fe ge\u00e7iririz\u2019 diyor. DEVA Partisi olarak bunu hep belirtiyoruz. Ekonomi y\u00f6netiminde, \u015fu an ne ihalelere ne israfa ve g\u00f6steri\u015fe ne de 5 u\u00e7ak ile gidilen davetlere engel olunabiliyor. Tasarruf konusunda bildi\u011fimiz ve \u00f6l\u00e7\u00fclebilir ad\u0131mlar yok, sonu\u00e7lar da denetlenmiyor. 2020 ve 2023 y\u0131llar\u0131 kapsam\u0131nda yay\u0131nlanm\u0131\u015f Tasarruf Tedbirleri hakk\u0131nda Hazine ve Maliye Bakanl\u0131\u011f\u0131\u2019na yaz\u0131l\u0131 soru \u00f6nergesi veriyorum ancak yan\u0131t alam\u0131yorum. Ekonomi y\u00f6netiminde maalesef ki herhangi bir takip sistemi bulunmuyor\u201d ifadeleriyle ekonomi alan\u0131nda ciddi bir takipsizli\u011fin bulundu\u011funa dikkat \u00e7ekti.&nbsp;<strong>Konu\u015fan herkesi susturmay\u0131 hedeflerseniz, T\u00fcrkiye\u2019de hukuk da ekonomi de d\u00fczelmez<\/strong>Ekmen, \u201cBu \u00fclkede oyuncudan yap\u0131mc\u0131ya, m\u00fcneccimden sokakta konu\u015fan \u00e7ift\u00e7iye kadar insanlar\u0131 yarg\u0131 eli ile bask\u0131 alt\u0131na al\u0131r ve susturmay\u0131 hedeflerseniz kanun devleti veya hukuk devleti de\u011fil, otoriterlermi\u015f bir \u00fclke y\u00f6netimi ile devam ederseniz T\u00fcrkiye\u2019de ekonomiyi de hukuku da ray\u0131na koymak m\u00fcmk\u00fcn olmaz\u201d diye konu\u015ftu.<\/td><\/tr><\/tbody><\/table><\/figure>\n","protected":false},"excerpt":{"rendered":"<p>DEVA Partisi Genel Ba\u015fkan Yard\u0131mc\u0131s\u0131 ve Mersin Milletvekili Mehmet Emin Ekmen, KRT\u2019de Z\u00fcbeyde Sar\u0131 ile Ankara Saati program\u0131nda g\u00fcndemi de\u011ferlendirdi. Ekmen, &#8220;T\u00dc\u0130K; memurun, emeklinin, asgari \u00fccretlinin hakk\u0131n\u0131 yemekten vazge\u00e7sin\u201d diyerek a\u00e7\u0131klanan enflasyon rakamlar\u0131n\u0131 ele\u015ftirdi.&nbsp;DEVA Partisi Genel Ba\u015fkan Yard\u0131mc\u0131s\u0131 ve Mersin Milletvekili Mehmet Emin Ekmen, Z\u00fcbeyde Sar\u0131 ile Ankara Saati Program\u0131\u2019na konuk olarak g\u00fcndeme dair a\u00e7\u0131klamalarda [&hellip;]<\/p>\n","protected":false},"author":2,"featured_media":40274,"comment_status":"closed","ping_status":"closed","sticky":false,"template":"","format":"standard","meta":{"footnotes":""},"categories":[3],"tags":[],"class_list":["post-40273","post","type-post","status-publish","format-standard","has-post-thumbnail","hentry","category-manset"],"views":3,"_links":{"self":[{"href":"https:\/\/mersinkadingazetesi.com\/index.php?rest_route=\/wp\/v2\/posts\/40273"}],"collection":[{"href":"https:\/\/mersinkadingazetesi.com\/index.php?rest_route=\/wp\/v2\/posts"}],"about":[{"href":"https:\/\/mersinkadingazetesi.com\/index.php?rest_route=\/wp\/v2\/types\/post"}],"author":[{"embeddable":true,"href":"https:\/\/mersinkadingazetesi.com\/index.php?rest_route=\/wp\/v2\/users\/2"}],"replies":[{"embeddable":true,"href":"https:\/\/mersinkadingazetesi.com\/index.php?rest_route=%2Fwp%2Fv2%2Fcomments&post=40273"}],"version-history":[{"count":1,"href":"https:\/\/mersinkadingazetesi.com\/index.php?rest_route=\/wp\/v2\/posts\/40273\/revisions"}],"predecessor-version":[{"id":40275,"href":"https:\/\/mersinkadingazetesi.com\/index.php?rest_route=\/wp\/v2\/posts\/40273\/revisions\/40275"}],"wp:featuredmedia":[{"embeddable":true,"href":"https:\/\/mersinkadingazetesi.com\/index.php?rest_route=\/wp\/v2\/media\/40274"}],"wp:attachment":[{"href":"https:\/\/mersinkadingazetesi.com\/index.php?rest_route=%2Fwp%2Fv2%2Fmedia&parent=40273"}],"wp:term":[{"taxonomy":"category","embeddable":true,"href":"https:\/\/mersinkadingazetesi.com\/index.php?rest_route=%2Fwp%2Fv2%2Fcategories&post=40273"},{"taxonomy":"post_tag","embeddable":true,"href":"https:\/\/mersinkadingazetesi.com\/index.php?rest_route=%2Fwp%2Fv2%2Ftags&post=40273"}],"curies":[{"name":"wp","href":"https:\/\/api.w.org\/{rel}","templated":true}]}}