{"id":40279,"date":"2025-03-04T10:35:11","date_gmt":"2025-03-04T07:35:11","guid":{"rendered":"https:\/\/mersinkadingazetesi.com\/?p=40279"},"modified":"2025-03-04T10:35:12","modified_gmt":"2025-03-04T07:35:12","slug":"sahnegenc-keman-sanatcisi-lacin-akyol-icin-kuruldu","status":"publish","type":"post","link":"https:\/\/mersinkadingazetesi.com\/?p=40279","title":{"rendered":"SahneGen\u00e7 Keman Sanat\u00e7\u0131s\u0131 LA\u00c7\u0130N AKYOL \u0130\u00e7in Kuruldu"},"content":{"rendered":"\n<p>Akdeniz Opera ve Bale Kul\u00fcb\u00fc (AKOB), Gen\u00e7 Dinletiler serisinin 13. program\u0131n\u0131, kahredici kayb\u0131yla i\u00e7imizi yakan, m\u00fczi\u011fe tutkuyla ba\u011fl\u0131 gen\u00e7 keman sanat\u00e7\u0131m\u0131z La\u00e7in Akyol an\u0131s\u0131na d\u00fczenledi. Mersin HiltonSA Lobi\u2019sinde ger\u00e7ekle\u015fen h\u00fcz\u00fcnl\u00fc ve anlaml\u0131 dinleti, gen\u00e7 sanat\u00e7\u0131lar\u0131n m\u00fczik yoluyla bir araya gelerek an\u0131lar\u0131 ya\u015fatma g\u00fcc\u00fcne tan\u0131kl\u0131k etti. 2022 y\u0131l\u0131ndan bu yana gen\u00e7 sanat\u00e7\u0131lara sahne deneyimi kazand\u0131rmay\u0131 ama\u00e7layan Gen\u00e7 Dinletiler, bu kez sahnesini La\u00e7in Akyol\u2019un an\u0131s\u0131na kurdu. Sevgi dolu, yetene\u011fiyle ve m\u00fczi\u011fe duydu\u011fu tutkuyla yurti\u00e7inde ve yurtd\u0131\u015f\u0131nda tan\u0131yan herkesi derinden etkileyen La\u00e7in, 7. Gen\u00e7 Dinletiler program\u0131nda sahne alm\u0131\u015f ve unutulmaz performans\u0131yla haf\u0131zalarda yer etmi\u015fti. 13. Dinletide keman s\u0131n\u0131f\u0131 arkada\u015flar\u0131, de\u011ferli hocalar\u0131 ve konservatuvar dostlar\u0131, sanatseverler, Mersinliler onun sevgisini, m\u00fczi\u011fini ve sanat tutkusunu gelece\u011fe ta\u015f\u0131mak i\u00e7in bir araya geldiler.<\/p>\n\n\n\n<p>AKOB Ba\u015fkan\u0131 Demet \u015eaman Tarlakazan, a\u00e7\u0131l\u0131\u015f konu\u015fmas\u0131nda \u015fu s\u00f6zlere yer verdi:<\/p>\n\n\n\n<p>\u201cOnu kaybettiren karanl\u0131\u011fa s\u00f6yleyecek \u00e7ok s\u00f6z\u00fcm\u00fcz, \u00e7ok \u015feyimiz var. Hepimizin de almam\u0131z gereken sorumluluklar var. Ama bug\u00fcn, s\u00f6z\u00fc La\u00e7in\u2019in en \u00e7ok sevdi\u011fi \u015feye, m\u00fczi\u011fe b\u0131rakmak istiyoruz. M\u00fczi\u011fin, s\u00f6ylenemeyenleri anlatma g\u00fcc\u00fc var. Bug\u00fcn burada yaln\u0131zca bir anma de\u011fil, ayn\u0131 zamanda ya\u015fama ve ya\u015fatma iradesine bir s\u00f6z veriyoruz. La\u00e7in hayat\u0131m\u0131za m\u00fczi\u011fini, ba\u015far\u0131lar\u0131n\u0131, mutlulu\u011funu, g\u00fcl\u00fc\u015f\u00fcn\u00fc, ne\u015fesini katt\u0131. Bize katt\u0131\u011f\u0131 g\u00fczelliklerin ne kadar k\u0131ymetli oldu\u011funu fark ettik. Ona, onu m\u00fckemmel yeti\u015ftiren anne ve babas\u0131na, sanat\u0131n\u0131 ilmek ilmek i\u015fleyen hocalar\u0131na ve arkada\u015flar\u0131na m\u00fcte\u015fekkiriz.\u201d Program ve Eserler ME\u00dc Konservatuvar\u0131 hocalar\u0131 Lily Tchumburidze ve Oksana \u0130gnatenko B\u00f6ll\u00fc y\u00f6netiminde haz\u0131rlanan \u00f6zel program, gen\u00e7 sanat\u00e7\u0131lar\u0131n sundu\u011fu zengin bir repertuvarla dinleyicilere h\u00fcz\u00fcnl\u00fc, duygu dolu anlar ya\u015fatt\u0131. Reinhold Gli\u00e8re, Ottorino Respighi, Pyotr \u0130lyi\u00e7 Tchaikovsky, Camille Saint-Sa\u00ebns, Dmitri Shostakovich ve Ludwig van Beethoven gibi bestecilerin eserleri keman d\u00fczenlemeleriyle seslendirildi. \u00d6zellikle Mozart\u2019\u0131n \u201cSihirli Fl\u00fct\u201d operas\u0131ndan Pamina\u2019n\u0131n aryas\u0131n\u0131n d\u00f6rt keman i\u00e7in d\u00fczenlemesi, keman s\u0131n\u0131f\u0131 arkada\u015flar\u0131 olan gen\u00e7 sanat\u00e7\u0131lar\u0131n birlikte \u00e7ald\u0131\u011f\u0131 \u00f6zel anlardan biri oldu. Program\u0131n ikinci yar\u0131s\u0131nda, Mersin \u00dcniversitesi M\u00fczik ve Sahne Sanatlar\u0131 Fak\u00fcltesi \u015ean B\u00f6l\u00fcm\u00fc Korosu, Oksana \u0130gnatenko B\u00f6ll\u00fc \u015fefli\u011finde sahne ald\u0131. Antonio Vivaldi\u2019nin Gloria RV 589\u2019undan se\u00e7ilmi\u015f b\u00f6l\u00fcmler seslendirilirken, program\u0131n kapan\u0131\u015f\u0131, Oksana \u0130gnatenko B\u00f6ll\u00fc\u2019n\u00fcn pr\u00f6miyeri yap\u0131lan Bir Efsanevi Miras adl\u0131 eseriyle yap\u0131ld\u0131. Program\u0131n ikinci b\u00f6l\u00fcm\u00fc sunu\u015funda Ba\u015fkan Demet Tarlakazan\u2019\u0131n payla\u015ft\u0131\u011f\u0131 \u015fu ifadeler dinletinin anlam\u0131n\u0131 vurgulay\u0131c\u0131 nitelikteydi: \u201cT\u00fcm k\u0131r\u0131lganl\u0131\u011f\u0131na, karanl\u0131\u011f\u0131na ra\u011fmen, hayat denen bu ak\u0131\u015fta La\u00e7in\u2019in m\u00fczi\u011fiyle, dostlu\u011fuyla, ne\u015fesiyle, g\u00fcl\u00fc\u015f\u00fcyle ve sevgisiyle kurdu\u011fu k\u00f6pr\u00fcy\u00fc, birlikte hissetmek istedik. Gen\u00e7 sanat\u00e7\u0131lar\u0131m\u0131z\u0131n, zaman\u0131n ve mek\u00e2n\u0131n \u00f6tesine ge\u00e7erek m\u00fczi\u011fin diliyle \u2013 sevgiyle, ne\u015feyle \u2013 La\u00e7in\u2019le ve hep birlikte kucakla\u015fmas\u0131n\u0131 istedik.\u201d 3 Gen\u00e7 Sanat\u00e7\u0131lar\u0131m\u0131za Dilekler Dinletiye, La\u00e7in Akyol\u2019un ailesi ba\u015fta olmak \u00fczere, MBB Ba\u015fkanl\u0131\u011f\u0131 ad\u0131na Daire Ba\u015fkan\u0131 Bengi \u0130spir \u00d6zd\u00fclger, Mersin Kent Konseyi Ba\u015fkan\u0131 Alper Girge\u00e7, konservatuvar\u0131n de\u011ferli akademisyenleri, \u00f6\u011frencileri ve sanatseverler ve Mersinliler kat\u0131ld\u0131. AKOB, gen\u00e7 sanat\u00e7\u0131lar\u0131n m\u00fczikle birbirlerine ilham vermeye devam edece\u011fine inan\u0131yor ve La\u00e7in\u2019in \u0131\u015f\u0131\u011f\u0131n\u0131 ya\u015fatmaya kararl\u0131 olan t\u00fcm gen\u00e7 m\u00fczisyenleri sevgiyle kucakl\u0131yor.<\/p>\n","protected":false},"excerpt":{"rendered":"<p>Akdeniz Opera ve Bale Kul\u00fcb\u00fc (AKOB), Gen\u00e7 Dinletiler serisinin 13. program\u0131n\u0131, kahredici kayb\u0131yla i\u00e7imizi yakan, m\u00fczi\u011fe tutkuyla ba\u011fl\u0131 gen\u00e7 keman sanat\u00e7\u0131m\u0131z La\u00e7in Akyol an\u0131s\u0131na d\u00fczenledi. Mersin HiltonSA Lobi\u2019sinde ger\u00e7ekle\u015fen h\u00fcz\u00fcnl\u00fc ve anlaml\u0131 dinleti, gen\u00e7 sanat\u00e7\u0131lar\u0131n m\u00fczik yoluyla bir araya gelerek an\u0131lar\u0131 ya\u015fatma g\u00fcc\u00fcne tan\u0131kl\u0131k etti. 2022 y\u0131l\u0131ndan bu yana gen\u00e7 sanat\u00e7\u0131lara sahne deneyimi kazand\u0131rmay\u0131 ama\u00e7layan [&hellip;]<\/p>\n","protected":false},"author":2,"featured_media":40280,"comment_status":"closed","ping_status":"closed","sticky":false,"template":"","format":"standard","meta":{"footnotes":""},"categories":[3],"tags":[],"class_list":["post-40279","post","type-post","status-publish","format-standard","has-post-thumbnail","hentry","category-manset"],"views":2,"_links":{"self":[{"href":"https:\/\/mersinkadingazetesi.com\/index.php?rest_route=\/wp\/v2\/posts\/40279"}],"collection":[{"href":"https:\/\/mersinkadingazetesi.com\/index.php?rest_route=\/wp\/v2\/posts"}],"about":[{"href":"https:\/\/mersinkadingazetesi.com\/index.php?rest_route=\/wp\/v2\/types\/post"}],"author":[{"embeddable":true,"href":"https:\/\/mersinkadingazetesi.com\/index.php?rest_route=\/wp\/v2\/users\/2"}],"replies":[{"embeddable":true,"href":"https:\/\/mersinkadingazetesi.com\/index.php?rest_route=%2Fwp%2Fv2%2Fcomments&post=40279"}],"version-history":[{"count":1,"href":"https:\/\/mersinkadingazetesi.com\/index.php?rest_route=\/wp\/v2\/posts\/40279\/revisions"}],"predecessor-version":[{"id":40281,"href":"https:\/\/mersinkadingazetesi.com\/index.php?rest_route=\/wp\/v2\/posts\/40279\/revisions\/40281"}],"wp:featuredmedia":[{"embeddable":true,"href":"https:\/\/mersinkadingazetesi.com\/index.php?rest_route=\/wp\/v2\/media\/40280"}],"wp:attachment":[{"href":"https:\/\/mersinkadingazetesi.com\/index.php?rest_route=%2Fwp%2Fv2%2Fmedia&parent=40279"}],"wp:term":[{"taxonomy":"category","embeddable":true,"href":"https:\/\/mersinkadingazetesi.com\/index.php?rest_route=%2Fwp%2Fv2%2Fcategories&post=40279"},{"taxonomy":"post_tag","embeddable":true,"href":"https:\/\/mersinkadingazetesi.com\/index.php?rest_route=%2Fwp%2Fv2%2Ftags&post=40279"}],"curies":[{"name":"wp","href":"https:\/\/api.w.org\/{rel}","templated":true}]}}