{"id":40291,"date":"2025-03-04T10:44:11","date_gmt":"2025-03-04T07:44:11","guid":{"rendered":"https:\/\/mersinkadingazetesi.com\/?p=40291"},"modified":"2025-03-04T10:44:12","modified_gmt":"2025-03-04T07:44:12","slug":"63-milyar-tl-kar-payi-dagitimi-onerensabanci-temettu-gelenegini-23-yila-tasidi","status":"publish","type":"post","link":"https:\/\/mersinkadingazetesi.com\/?p=40291","title":{"rendered":"6,3 milyar TL k\u00e2r pay\u0131 da\u011f\u0131t\u0131m\u0131 \u00f6nerenSabanc\u0131, temett\u00fc gelene\u011fini 23. y\u0131la ta\u015f\u0131d\u0131"},"content":{"rendered":"\n<p>2003 y\u0131l\u0131ndan bu yana kesintisiz bir \u015fekilde yat\u0131r\u0131mc\u0131lar\u0131na k\u00e2r pay\u0131 da\u011f\u0131t\u0131m\u0131 yaparak sermaye getirisi alan\u0131nda T\u00fcrk i\u015f d\u00fcnyas\u0131na \u00f6rnek olan Sabanc\u0131 Holding, bu gelene\u011fi 2025 y\u0131l\u0131nda da s\u00fcrd\u00fcrecek. 3 Mart 2025 tarihli Y\u00f6netim Kurulu karar\u0131 \u00e7er\u00e7evesinde Kamuyu Ayd\u0131nlatma Platformu\u2019na (KAP) a\u00e7\u0131klama yapan Sabanc\u0131 Holding, 2024 y\u0131l\u0131 faaliyet d\u00f6nemine ait konsolide finansal tablolar\u0131n\u0131n incelenmesi sonucunda, 6,3 milyar TL\u2019lik nakit k\u00e2r pay\u0131 (hisse ba\u015f\u0131na br\u00fct 3 lira) da\u011f\u0131t\u0131lmas\u0131 konusunda Genel Kurul\u2019a teklifte bulunulaca\u011f\u0131n\u0131 duyurdu.&nbsp;<\/p>\n\n\n\n<p>S\u00f6z konusu teklifin, 27 Mart tarihindeki Genel Kurul\u2019da kabul edilmesi durumunda, nakit k\u00e2r pay\u0131 \u00f6demeleri 2 Nisan 2025 tarihinden itibaren ger\u00e7ekle\u015fecek. B\u00f6ylece, Sabanc\u0131 Holding 22 y\u0131ld\u0131r devam ettirdi\u011fi temett\u00fc gelene\u011fini, 23\u2019\u00fcnc\u00fc y\u0131la ta\u015f\u0131m\u0131\u015f olacak.&nbsp;<\/p>\n\n\n\n<p><strong>BANKA DI\u015eI OPERASYONEL K\u00c2RLILIK ORANI \u00c7EYREK BAZINDA Y\u00dcKSEL\u0130\u015e\u0130N\u0130 S\u00dcRD\u00dcRD\u00dc<\/strong><\/p>\n\n\n\n<p>\u00d6te yandan Sabanc\u0131 Holding, 2024 y\u0131l\u0131na ili\u015fkin enflasyon muhasebesi uygulanm\u0131\u015f finansal sonu\u00e7lar\u0131n\u0131 da a\u00e7\u0131klad\u0131. 2024 y\u0131l\u0131nda Sabanc\u0131 Holding\u2019in kombine sat\u0131\u015flar\u0131 1 trilyon 244 milyar TL, kombine FAV\u00d6K\u2019\u00fc ise 128,9 milyar TL olarak ger\u00e7ekle\u015fti. Holding\u2019in banka d\u0131\u015f\u0131 operasyonel k\u00e2rl\u0131l\u0131k oran\u0131, \u00e7eyrek baz\u0131nda, 2024\u2019\u00fcn ilk \u00e7eyre\u011finden bu yana devam ettirdi\u011fi y\u00fckseli\u015fi son \u00e7eyrekte de s\u00fcrd\u00fcrd\u00fc. 2024 y\u0131l\u0131n\u0131n zorlu ko\u015fullar\u0131nda da banka d\u0131\u015f\u0131 gelirlerinin y\u00fczde 13,5\u2019luk b\u00f6l\u00fcm\u00fcn\u00fc yat\u0131r\u0131ma ay\u0131ran Sabanc\u0131 Holding, d\u00fc\u015f\u00fck bor\u00e7luluk oran\u0131n\u0131 koruyarak stratejik b\u00fcy\u00fcmesini s\u00fcrd\u00fcrd\u00fc.<\/p>\n","protected":false},"excerpt":{"rendered":"<p>2003 y\u0131l\u0131ndan bu yana kesintisiz bir \u015fekilde yat\u0131r\u0131mc\u0131lar\u0131na k\u00e2r pay\u0131 da\u011f\u0131t\u0131m\u0131 yaparak sermaye getirisi alan\u0131nda T\u00fcrk i\u015f d\u00fcnyas\u0131na \u00f6rnek olan Sabanc\u0131 Holding, bu gelene\u011fi 2025 y\u0131l\u0131nda da s\u00fcrd\u00fcrecek. 3 Mart 2025 tarihli Y\u00f6netim Kurulu karar\u0131 \u00e7er\u00e7evesinde Kamuyu Ayd\u0131nlatma Platformu\u2019na (KAP) a\u00e7\u0131klama yapan Sabanc\u0131 Holding, 2024 y\u0131l\u0131 faaliyet d\u00f6nemine ait konsolide finansal tablolar\u0131n\u0131n incelenmesi sonucunda, 6,3 [&hellip;]<\/p>\n","protected":false},"author":2,"featured_media":40292,"comment_status":"closed","ping_status":"closed","sticky":false,"template":"","format":"standard","meta":{"footnotes":""},"categories":[3],"tags":[],"class_list":["post-40291","post","type-post","status-publish","format-standard","has-post-thumbnail","hentry","category-manset"],"views":4,"_links":{"self":[{"href":"https:\/\/mersinkadingazetesi.com\/index.php?rest_route=\/wp\/v2\/posts\/40291"}],"collection":[{"href":"https:\/\/mersinkadingazetesi.com\/index.php?rest_route=\/wp\/v2\/posts"}],"about":[{"href":"https:\/\/mersinkadingazetesi.com\/index.php?rest_route=\/wp\/v2\/types\/post"}],"author":[{"embeddable":true,"href":"https:\/\/mersinkadingazetesi.com\/index.php?rest_route=\/wp\/v2\/users\/2"}],"replies":[{"embeddable":true,"href":"https:\/\/mersinkadingazetesi.com\/index.php?rest_route=%2Fwp%2Fv2%2Fcomments&post=40291"}],"version-history":[{"count":1,"href":"https:\/\/mersinkadingazetesi.com\/index.php?rest_route=\/wp\/v2\/posts\/40291\/revisions"}],"predecessor-version":[{"id":40293,"href":"https:\/\/mersinkadingazetesi.com\/index.php?rest_route=\/wp\/v2\/posts\/40291\/revisions\/40293"}],"wp:featuredmedia":[{"embeddable":true,"href":"https:\/\/mersinkadingazetesi.com\/index.php?rest_route=\/wp\/v2\/media\/40292"}],"wp:attachment":[{"href":"https:\/\/mersinkadingazetesi.com\/index.php?rest_route=%2Fwp%2Fv2%2Fmedia&parent=40291"}],"wp:term":[{"taxonomy":"category","embeddable":true,"href":"https:\/\/mersinkadingazetesi.com\/index.php?rest_route=%2Fwp%2Fv2%2Fcategories&post=40291"},{"taxonomy":"post_tag","embeddable":true,"href":"https:\/\/mersinkadingazetesi.com\/index.php?rest_route=%2Fwp%2Fv2%2Ftags&post=40291"}],"curies":[{"name":"wp","href":"https:\/\/api.w.org\/{rel}","templated":true}]}}