{"id":40324,"date":"2025-03-05T11:21:07","date_gmt":"2025-03-05T08:21:07","guid":{"rendered":"https:\/\/mersinkadingazetesi.com\/?p=40324"},"modified":"2025-03-05T11:21:09","modified_gmt":"2025-03-05T08:21:09","slug":"buyuksehir-yonetim-sistemleri-calismalarini-surduruyor","status":"publish","type":"post","link":"https:\/\/mersinkadingazetesi.com\/?p=40324","title":{"rendered":"B\u00dcY\u00dcK\u015eEH\u0130R Y\u00d6NET\u0130M S\u0130STEMLER\u0130 \u00c7ALI\u015eMALARINI S\u00dcRD\u00dcR\u00dcYOR"},"content":{"rendered":"\n<p>T\u00fcrkiye&#8217;de kalite standartlar\u0131na y\u00f6n veren \u00f6nc\u00fc yerel y\u00f6netimler aras\u0131nda yer alan Mersin B\u00fcy\u00fck\u015fehir Belediyesi, kaliteli ve yenilik\u00e7i hizmet anlay\u0131\u015f\u0131yla ba\u015far\u0131s\u0131n\u0131 her ge\u00e7en g\u00fcn daha da ileriye ta\u015f\u0131mak i\u00e7in \u00e7al\u0131\u015fmalar\u0131n\u0131 s\u00fcrd\u00fcr\u00fcyor. Bu kapsamda, T\u00fcrk Standartlar\u0131 Enstit\u00fcs\u00fc (TSE) taraf\u0131ndan&nbsp;<strong><em>&#8216;\u0130\u015f Sa\u011fl\u0131\u011f\u0131 ve G\u00fcvenli\u011fi Belge Yenileme A\u00e7\u0131l\u0131\u015f Toplant\u0131s\u0131&#8217;<\/em><\/strong>&nbsp;d\u00fczenlendi.<\/p>\n\n\n\n<p>Mersin B\u00fcy\u00fck\u015fehir Belediyesi Genel Sekreter Yard\u0131mc\u0131s\u0131 Serdal G\u00f6kayaz&#8217;\u0131n ba\u015fkanl\u0131\u011f\u0131nda d\u00fczenlenen toplant\u0131ya; Genel Sekreter Yard\u0131mc\u0131s\u0131 Ali R\u0131za \u00d6zdemir ve Tar\u0131k \u0130rde, Mersin B\u00fcy\u00fck\u015fehir Belediyesi b\u00fcrokratlar\u0131 ve TSE Heyeti kat\u0131l\u0131m sa\u011flad\u0131.<\/p>\n\n\n\n<p><strong>B\u00fcy\u00fck\u015fehir, hizmetlerini daha etkin bir yap\u0131ya kavu\u015fturmak amac\u0131yla \u00e7e\u015fitli y\u00f6netim sistemlerini hayata ge\u00e7iriyor<\/strong><\/p>\n\n\n\n<p>Mersin B\u00fcy\u00fck\u015fehir Belediyesi; vizyonu, misyonu ve stratejik hedefleri do\u011frultusunda vatanda\u015f memnuniyetini \u00f6n planda tutarak, hizmetlerini sistemlerle y\u00f6netmek ve daha etkin bir yap\u0131ya kavu\u015fmak amac\u0131yla \u00e7e\u015fitli y\u00f6netim sistemlerini hayata ge\u00e7iriyor. Bu \u00e7er\u00e7evede, TS EN ISO 9001 Kalite Y\u00f6netim Sistemi, TS EN ISO 14001 \u00c7evre Y\u00f6netim Sistemi, TS ISO 45001 \u0130\u015f Sa\u011fl\u0131\u011f\u0131 ve G\u00fcvenli\u011fi Y\u00f6netim Sistemi, TS ISO 39001 Yol Trafik G\u00fcvenli\u011fi Y\u00f6netim Sistemi gibi uluslararas\u0131 standartlara uygun sistemler uygulan\u0131yor. Ayr\u0131ca, 2023 y\u0131l\u0131nda Mersin \u015eehirleraras\u0131 Otob\u00fcs Terminali&#8217;nde ISO 50001 Enerji Y\u00f6netim Sistemi devreye al\u0131nd\u0131.<\/p>\n\n\n\n<p>B\u00fcy\u00fck\u015fehir, 2025 y\u0131l\u0131 i\u00e7erisinde vatanda\u015f memnuniyetini daha da art\u0131rmak amac\u0131yla ISO 10002 M\u00fc\u015fteri Memnuniyeti Y\u00f6netim Sistemi&#8217;ni de devreye alacak. Bu sistemle birlikte, al\u0131nan \u015fik\u00e2yetlerin daha h\u0131zl\u0131 \u00e7\u00f6z\u00fcme kavu\u015fturulmas\u0131 ve organizasyonun hizmet kapasitesinin art\u0131r\u0131lmas\u0131 hedefleniyor.<\/p>\n\n\n\n<p>T\u00fcrk Standartlar\u0131 Enstit\u00fcs\u00fc tetkik heyeti taraf\u0131ndan ger\u00e7ekle\u015ftirilecek TS EN ISO 9001 Kalite Y\u00f6netim Sistemi birinci g\u00f6zetim tetkiki ve TS ISO 45001 \u0130\u015f Sa\u011fl\u0131\u011f\u0131 ve G\u00fcvenli\u011fi Y\u00f6netim Sistemi belge yenileme tetkiki ile belediyenin kalite ve g\u00fcvenlik standartlar\u0131 bir kez daha de\u011ferlendirilecek. Bu s\u00fcre\u00e7, mevcut sistemdeki eksikliklerin tespit edilmesi ve iyile\u015ftirilmesi i\u00e7in \u00f6nemli bir f\u0131rsat sunacak.<\/p>\n\n\n\n<p><strong>G\u00f6kayaz: &#8220;<\/strong><strong>Hizmetlerimizde kurumsalla\u015fmaya b\u00fcy\u00fck \u00f6nem veren bir belediyeyiz&#8221;<\/strong><\/p>\n\n\n\n<p>B\u00fcy\u00fck\u015fehir Belediyesi&#8217;nin yeni ba\u015flad\u0131\u011f\u0131 projeler devam ederken, mevcut projelerde ve hizmetlerde de kurumsalla\u015fmaya \u00f6nem verdiklerini belirten Mersin B\u00fcy\u00fck\u015fehir Belediyesi Genel Sekreter Yard\u0131mc\u0131s\u0131 Serdal G\u00f6kayaz,&nbsp;<strong>&#8220;Bug\u00fcn hem &#8216;<em>Kalite Y\u00f6netim Sistemi Tetkikleri&#8217;<\/em>, hem de &#8216;<em>\u0130\u015f Sa\u011fl\u0131\u011f\u0131 ve G\u00fcvenli\u011fi Y\u00f6netim Sistemi Tetkikleri&#8217;<\/em>neba\u015fl\u0131yoruz. Bu kurumsalla\u015fman\u0131n sistemlere ba\u011fl\u0131 olmas\u0131 ve ayn\u0131 zamanda kalite bilincinde t\u00fcm sistemimize uygulamak istedi\u011fimiz bir y\u00f6netim anlay\u0131\u015f\u0131m\u0131z mevcut. Bir di\u011fer \u00f6nem verdi\u011fimiz husus ise i\u015f sa\u011fl\u0131\u011f\u0131 ve g\u00fcvenli\u011fi konusu&#8221;<\/strong>&nbsp;diye konu\u015ftu.<\/p>\n\n\n\n<p>Heyetle uyum i\u00e7erisinde ilerleyeceklerini s\u00f6zlerine ekleyen G\u00f6kayaz,&nbsp;<strong><em>&#8220;&#8216;Belediyeyi nas\u0131l tan\u0131mlars\u0131n\u0131z?&#8217;<\/em>&nbsp;diye sorarsan\u0131z, etkili ve etkin bir organizasyonda s\u00fcrekli olarak kendini yenileyen ve de\u011fi\u015ftiren bir yap\u0131 oldu\u011funu s\u00f6yleyebilirim. Bu kadar aktif bir belediye olarak, yo\u011fun \u00e7al\u0131\u015fmalar\u0131m\u0131zda ortaya \u00e7\u0131kan ve g\u00f6remedi\u011fimiz noktalar\u0131 da; bundan \u00f6nceki s\u00fcrecimizde de oldu\u011fu gibi, d\u0131\u015fardan etkin bir g\u00f6zle de\u011ferlendirece\u011finize inan\u0131yoruz&#8221;&nbsp;<\/strong>dedi.<\/p>\n\n\n\n<p>Toplant\u0131n\u0131n ard\u0131ndan da de\u011ferlendirmelerde bulunan G\u00f6kayaz, belediyenin&nbsp;Kalite Y\u00f6netim Sistemi ile \u0130\u015f Sa\u011fl\u0131\u011f\u0131 ve G\u00fcvenli\u011fi Y\u00f6netim Sistemi alan\u0131nda 3 g\u00fcnl\u00fck bir tetkik s\u00fcrecinin ba\u015flayaca\u011f\u0131n\u0131 ve her sene bu uygulaman\u0131n ger\u00e7ekle\u015fece\u011fini s\u00f6yleyerek,<strong>&nbsp;&#8220;Sahada yapt\u0131\u011f\u0131m\u0131z bir\u00e7ok \u00e7al\u0131\u015fma var ve bu \u00e7al\u0131\u015fmalar\u0131n kurumsalla\u015fmas\u0131 konusunda kararl\u0131y\u0131z. Bu kurumsalla\u015fma \u00e7al\u0131\u015fmalar\u0131 esnas\u0131nda da TSE&#8217;nin yapt\u0131\u011f\u0131 tetkikler, bize kendimizi d\u0131\u015fardan bir g\u00f6z taraf\u0131ndan de\u011ferlendirme f\u0131rsat\u0131 sa\u011fl\u0131yor. Biz de bu s\u00fcre\u00e7te eksiklerimizi g\u00f6r\u00fcyor ve tamamlama konusunda da y\u0131l i\u00e7inde yo\u011fun \u00e7al\u0131\u015fmalar yap\u0131yoruz&#8221;&nbsp;<\/strong>diye konu\u015ftu.<\/p>\n\n\n\n<p><strong>\u00d6zdemir: &#8220;Birimlerimiz devaml\u0131 iyile\u015ftirerek devam ediyor ve sisteme sahip \u00e7\u0131k\u0131yorlar&#8221;<\/strong><\/p>\n\n\n\n<p><em>Mersin B\u00fcy\u00fck\u015fehir Belediyesi Genel Sekreter Yard\u0131mc\u0131s\u0131 Ali R\u0131za \u00d6zdemir,<\/em>&nbsp;birimlerin geli\u015ferek ilerledi\u011fini belirterek,&nbsp;<strong>&#8220;\u015eu anda 5 y\u00f6netim sistemi mevcut. 6.&#8217;y\u0131 da hedefledik ve kuruyoruz. Arkada\u015flar\u0131m\u0131z\u0131n tetkike hep haz\u0131r oldu\u011funu d\u00fc\u015f\u00fcn\u00fcyorum.&nbsp;<\/strong><strong>Birimlerimiz devaml\u0131 iyile\u015ftirerek devam ediyor ve sisteme sahip \u00e7\u0131k\u0131yorlar&#8221;&nbsp;<\/strong>s\u00f6zlerine yer verdi.<\/p>\n\n\n\n<p><strong>Yaz\u0131c\u0131o\u011flu: &#8220;B\u00fcy\u00fck\u015fehir&#8217;in daha \u00f6nce de \u00f6rnek \u00e7al\u0131\u015fmalar\u0131na \u015fahit olduk&#8221;<\/strong><\/p>\n\n\n\n<p>TSE Yetkilisi Re\u015fit Yaz\u0131c\u0131o\u011flu, y\u00f6netim olarak Mersin&#8217;e gelmekten memnuniyet duyduklar\u0131n\u0131 ve buradaki \u00e7al\u0131\u015fmalar\u0131n uyum i\u00e7erisinde ortak hedefle ger\u00e7ekle\u015fti\u011fini vurgulayarak,&nbsp;<strong>&#8220;Mersin B\u00fcy\u00fck\u015fehir Belediyesi&#8217;ni daha \u00f6nce de ziyaret ettik. O zaman da g\u00fczel \u00f6rnekler ve \u00e7al\u0131\u015fmalar g\u00f6rm\u00fc\u015ft\u00fck. Denetimlerde de kar\u015f\u0131l\u0131kl\u0131 g\u00f6r\u00fc\u015f al\u0131\u015fveri\u015finde bulunarak; bu g\u00fczel uygulamalara hem \u015fahitlik ederiz, hem de hangi alanlarda ne t\u00fcr iyile\u015ftirmeleri beraber sa\u011flayabiliriz onun tela\u015f\u0131 i\u00e7inde olaca\u011f\u0131z. Nihayetinde hepimizin ya\u015fad\u0131\u011f\u0131 ve ya\u015fayaca\u011f\u0131 yerler buras\u0131&#8221;&nbsp;<\/strong>dedi. Mersin i\u00e7in verimli bir tetkik s\u00fcrecinin ba\u015flayaca\u011f\u0131n\u0131n alt\u0131n\u0131 \u00e7izerek konu\u015fmas\u0131n\u0131 s\u00fcrd\u00fcren Yaz\u0131c\u0131o\u011flu,&nbsp;<strong>&#8220;Umar\u0131m bu denetimler, size etkinlik ve verimlilik sa\u011flar. Sizler, bizler ve Mersin i\u00e7in katma de\u011feri y\u00fcksek bir tetkik s\u00fcreci olacakt\u0131r&#8221;&nbsp;<\/strong>ifadelerini kulland\u0131.<\/p>\n\n\n\n<p><strong>&#8220;Bir kurulu\u015fta bu kadar i\u015f sa\u011fl\u0131\u011f\u0131 ve g\u00fcvenli\u011fi uzman\u0131n\u0131n olmas\u0131 \u00e7ok \u00f6nemli&#8221;<\/strong><\/p>\n\n\n\n<p>Belediye hizmetlerini y\u00f6netim olarak \u00f6nemsediklerini ifade ederken, B\u00fcy\u00fck\u015fehir Belediyesi&#8217;nde i\u015f sa\u011fl\u0131\u011f\u0131na verilen \u00f6nemin de g\u00f6z ard\u0131 edilmeyecek bir husus oldu\u011funu s\u00f6zlerine ekleyen Yaz\u0131c\u0131o\u011flu,<strong>&nbsp;&#8220;Bizler i\u00e7in belediye hizmetleri \u00e7ok \u00f6nemli. Burada bir\u00e7ok i\u015f sa\u011fl\u0131\u011f\u0131 ve g\u00fcvenli\u011fi uzman\u0131 g\u00f6rd\u00fcm. Bir kurulu\u015fta bu kadar say\u0131da uzman\u0131n olmas\u0131 \u00f6nemlilik arz etmektedir. Tedbirlerimizi alarak, ya\u015fanabilir bir \u00e7evrede, mutlu insanlar\u0131n olmas\u0131n\u0131 arzu ederiz. Bu ba\u011flamda herkes i\u015fini lay\u0131\u011f\u0131 ile yapt\u0131\u011f\u0131 zaman, zaten bu ya\u015fam ortaya konacak&#8221;&nbsp;<\/strong>dedi.<\/p>\n","protected":false},"excerpt":{"rendered":"<p>T\u00fcrkiye&#8217;de kalite standartlar\u0131na y\u00f6n veren \u00f6nc\u00fc yerel y\u00f6netimler aras\u0131nda yer alan Mersin B\u00fcy\u00fck\u015fehir Belediyesi, kaliteli ve yenilik\u00e7i hizmet anlay\u0131\u015f\u0131yla ba\u015far\u0131s\u0131n\u0131 her ge\u00e7en g\u00fcn daha da ileriye ta\u015f\u0131mak i\u00e7in \u00e7al\u0131\u015fmalar\u0131n\u0131 s\u00fcrd\u00fcr\u00fcyor. Bu kapsamda, T\u00fcrk Standartlar\u0131 Enstit\u00fcs\u00fc (TSE) taraf\u0131ndan&nbsp;&#8216;\u0130\u015f Sa\u011fl\u0131\u011f\u0131 ve G\u00fcvenli\u011fi Belge Yenileme A\u00e7\u0131l\u0131\u015f Toplant\u0131s\u0131&#8217;&nbsp;d\u00fczenlendi. Mersin B\u00fcy\u00fck\u015fehir Belediyesi Genel Sekreter Yard\u0131mc\u0131s\u0131 Serdal G\u00f6kayaz&#8217;\u0131n ba\u015fkanl\u0131\u011f\u0131nda d\u00fczenlenen toplant\u0131ya; [&hellip;]<\/p>\n","protected":false},"author":2,"featured_media":40325,"comment_status":"closed","ping_status":"closed","sticky":false,"template":"","format":"standard","meta":{"footnotes":""},"categories":[3],"tags":[],"class_list":["post-40324","post","type-post","status-publish","format-standard","has-post-thumbnail","hentry","category-manset"],"views":2,"_links":{"self":[{"href":"https:\/\/mersinkadingazetesi.com\/index.php?rest_route=\/wp\/v2\/posts\/40324"}],"collection":[{"href":"https:\/\/mersinkadingazetesi.com\/index.php?rest_route=\/wp\/v2\/posts"}],"about":[{"href":"https:\/\/mersinkadingazetesi.com\/index.php?rest_route=\/wp\/v2\/types\/post"}],"author":[{"embeddable":true,"href":"https:\/\/mersinkadingazetesi.com\/index.php?rest_route=\/wp\/v2\/users\/2"}],"replies":[{"embeddable":true,"href":"https:\/\/mersinkadingazetesi.com\/index.php?rest_route=%2Fwp%2Fv2%2Fcomments&post=40324"}],"version-history":[{"count":1,"href":"https:\/\/mersinkadingazetesi.com\/index.php?rest_route=\/wp\/v2\/posts\/40324\/revisions"}],"predecessor-version":[{"id":40326,"href":"https:\/\/mersinkadingazetesi.com\/index.php?rest_route=\/wp\/v2\/posts\/40324\/revisions\/40326"}],"wp:featuredmedia":[{"embeddable":true,"href":"https:\/\/mersinkadingazetesi.com\/index.php?rest_route=\/wp\/v2\/media\/40325"}],"wp:attachment":[{"href":"https:\/\/mersinkadingazetesi.com\/index.php?rest_route=%2Fwp%2Fv2%2Fmedia&parent=40324"}],"wp:term":[{"taxonomy":"category","embeddable":true,"href":"https:\/\/mersinkadingazetesi.com\/index.php?rest_route=%2Fwp%2Fv2%2Fcategories&post=40324"},{"taxonomy":"post_tag","embeddable":true,"href":"https:\/\/mersinkadingazetesi.com\/index.php?rest_route=%2Fwp%2Fv2%2Ftags&post=40324"}],"curies":[{"name":"wp","href":"https:\/\/api.w.org\/{rel}","templated":true}]}}