{"id":40330,"date":"2025-03-05T11:23:45","date_gmt":"2025-03-05T08:23:45","guid":{"rendered":"https:\/\/mersinkadingazetesi.com\/?p=40330"},"modified":"2025-03-05T11:23:45","modified_gmt":"2025-03-05T08:23:45","slug":"buyuksehirden-dunya-obezite-gununde-farkindalik-semineri","status":"publish","type":"post","link":"https:\/\/mersinkadingazetesi.com\/?p=40330","title":{"rendered":"B\u00dcY\u00dcK\u015eEH\u0130R&#8217;DEN D\u00dcNYA OBEZ\u0130TE G\u00dcN\u00dc&#8217;NDE FARKINDALIK SEM\u0130NER\u0130"},"content":{"rendered":"\n<p>Mersin B\u00fcy\u00fck\u015fehir Belediyesi, Mersin \u00dcniversitesi ile \u00d6zel Mersin Sistem Cerrahi T\u0131p Merkezi i\u015f birli\u011finde; her ge\u00e7en y\u0131l daha fazla insan\u0131n m\u00fccadele etti\u011fi k\u00fcresel sa\u011fl\u0131k sorunlar\u0131n\u0131n ba\u015f\u0131nda gelen obezitenin, sa\u011fl\u0131k \u00fczerindeki olumsuz etkilerine dikkat \u00e7ekmek ve sa\u011fl\u0131kl\u0131 ya\u015fam al\u0131\u015fkanl\u0131klar\u0131n\u0131 te\u015fvik etmek amac\u0131yla&nbsp;<strong>&#8216;4 Mart D\u00fcnya Obezite G\u00fcn\u00fc&#8217;<\/strong>nde fark\u0131ndal\u0131k semineri d\u00fczenlendi. Sa\u011fl\u0131k \u0130\u015fleri Dairesi Ba\u015fkanl\u0131\u011f\u0131 koordinesinde B\u00fcy\u00fck\u015fehir Belediyesi Kongre ve Sergi Saray\u0131&#8217;nda ger\u00e7ekle\u015fen etkinli\u011fe gen\u00e7, ya\u015f alm\u0131\u015f her ya\u015ftan yurtta\u015f\u0131n yan\u0131 s\u0131ra, Sa\u011fl\u0131k Meslek Lisesi&#8217;nde okuyan \u00e7ok say\u0131da \u00f6\u011frenci de kat\u0131ld\u0131.<\/p>\n\n\n\n<p>Etkinlikte; ins\u00fclin direnci, kalp ve sinir sistemi hastal\u0131klar\u0131, kanser, y\u00fcksek tansiyon, depresyon, yeme ve kayg\u0131 bozukluklar\u0131 gibi pek \u00e7ok kronik hastal\u0131\u011fa yol a\u00e7an obezitenin sadece bireysel de\u011fil, ayn\u0131 zamanda toplumsal ve k\u00fcresel bir sa\u011fl\u0131k problemi oldu\u011fu vurguland\u0131.<\/p>\n\n\n\n<p>Moderat\u00f6rl\u00fc\u011f\u00fc&#8217;n\u00fc Prof. Dr. Esat Y\u0131lg\u00f6r ve Uzm. Dr. Bahar G\u00fclcay \u00c7at&#8217;\u0131n \u00fcstlendi\u011fi seminerde; Endokrinoloji ve Metabolizma Hastal\u0131klar\u0131 Uzman\u0131 Prof. Dr. Esen Akbay, \u00fclkemizde obezitenin ya\u015f gruplar\u0131na g\u00f6re g\u00f6r\u00fclme s\u0131kl\u0131\u011f\u0131 ve ya\u015fam kalitesinin ele al\u0131nd\u0131\u011f\u0131&nbsp;<strong>&#8216;Eri\u015fkinlerde Obezite&#8217;&nbsp;<\/strong>\u00fczerine bilgiler verirken, Kardiyoloji Uzman\u0131 Dr. Mine Durukan Sayg\u0131n obezitenin kalp sa\u011fl\u0131\u011f\u0131 \u00fczerinde yaratm\u0131\u015f oldu\u011fu yap\u0131sal de\u011fi\u015fiklikleri ve kardiyovask\u00fcler hastal\u0131klardan korunma y\u00f6ntemlerini anlatarak,&nbsp;<strong>&#8216;Obezite ve Kalp Sa\u011fl\u0131\u011f\u0131&#8217;<\/strong>&nbsp;ili\u015fkisini ele ald\u0131.<\/p>\n\n\n\n<p><strong>Obezite ile m\u00fccadelede sa\u011fl\u0131kl\u0131 beslenmenin, sporun ve hareket etmenin \u00f6nemi anlat\u0131ld\u0131<\/strong><\/p>\n\n\n\n<p>Prof. Dr. Yusuf Usta; sa\u011fl\u0131ks\u0131z beslenme, hareketsizlik ve de\u011fi\u015fen toplumsal al\u0131\u015fkanl\u0131klar nedeniyle \u00e7a\u011f\u0131n hastal\u0131klar\u0131n\u0131n ba\u015f\u0131nda gelen, daha bebeklik ve \u00e7ocukluk d\u00f6neminden itibaren g\u00f6r\u00fclmeye ba\u015flayan obezitenin, \u00e7ocuklar \u00fczerindeki etkisi hakk\u0131nda bilgiler sundu. Usta, \u00e7ocuklarda obezite tedavisinin nas\u0131l yap\u0131ld\u0131\u011f\u0131, korunma y\u00f6ntemleri, ebeveynlerin dikkat etmesi gereken davran\u0131\u015flarla ilgili anekdotlar payla\u015ft\u0131.<\/p>\n\n\n\n<p>Prof. Dr. Mehmet \u00d6zdo\u011fan,&nbsp;<strong>&#8216;Obezite Metabolik Hastal\u0131klar Cerrahisi&#8217;<\/strong>&nbsp;ba\u015fl\u0131kl\u0131 sunumunda, metabolik sa\u011fl\u0131k sorunu ya\u015fayan obezite hastalar\u0131n\u0131n kilo verme s\u00fcre\u00e7lerinde hem fiziksel hem de psikolojik a\u00e7\u0131dan neler yapmas\u0131 gerekti\u011fi ve tedavi s\u00fcre\u00e7lerinde ki\u015fiye \u00f6zel re\u00e7etelerin gereklili\u011fi hakk\u0131nda bilgiler verdi. Etkinlikte; do\u011fru ve sa\u011fl\u0131kl\u0131 beslenmenin, spor ve hareket etmenin \u00f6nemi anlat\u0131l\u0131rken, ki\u015fisel sa\u011fl\u0131klar\u0131n\u0131 korumak ad\u0131na nelere dikkat edilmesi gerekti\u011fi ile ilgili bro\u015f\u00fcrler ve e\u011fitim materyalleri da\u011f\u0131t\u0131ld\u0131.<\/p>\n\n\n\n<p><strong>Uzm. Dr. \u00c7at: &#8220;\u0130nsanlar\u0131n sa\u011fl\u0131kl\u0131 ya\u015fama ula\u015fabilmeleri ad\u0131na \u00e7ok b\u00fcy\u00fck \u00e7aba harc\u0131yoruz&#8221;<\/strong><\/p>\n\n\n\n<p>Mersin B\u00fcy\u00fck\u015fehir Belediyesi Sa\u011fl\u0131k \u0130\u015fleri Dairesi Halk Sa\u011fl\u0131\u011f\u0131 ve Denetim \u015eube M\u00fcd\u00fcr\u00fc Uzm. Dr. Bahar G\u00fclcay \u00c7at, obezitenin T\u00fcrkiye&#8217;de \u00e7ok yayg\u0131n oldu\u011funa dikkat \u00e7ekerek ba\u015flad\u0131\u011f\u0131 konu\u015fmas\u0131nda,&nbsp;<strong>&#8220;Mersin B\u00fcy\u00fck\u015fehir Belediyesi olarak, sa\u011fl\u0131kl\u0131 ya\u015fam\u0131 te\u015fvik etmek ad\u0131na kad\u0131nlara \u00f6ncelik vererek Kad\u0131n Sa\u011fl\u0131\u011f\u0131 Dan\u0131\u015fma Merkezi kurduk. Burada fizyoterapist, psikolog ve diyetisyen arkada\u015flar\u0131m\u0131zla, sa\u011fl\u0131kl\u0131 ya\u015fam\u0131 te\u015fvik etmek ad\u0131na talepleri kar\u015f\u0131l\u0131yoruz. Erkeklerden de yo\u011fun ilgi gelince, Tarsus il\u00e7emizde Atat\u00fcrk Park\u0131 Sa\u011fl\u0131kl\u0131 Ya\u015fam Merkezi&#8217;ni kurduk. Vatanda\u015flar\u0131m\u0131za \u00fccretsiz dan\u0131\u015fmanl\u0131k hizmeti sa\u011fl\u0131yoruz. \u015eu ana kadar 2 merkezde toplam 20 bine yak\u0131n hizmet verdik. Bu asl\u0131nda, Mersin&#8217;de sa\u011fl\u0131kl\u0131 ya\u015fam\u0131n temellerini olu\u015fturdu&#8221;&nbsp;<\/strong>dedi.<\/p>\n\n\n\n<p>B\u00fcy\u00fck\u015fehir Belediyesi&#8217;nin G\u00fcl\u00fcmse Alzheimer Ya\u015fam Merkezi&#8217;nde de beden sa\u011fl\u0131\u011f\u0131n\u0131 koruyacak aktiviteler yap\u0131ld\u0131\u011f\u0131n\u0131 kaydeden Uzm. Dr. \u00c7at,&nbsp;<strong>&#8220;Daire Ba\u015fkanl\u0131\u011f\u0131m\u0131za ba\u011fl\u0131 \u00f6zel gereksinimli bireylere y\u00f6nelik Engelsiz Ya\u015fam Park\u0131m\u0131z var. Orada da sa\u011fl\u0131kl\u0131 ya\u015fam\u0131 desteklemek ama\u00e7l\u0131 aktivitelerde bulunuyoruz. Ayr\u0131ca di\u011fer daire ba\u015fkanl\u0131klar\u0131m\u0131zda da spor kurslar\u0131 ve d\u00fczenlenen aktivitelerle obeziteyle sava\u015f\u0131yoruz. Son 5 y\u0131l i\u00e7inde bisiklet yollar\u0131m\u0131zda olduk\u00e7a art\u0131\u015f oldu. \u0130nsanlar\u0131n bisiklete binmeleri ve sa\u011fl\u0131kl\u0131 ya\u015fama ula\u015fabilmeleri ad\u0131na, B\u00fcy\u00fck\u015fehir Belediyesi olarak \u00e7ok b\u00fcy\u00fck \u00e7aba harc\u0131yoruz&#8221;&nbsp;<\/strong>diye konu\u015ftu.<\/p>\n\n\n\n<p><strong>Prof. Y\u0131lg\u00f6r: &#8220;Obezitede maalesef d\u00fcnyada ilk s\u0131ralarda yer al\u0131yoruz&#8221;<\/strong><\/p>\n\n\n\n<p>\u00d6zel Mersin Sistem Cerrahi T\u0131p Merkezi&#8217;nden Prof. Dr. Esat Y\u0131lg\u00f6r, obezitenin bir hastal\u0131k oldu\u011funu ve bu hastal\u0131kla m\u00fccadele etmenin gerekliliklerini anlatarak,&nbsp;<strong>&#8220;Obezite dedi\u011fimiz hastal\u0131k, doku ve organlar\u0131m\u0131zda a\u015f\u0131r\u0131 ya\u011f birikmesi demektir. Maalesef T\u00fcrkiye olarak obezitede Avrupa birincisiyiz. D\u00fcnyada da ilk s\u0131ralarda yer al\u0131yoruz. H\u0131zla yay\u0131lan ve halk sa\u011fl\u0131\u011f\u0131 sorunu haline gelen obezite, maalesef sava\u015flardan daha \u00e7ok insan\u0131n vefat etmesine neden olmaktad\u0131r. Ayr\u0131ca obezite; diyabet, hipertansiyon, kanser ba\u015fta olmak \u00fczere pek \u00e7ok ciddi hastal\u0131\u011f\u0131n da tetikleyicisidir&#8221;<\/strong>&nbsp;ifadelerine yer verdi.<\/p>\n\n\n\n<p><strong>B\u00fcy\u00fck\u015fehir&#8217;in semineri her ya\u015ftan kat\u0131l\u0131mc\u0131ya \u00f6nemli katk\u0131 sa\u011flad\u0131<\/strong><\/p>\n\n\n\n<p>Seminere kat\u0131l\u0131m sa\u011flayan \u00f6\u011frencilerden Zeynep Melda G\u00fc\u00e7l\u00fc,&nbsp;<strong>&#8220;Olduk\u00e7a faydal\u0131 bir seminerdi. Bize katk\u0131s\u0131 oldu ve g\u00fczel bilgiler \u00f6\u011frendik&#8221;&nbsp;<\/strong>dedi.<\/p>\n\n\n\n<p>11. s\u0131n\u0131f \u00f6\u011frencisi Senem Kaya ise Sa\u011fl\u0131k Meslek Lisesi \u00f6\u011frencisi olarak seminerin kendileri a\u00e7\u0131s\u0131ndan olduk\u00e7a faydal\u0131 oldu\u011funa de\u011finerek,&nbsp;<strong>&#8220;Obezite hakk\u0131nda neler yap\u0131p neler yapmayaca\u011f\u0131m\u0131z konusunda bir\u00e7ok bilgi edindim. \u00c7ok faydal\u0131 bir seminerdi. Okulumuzda \u00f6\u011frendi\u011fimiz bilgilerimizin \u00fczerine yeni bilgiler katt\u0131k. Te\u015fekk\u00fcr ederiz&#8221;&nbsp;<\/strong>diye konu\u015ftu.<\/p>\n","protected":false},"excerpt":{"rendered":"<p>Mersin B\u00fcy\u00fck\u015fehir Belediyesi, Mersin \u00dcniversitesi ile \u00d6zel Mersin Sistem Cerrahi T\u0131p Merkezi i\u015f birli\u011finde; her ge\u00e7en y\u0131l daha fazla insan\u0131n m\u00fccadele etti\u011fi k\u00fcresel sa\u011fl\u0131k sorunlar\u0131n\u0131n ba\u015f\u0131nda gelen obezitenin, sa\u011fl\u0131k \u00fczerindeki olumsuz etkilerine dikkat \u00e7ekmek ve sa\u011fl\u0131kl\u0131 ya\u015fam al\u0131\u015fkanl\u0131klar\u0131n\u0131 te\u015fvik etmek amac\u0131yla&nbsp;&#8216;4 Mart D\u00fcnya Obezite G\u00fcn\u00fc&#8217;nde fark\u0131ndal\u0131k semineri d\u00fczenlendi. Sa\u011fl\u0131k \u0130\u015fleri Dairesi Ba\u015fkanl\u0131\u011f\u0131 koordinesinde B\u00fcy\u00fck\u015fehir Belediyesi [&hellip;]<\/p>\n","protected":false},"author":2,"featured_media":40331,"comment_status":"closed","ping_status":"closed","sticky":false,"template":"","format":"standard","meta":{"footnotes":""},"categories":[3,9],"tags":[],"class_list":["post-40330","post","type-post","status-publish","format-standard","has-post-thumbnail","hentry","category-manset","category-saglik"],"views":6,"_links":{"self":[{"href":"https:\/\/mersinkadingazetesi.com\/index.php?rest_route=\/wp\/v2\/posts\/40330"}],"collection":[{"href":"https:\/\/mersinkadingazetesi.com\/index.php?rest_route=\/wp\/v2\/posts"}],"about":[{"href":"https:\/\/mersinkadingazetesi.com\/index.php?rest_route=\/wp\/v2\/types\/post"}],"author":[{"embeddable":true,"href":"https:\/\/mersinkadingazetesi.com\/index.php?rest_route=\/wp\/v2\/users\/2"}],"replies":[{"embeddable":true,"href":"https:\/\/mersinkadingazetesi.com\/index.php?rest_route=%2Fwp%2Fv2%2Fcomments&post=40330"}],"version-history":[{"count":1,"href":"https:\/\/mersinkadingazetesi.com\/index.php?rest_route=\/wp\/v2\/posts\/40330\/revisions"}],"predecessor-version":[{"id":40332,"href":"https:\/\/mersinkadingazetesi.com\/index.php?rest_route=\/wp\/v2\/posts\/40330\/revisions\/40332"}],"wp:featuredmedia":[{"embeddable":true,"href":"https:\/\/mersinkadingazetesi.com\/index.php?rest_route=\/wp\/v2\/media\/40331"}],"wp:attachment":[{"href":"https:\/\/mersinkadingazetesi.com\/index.php?rest_route=%2Fwp%2Fv2%2Fmedia&parent=40330"}],"wp:term":[{"taxonomy":"category","embeddable":true,"href":"https:\/\/mersinkadingazetesi.com\/index.php?rest_route=%2Fwp%2Fv2%2Fcategories&post=40330"},{"taxonomy":"post_tag","embeddable":true,"href":"https:\/\/mersinkadingazetesi.com\/index.php?rest_route=%2Fwp%2Fv2%2Ftags&post=40330"}],"curies":[{"name":"wp","href":"https:\/\/api.w.org\/{rel}","templated":true}]}}