{"id":40333,"date":"2025-03-05T11:25:41","date_gmt":"2025-03-05T08:25:41","guid":{"rendered":"https:\/\/mersinkadingazetesi.com\/?p=40333"},"modified":"2025-03-05T11:25:41","modified_gmt":"2025-03-05T08:25:41","slug":"gulcan-kis-vatandasin-sofrasina-yemek-koymasi-bile-luks-haline-geldi","status":"publish","type":"post","link":"https:\/\/mersinkadingazetesi.com\/?p=40333","title":{"rendered":"G\u00fclcan K\u0131\u015f: &#8220;Vatanda\u015f\u0131n Sofras\u0131na Yemek Koymas\u0131 Bile L\u00fcks H\u00e2line Geldi&#8221;"},"content":{"rendered":"\n<p>CHP Mersin Milletvekili G\u00fclcan K\u0131\u015f, TBMM Genel Kurulu&#8217;nda yapt\u0131\u011f\u0131 konu\u015fmada, hayat pahal\u0131l\u0131\u011f\u0131 ve yoksulluk konusundaki ara\u015ft\u0131rma \u00f6nergesi \u00fczerine sert ele\u015ftirilerde bulundu. G\u00fclcan K\u0131\u015f, AKP&#8217;nin yanl\u0131\u015f ekonomi politikalar\u0131 nedeniyle milyonlarca insan\u0131n temel g\u0131da ihtiya\u00e7lar\u0131n\u0131 bile kar\u015f\u0131layamaz h\u00e2le geldi\u011fini vurgulayarak, h\u00fck\u00fcmetin halk\u0131n ya\u015fad\u0131\u011f\u0131 ger\u00e7ekleri g\u00f6rmezden geldi\u011fini s\u00f6yledi.<\/p>\n\n\n\n<p><strong>&#8220;Asgari \u00dccret Sofra Kurmaya Yetmiyor&#8221;<\/strong><\/p>\n\n\n\n<p>Genel Kurul&#8217;da yapt\u0131\u011f\u0131 konu\u015fmada, T\u00fcrkiye&#8217;deki ekonomik krizin boyutlar\u0131na dikkat \u00e7eken CHP&#8217;li G\u00fclcan K\u0131\u015f, 4 ki\u015filik bir ailenin sadece yemek masraf\u0131n\u0131n ayl\u0131k 24.146 liray\u0131 buldu\u011funu, ancak asgari \u00fccretin 22.104 lira oldu\u011funu hat\u0131rlatt\u0131: &#8220;Milyonlarca insan, b\u0131rak\u0131n sa\u011fl\u0131kl\u0131 ya\u015famay\u0131, en temel g\u0131da ihtiya\u00e7lar\u0131n\u0131 bile kar\u015f\u0131layamaz h\u00e2le geldi. Bu tabloyu yaratan kim? Elbette ki yanl\u0131\u015f ekonomi politikalar\u0131n\u0131 y\u00fcr\u00fcten AKP iktidar\u0131d\u0131r&#8221; dedi.<\/p>\n\n\n\n<p><strong>&#8220;T\u00fcrkiye&#8217;de Asgari \u00dccret, Ortalama Maa\u015f H\u00e2line Geldi&#8221;<\/strong><\/p>\n\n\n\n<p>G\u00fclcan K\u0131\u015f, T\u00fcrkiye&#8217;de \u00e7al\u0131\u015fanlar\u0131n y\u00fczde 40&#8217;\u0131n\u0131n asgari \u00fccretle ge\u00e7inmek zorunda oldu\u011funu belirterek, &#8220;Avrupa&#8217;da bu oran y\u00fczde 4 ila 10 aras\u0131nda de\u011fi\u015firken, T\u00fcrkiye&#8217;de asgari \u00fccret, \u00e2deta ortalama maa\u015f h\u00e2line geldi. \u0130nsanlar, kiras\u0131n\u0131 m\u0131 \u00f6desin, faturas\u0131n\u0131 m\u0131 yat\u0131rs\u0131n, yoksa \u00e7ocu\u011funa s\u00fct m\u00fc als\u0131n?&#8221; diyerek h\u00fck\u00fcmete y\u00fcklendi.<\/p>\n\n\n\n<p><strong>&#8220;Vatanda\u015f\u0131 Yoksullu\u011fa Mahk\u00fbm Ettiniz, Belediyelerimize Engel Oluyorsunuz&#8221;<\/strong><\/p>\n\n\n\n<p>CHP Mersin Milletvekili G\u00fclcan K\u0131\u015f, CHP&#8217;li belediyelerin halk\u0131n yan\u0131nda durdu\u011funu vurgulayarak, &#8220;Vatanda\u015f\u0131na uygun fiyatl\u0131 yemek sunan, ekme\u011fe eri\u015fimini kolayla\u015ft\u0131ran, emekliye, \u00f6\u011frenciye ve ihtiya\u00e7 sahibi herkese sosyal destek sa\u011flayan Cumhuriyet Halk Partili Belediyelerimiz var. Ancak t\u00fcm bunlara ra\u011fmen belediyelerimiz engellenmek isteniyor, sosyal destekleri art\u0131ran belediyelerimize mali denetim ad\u0131 alt\u0131nda bask\u0131 yap\u0131l\u0131yor&#8221; ifadelerini kulland\u0131.<\/p>\n\n\n\n<p><strong>&#8220;K\u0131yma Almak \u0130\u00e7in Sabah\u0131n Erken Saatlerinde Kuyru\u011fa Giren Vatanda\u015flar\u0131m\u0131z Var&#8221;<\/strong><\/p>\n\n\n\n<p>Ekonomik kriz nedeniyle halk\u0131n temel g\u0131da \u00fcr\u00fcnlerine bile eri\u015fimde zorluk ya\u015fad\u0131\u011f\u0131n\u0131 belirten G\u00fclcan K\u0131\u015f, &#8220;Ucuz et ve ekmek kuyruklar\u0131 uzuyor, kasaplar art\u0131k l\u00fcks marketlere d\u00f6n\u00fc\u015fm\u00fc\u015f durumda. Sabah\u0131n erken saatlerinde k\u0131yma alabilmek i\u00e7in kuyruklara giren vatanda\u015flar\u0131m\u0131z var. Bu tablo, AKP iktidar\u0131n\u0131n eseridir&#8221; dedi.<\/p>\n\n\n\n<p><strong>&#8220;AKP ve MHP, Halk\u0131n Ya\u015fad\u0131\u011f\u0131 Sefaleti G\u00f6rmezden Geliyor&#8221;<\/strong><\/p>\n\n\n\n<p>Konu\u015fmas\u0131n\u0131n sonunda, ara\u015ft\u0131rma \u00f6nergesine destek verilmesi \u00e7a\u011fr\u0131s\u0131nda bulunan CHP Mersin Milletvekili G\u00fclcan K\u0131\u015f, &#8220;Ger\u00e7ekten halk\u0131n i\u00e7inde oldu\u011funuzu iddia ediyorsan\u0131z, buyurun bu \u00f6nergeye destek verin. Ama biliyoruz ki AKP ve MHP s\u0131ralar\u0131nda oturan milletvekillerimiz bu \u00f6nergeyi reddedip halk\u0131n ya\u015fad\u0131\u011f\u0131 sefaleti yine g\u00f6rmezden gelecekler&#8221; dedi.<\/p>\n\n\n\n<p>Cumhuriyet Halk Partisi olarak halk\u0131n al\u0131m g\u00fcc\u00fcn\u00fc art\u0131rmak ve ekonomiyi adil bir d\u00fczene oturtmak i\u00e7in m\u00fccadeleye devam edeceklerini vurgulayan CHP&#8217;li G\u00fclcan K\u0131\u015f, &#8220;\u0130ktidar \u00e7\u00f6z\u00fcm \u00fcretmek yerine pembe tablolar \u00e7izmeye devam ediyor ama biz halk\u0131n ger\u00e7ek sorunlar\u0131n\u0131 dile getirmeye, \u00e7\u00f6z\u00fcm i\u00e7in \u00e7al\u0131\u015fmaya devam edece\u011fiz&#8221; diyerek konu\u015fmas\u0131n\u0131 sonland\u0131rd\u0131.<\/p>\n","protected":false},"excerpt":{"rendered":"<p>CHP Mersin Milletvekili G\u00fclcan K\u0131\u015f, TBMM Genel Kurulu&#8217;nda yapt\u0131\u011f\u0131 konu\u015fmada, hayat pahal\u0131l\u0131\u011f\u0131 ve yoksulluk konusundaki ara\u015ft\u0131rma \u00f6nergesi \u00fczerine sert ele\u015ftirilerde bulundu. G\u00fclcan K\u0131\u015f, AKP&#8217;nin yanl\u0131\u015f ekonomi politikalar\u0131 nedeniyle milyonlarca insan\u0131n temel g\u0131da ihtiya\u00e7lar\u0131n\u0131 bile kar\u015f\u0131layamaz h\u00e2le geldi\u011fini vurgulayarak, h\u00fck\u00fcmetin halk\u0131n ya\u015fad\u0131\u011f\u0131 ger\u00e7ekleri g\u00f6rmezden geldi\u011fini s\u00f6yledi. &#8220;Asgari \u00dccret Sofra Kurmaya Yetmiyor&#8221; Genel Kurul&#8217;da yapt\u0131\u011f\u0131 konu\u015fmada, T\u00fcrkiye&#8217;deki [&hellip;]<\/p>\n","protected":false},"author":2,"featured_media":40256,"comment_status":"closed","ping_status":"closed","sticky":false,"template":"","format":"standard","meta":{"footnotes":""},"categories":[8,3],"tags":[],"class_list":["post-40333","post","type-post","status-publish","format-standard","has-post-thumbnail","hentry","category-ekonomi","category-manset"],"views":7,"_links":{"self":[{"href":"https:\/\/mersinkadingazetesi.com\/index.php?rest_route=\/wp\/v2\/posts\/40333"}],"collection":[{"href":"https:\/\/mersinkadingazetesi.com\/index.php?rest_route=\/wp\/v2\/posts"}],"about":[{"href":"https:\/\/mersinkadingazetesi.com\/index.php?rest_route=\/wp\/v2\/types\/post"}],"author":[{"embeddable":true,"href":"https:\/\/mersinkadingazetesi.com\/index.php?rest_route=\/wp\/v2\/users\/2"}],"replies":[{"embeddable":true,"href":"https:\/\/mersinkadingazetesi.com\/index.php?rest_route=%2Fwp%2Fv2%2Fcomments&post=40333"}],"version-history":[{"count":1,"href":"https:\/\/mersinkadingazetesi.com\/index.php?rest_route=\/wp\/v2\/posts\/40333\/revisions"}],"predecessor-version":[{"id":40334,"href":"https:\/\/mersinkadingazetesi.com\/index.php?rest_route=\/wp\/v2\/posts\/40333\/revisions\/40334"}],"wp:featuredmedia":[{"embeddable":true,"href":"https:\/\/mersinkadingazetesi.com\/index.php?rest_route=\/wp\/v2\/media\/40256"}],"wp:attachment":[{"href":"https:\/\/mersinkadingazetesi.com\/index.php?rest_route=%2Fwp%2Fv2%2Fmedia&parent=40333"}],"wp:term":[{"taxonomy":"category","embeddable":true,"href":"https:\/\/mersinkadingazetesi.com\/index.php?rest_route=%2Fwp%2Fv2%2Fcategories&post=40333"},{"taxonomy":"post_tag","embeddable":true,"href":"https:\/\/mersinkadingazetesi.com\/index.php?rest_route=%2Fwp%2Fv2%2Ftags&post=40333"}],"curies":[{"name":"wp","href":"https:\/\/api.w.org\/{rel}","templated":true}]}}