{"id":40338,"date":"2025-03-05T12:43:51","date_gmt":"2025-03-05T09:43:51","guid":{"rendered":"https:\/\/mersinkadingazetesi.com\/?p=40338"},"modified":"2025-03-05T12:43:51","modified_gmt":"2025-03-05T09:43:51","slug":"deva-partili-ekmen-milletimizin-gozu-onunde-seffaf-ve-demokratik-tartismalari-ne-zaman-yapacagiz","status":"publish","type":"post","link":"https:\/\/mersinkadingazetesi.com\/?p=40338","title":{"rendered":"DEVA Partili Ekmen: \u201cMilletimizin g\u00f6z\u00fc \u00f6n\u00fcnde \u015feffaf ve demokratik tart\u0131\u015fmalar\u0131 ne zaman yapaca\u011f\u0131z?\u00a0"},"content":{"rendered":"\n<p><strong>DEVA Partisi Genel Ba\u015fkan Yard\u0131mc\u0131s\u0131 ve Mersin Milletvekili Mehmet Emin Ekmen, T\u00fcrkiye B\u00fcy\u00fck Millet Meclisi (TBMM) Genel Kurulunda s\u00f6z alarak, MHP Genel Ba\u015fkan\u0131 Devlet Bah\u00e7eli&#8217;nin 1 Ekim 2024 tarihinden ba\u015flatt\u0131\u011f\u0131 giri\u015fimin geldi\u011fi nokta hakk\u0131nda konu\u015ftu.<\/strong><\/p>\n\n\n\n<p><strong>\u0130<\/strong><strong>mral\u0131 s\u00fcrecinde \u00f6nemli bir kritik e\u015fi\u011fi a\u015ft\u0131k<\/strong><\/p>\n\n\n\n<p>Ekmen, &#8220;Milliyet\u00e7i Hareket Partisi (MHP) Genel Ba\u015fkan\u0131 Say\u0131n Devlet Bah\u00e7eli&#8217;nin Meclis Genel Kurulu&#8217;nda 1 Ekim 2024 tarihinde ba\u015flatt\u0131\u011f\u0131 veya g\u00f6r\u00fcn\u00fcr k\u0131ld\u0131\u011f\u0131 s\u00fcre\u00e7te, bu hafta kritik bir e\u015fi\u011fi a\u015ft\u0131\u011f\u0131m\u0131z g\u00f6r\u00fcl\u00fcyor. Devletimizin daha \u00f6nce defalarca kez denedi\u011fi; d\u00fcnyada ise G\u00fcney Afrika&#8217;da, Avrupa&#8217;da, Asya&#8217;da denenmi\u015f ve \u00f6nemli sonu\u00e7lar vermi\u015f olan bu metadolojinin, bu defa ba\u015far\u0131l\u0131 olmas\u0131n\u0131 diliyoruz&#8221; diyerek s\u00fcrecin \u00f6nemine de\u011findi.<\/p>\n\n\n\n<p><strong>Meclisimizi geli\u015fmeler hakk\u0131nda bilgilendirmeyi ne zaman d\u00fc\u015f\u00fcn\u00fcyorsunuz<\/strong><strong>?&nbsp;<\/strong><\/p>\n\n\n\n<p>TBMM&#8217;nin \u00f6nemini vurgulayan ve bu konuda AK Partili milletvekillerine seslenen Ekmen,&nbsp;&#8220;1 Ekim\u2019den bu yana Say\u0131n Devlet Bah\u00e7eli konu\u015fmalar\u0131nda tam 11 kez ve 5 sayfa s\u00fcrecek kadar demokratikle\u015fme ve siyasi alan\u0131n\u0131n geni\u015flemesine ve &nbsp;T\u00fcrkiye B\u00fcy\u00fck Millet Meclisinin \u00f6nemine de\u011finmi\u015ftir. Cumhurba\u015fkan\u0131 Say\u0131n Erdo\u011fan da tam 8 ayr\u0131 konu\u015fmas\u0131nda, 3 sayfa yer alacak kadar demokratikle\u015fme, reform konular\u0131na de\u011finmi\u015f ve T\u00fcrkiye B\u00fcy\u00fck Millet Meclisine dikkat \u00e7ekmi\u015ftir. Buna ek olarak, AK Parti&#8217;nin 8. Ola\u011fan B\u00fcy\u00fck Kongresi&#8217;nde Say\u0131n Erdo\u011fan; ekonomik d\u00f6n\u00fc\u015f\u00fcm, ye\u015fil d\u00f6n\u00fc\u015f\u00fcm, sosyal politikalar, temel haklar ve siyasi d\u00fczenlemeler kapsam\u0131nda 5 reform paketinden bahsetmi\u015ftir. AK Partili arkada\u015flara sesleniyoruz: T\u00fcrkiye B\u00fcy\u00fck Millet Meclisi dedi\u011finiz gibi \u00f6nemli bir yer ise, ki \u00f6yle,&nbsp;Meclisi ne zaman devreye almay\u0131 d\u00fc\u015f\u00fcn\u00fcyorsunuz? Meclisimizi geli\u015fmeler hakk\u0131nda bilgilendirmeyi ne zaman d\u00fc\u015f\u00fcn\u00fcyorsunuz? Bahsedilen siyasal reformlar\u0131 ve \u00f6nemli ad\u0131mlar\u0131 T\u00fcrkiye B\u00fcy\u00fck Millet Meclisinde ne zaman g\u00fcndeme ta\u015f\u0131may\u0131 d\u00fc\u015f\u00fcn\u00fcyorsunuz? Milletimizin g\u00f6z\u00fc \u00f6n\u00fcnde \u015feffaf, \u00e7o\u011fulcu, demokratik tart\u0131\u015fmalar\u0131 ne zaman yapaca\u011f\u0131z?&#8221; ifadelerinde bulundu.<\/p>\n","protected":false},"excerpt":{"rendered":"<p>DEVA Partisi Genel Ba\u015fkan Yard\u0131mc\u0131s\u0131 ve Mersin Milletvekili Mehmet Emin Ekmen, T\u00fcrkiye B\u00fcy\u00fck Millet Meclisi (TBMM) Genel Kurulunda s\u00f6z alarak, MHP Genel Ba\u015fkan\u0131 Devlet Bah\u00e7eli&#8217;nin 1 Ekim 2024 tarihinden ba\u015flatt\u0131\u011f\u0131 giri\u015fimin geldi\u011fi nokta hakk\u0131nda konu\u015ftu. \u0130mral\u0131 s\u00fcrecinde \u00f6nemli bir kritik e\u015fi\u011fi a\u015ft\u0131k Ekmen, &#8220;Milliyet\u00e7i Hareket Partisi (MHP) Genel Ba\u015fkan\u0131 Say\u0131n Devlet Bah\u00e7eli&#8217;nin Meclis Genel Kurulu&#8217;nda [&hellip;]<\/p>\n","protected":false},"author":2,"featured_media":40339,"comment_status":"closed","ping_status":"closed","sticky":false,"template":"","format":"standard","meta":{"footnotes":""},"categories":[3],"tags":[],"class_list":["post-40338","post","type-post","status-publish","format-standard","has-post-thumbnail","hentry","category-manset"],"views":3,"_links":{"self":[{"href":"https:\/\/mersinkadingazetesi.com\/index.php?rest_route=\/wp\/v2\/posts\/40338"}],"collection":[{"href":"https:\/\/mersinkadingazetesi.com\/index.php?rest_route=\/wp\/v2\/posts"}],"about":[{"href":"https:\/\/mersinkadingazetesi.com\/index.php?rest_route=\/wp\/v2\/types\/post"}],"author":[{"embeddable":true,"href":"https:\/\/mersinkadingazetesi.com\/index.php?rest_route=\/wp\/v2\/users\/2"}],"replies":[{"embeddable":true,"href":"https:\/\/mersinkadingazetesi.com\/index.php?rest_route=%2Fwp%2Fv2%2Fcomments&post=40338"}],"version-history":[{"count":1,"href":"https:\/\/mersinkadingazetesi.com\/index.php?rest_route=\/wp\/v2\/posts\/40338\/revisions"}],"predecessor-version":[{"id":40340,"href":"https:\/\/mersinkadingazetesi.com\/index.php?rest_route=\/wp\/v2\/posts\/40338\/revisions\/40340"}],"wp:featuredmedia":[{"embeddable":true,"href":"https:\/\/mersinkadingazetesi.com\/index.php?rest_route=\/wp\/v2\/media\/40339"}],"wp:attachment":[{"href":"https:\/\/mersinkadingazetesi.com\/index.php?rest_route=%2Fwp%2Fv2%2Fmedia&parent=40338"}],"wp:term":[{"taxonomy":"category","embeddable":true,"href":"https:\/\/mersinkadingazetesi.com\/index.php?rest_route=%2Fwp%2Fv2%2Fcategories&post=40338"},{"taxonomy":"post_tag","embeddable":true,"href":"https:\/\/mersinkadingazetesi.com\/index.php?rest_route=%2Fwp%2Fv2%2Ftags&post=40338"}],"curies":[{"name":"wp","href":"https:\/\/api.w.org\/{rel}","templated":true}]}}