{"id":40344,"date":"2025-03-05T16:19:37","date_gmt":"2025-03-05T13:19:37","guid":{"rendered":"https:\/\/mersinkadingazetesi.com\/?p=40344"},"modified":"2025-03-05T16:19:38","modified_gmt":"2025-03-05T13:19:38","slug":"yenisehir-belediyesinden-8-marta-ozel-dolu-dolu-etkinlik-programi","status":"publish","type":"post","link":"https:\/\/mersinkadingazetesi.com\/?p=40344","title":{"rendered":"Yeni\u015fehir Belediyesinden 8 Mart\u2019a \u00f6zel dolu dolu etkinlik program\u0131"},"content":{"rendered":"\n<p>Mersin Yeni\u015fehir Belediyesi, 8 Mart D\u00fcnya Emek\u00e7i Kad\u0131nlar G\u00fcn\u00fc nedeniyle panel, sergi, konser, \u015fiir dinletileri, imza g\u00fcn\u00fc, defile ve s\u00f6yle\u015filerden olu\u015fan bir dizi etkinlik program\u0131 haz\u0131rlad\u0131. Yeni\u015fehir Belediye Ba\u015fkan\u0131 Abdullah \u00d6zyi\u011fit, 6- 8 Mart tarihleri aras\u0131nda d\u00fczenlenecek etkinliklere Mersinlileri davet etti.<\/p>\n\n\n\n<p>Mersin Yeni\u015fehir Belediyesi, 8 Mart D\u00fcnya Emek\u00e7i Kad\u0131nlar G\u00fcn\u00fc kapsam\u0131nda kad\u0131n sanat\u00e7\u0131lar\u0131n ve sivil toplum kurulu\u015flar\u0131n\u0131n deste\u011fi ve kat\u0131l\u0131m\u0131yla Yeni\u015fehir Belediyesi Atat\u00fcrk K\u00fclt\u00fcr Merkezinde birbirinden anlaml\u0131 etkinlikleri Mersinlilerle bulu\u015fturacak.<\/p>\n\n\n\n<p>Yeni\u015fehir\u2019deki etkinlikler, 6 Mart Per\u015fembe g\u00fcn\u00fc saat 20.00\u2019de \u201cD\u00fcnden Bug\u00fcne Kad\u0131n\u201d kost\u00fcml\u00fc defile ile ba\u015flayacak. Oyuncu Do\u011fa Bekleriz\u2019in \u00f6nc\u00fcl\u00fc\u011f\u00fcnde ger\u00e7ekle\u015ftirilecek defilede Beyaz Melekler Ritim Grubu da sahne alarak, performans\u0131n\u0131 sergileyecek. &nbsp;7 Mart Cuma g\u00fcn\u00fc ise saat 14.00\u2019te ba\u015flayacak olan sergi, \u015fiir dinletileri, imza g\u00fcn\u00fc ile \u015fair ve yazar bulu\u015fmalar\u0131 etkinlikleri, saat 20.00\u2019de sanat\u00e7\u0131 Ay\u015feg\u00fcl Zaim konseri ile devam edecek.<\/p>\n\n\n\n<p>Yeni\u015fehir Belediyesi ve Mersin \u00dcniversitesi i\u015f birli\u011fiyle hayata ge\u00e7irilen \u201c0-6 Ya\u015f Sa\u011fl\u0131k Geli\u015fim Modeli\u201d projesinin ilk paneli olan \u201cSa\u011fl\u0131kl\u0131 Anneler Sa\u011fl\u0131kl\u0131 Nesiller Paneli\u201d 8 Mart Cumartesi g\u00fcn\u00fc saat 11.00\u2019de d\u00fczenlenecek. &nbsp;Prof. Dr. Derya Karpuz\u2019un moderat\u00f6rl\u00fc\u011f\u00fcnde 8 Mart D\u00fcnya Emek\u00e7i Kad\u0131nlar G\u00fcn\u00fc kapsam\u0131nda yap\u0131lacak panelde, Do\u00e7.Dr. G\u00fclen G\u00fcler, Do\u00e7. Dr. H\u00fcseyin Durukan, Do\u00e7. Dr. Derya Duman, Do\u00e7. Dr. Ay\u015fe Orman, Uzman Dr. Fadime \u0130lden ve Uzman Dr. Pelin G\u00fclen konu\u015fma olarak yer alacak.<\/p>\n\n\n\n<p><strong>\u201cKad\u0131nlar\u0131n eme\u011fini, m\u00fccadelesini ve haklar\u0131n\u0131 her zaman savunmaya devam edece\u011fiz.\u201d<\/strong><\/p>\n\n\n\n<p>8 Mart D\u00fcnya Emek\u00e7i Kad\u0131nlar G\u00fcn\u00fc\u2019n\u00fc kutlayan Yeni\u015fehir Belediye Ba\u015fkan\u0131 Abdullah \u00d6zyi\u011fit, \u201cKad\u0131nlar\u0131n eme\u011fi, m\u00fccadelesi ve varl\u0131\u011f\u0131, hayat\u0131n her alan\u0131nda de\u011fi\u015fimin ve d\u00f6n\u00fc\u015f\u00fcm\u00fcn en b\u00fcy\u00fck g\u00fcc\u00fcd\u00fcr.&nbsp; Yeni\u015fehir Belediyesi olarak, kad\u0131nlar\u0131n e\u015fit haklara sahip oldu\u011fu, \u015fiddetten ve ayr\u0131mc\u0131l\u0131ktan uzak, \u00f6zg\u00fcr ve g\u00fc\u00e7l\u00fc bireyler olarak ya\u015famlar\u0131n\u0131 s\u00fcrd\u00fcrebildikleri bir kent in\u015fa etmek i\u00e7in \u00e7al\u0131\u015f\u0131yoruz. Kad\u0131nlar\u0131n ekonomik, sosyal ve k\u00fclt\u00fcrel ya\u015famda daha aktif ve g\u00fc\u00e7l\u00fc olmalar\u0131 ad\u0131na projeler \u00fcretiyor, e\u011fitimden istihdama, sanattan spora her alanda yanlar\u0131nda oluyoruz. Hayat\u0131n her alan\u0131nda \u00fcreten, direnen ve toplumu ileriye ta\u015f\u0131yan t\u00fcm kad\u0131nlar\u0131 sayg\u0131yla selaml\u0131yorum. Kad\u0131nlar\u0131n eme\u011fini, m\u00fccadelesini ve haklar\u0131n\u0131 her zaman savunmaya devam edece\u011fiz. Ba\u015fta Yeni\u015fehirli kad\u0131nlar olmak \u00fczere, t\u00fcm kad\u0131nlar\u0131n 8 Mart D\u00fcnya Emek\u00e7i Kad\u0131nlar G\u00fcn\u00fc\u2019n\u00fc kutluyor, e\u015fit, adil ve umut dolu bir gelecek diliyorum.\u201d ifadelerini kulland\u0131.<\/p>\n","protected":false},"excerpt":{"rendered":"<p>Mersin Yeni\u015fehir Belediyesi, 8 Mart D\u00fcnya Emek\u00e7i Kad\u0131nlar G\u00fcn\u00fc nedeniyle panel, sergi, konser, \u015fiir dinletileri, imza g\u00fcn\u00fc, defile ve s\u00f6yle\u015filerden olu\u015fan bir dizi etkinlik program\u0131 haz\u0131rlad\u0131. Yeni\u015fehir Belediye Ba\u015fkan\u0131 Abdullah \u00d6zyi\u011fit, 6- 8 Mart tarihleri aras\u0131nda d\u00fczenlenecek etkinliklere Mersinlileri davet etti. Mersin Yeni\u015fehir Belediyesi, 8 Mart D\u00fcnya Emek\u00e7i Kad\u0131nlar G\u00fcn\u00fc kapsam\u0131nda kad\u0131n sanat\u00e7\u0131lar\u0131n ve sivil [&hellip;]<\/p>\n","protected":false},"author":2,"featured_media":40345,"comment_status":"closed","ping_status":"closed","sticky":false,"template":"","format":"standard","meta":{"footnotes":""},"categories":[3],"tags":[],"class_list":["post-40344","post","type-post","status-publish","format-standard","has-post-thumbnail","hentry","category-manset"],"views":7,"_links":{"self":[{"href":"https:\/\/mersinkadingazetesi.com\/index.php?rest_route=\/wp\/v2\/posts\/40344"}],"collection":[{"href":"https:\/\/mersinkadingazetesi.com\/index.php?rest_route=\/wp\/v2\/posts"}],"about":[{"href":"https:\/\/mersinkadingazetesi.com\/index.php?rest_route=\/wp\/v2\/types\/post"}],"author":[{"embeddable":true,"href":"https:\/\/mersinkadingazetesi.com\/index.php?rest_route=\/wp\/v2\/users\/2"}],"replies":[{"embeddable":true,"href":"https:\/\/mersinkadingazetesi.com\/index.php?rest_route=%2Fwp%2Fv2%2Fcomments&post=40344"}],"version-history":[{"count":1,"href":"https:\/\/mersinkadingazetesi.com\/index.php?rest_route=\/wp\/v2\/posts\/40344\/revisions"}],"predecessor-version":[{"id":40346,"href":"https:\/\/mersinkadingazetesi.com\/index.php?rest_route=\/wp\/v2\/posts\/40344\/revisions\/40346"}],"wp:featuredmedia":[{"embeddable":true,"href":"https:\/\/mersinkadingazetesi.com\/index.php?rest_route=\/wp\/v2\/media\/40345"}],"wp:attachment":[{"href":"https:\/\/mersinkadingazetesi.com\/index.php?rest_route=%2Fwp%2Fv2%2Fmedia&parent=40344"}],"wp:term":[{"taxonomy":"category","embeddable":true,"href":"https:\/\/mersinkadingazetesi.com\/index.php?rest_route=%2Fwp%2Fv2%2Fcategories&post=40344"},{"taxonomy":"post_tag","embeddable":true,"href":"https:\/\/mersinkadingazetesi.com\/index.php?rest_route=%2Fwp%2Fv2%2Ftags&post=40344"}],"curies":[{"name":"wp","href":"https:\/\/api.w.org\/{rel}","templated":true}]}}