{"id":40356,"date":"2025-03-06T10:19:27","date_gmt":"2025-03-06T07:19:27","guid":{"rendered":"https:\/\/mersinkadingazetesi.com\/?p=40356"},"modified":"2025-03-06T10:19:29","modified_gmt":"2025-03-06T07:19:29","slug":"baskan-secer-yerel-esitlik-eylem-plani-bir-irade-dunya-gorusu-ve-bakis-acisidir","status":"publish","type":"post","link":"https:\/\/mersinkadingazetesi.com\/?p=40356","title":{"rendered":"BA\u015eKAN SE\u00c7ER: &#8220;YEREL E\u015e\u0130TL\u0130K EYLEM PLANI; B\u0130R \u0130RADE, D\u00dcNYA G\u00d6R\u00dc\u015e\u00dc VE BAKI\u015e A\u00c7ISIDIR&#8221;"},"content":{"rendered":"\n<p>Mersin B\u00fcy\u00fck\u015fehir Belediyesi, toplumsal cinsiyet e\u015fitli\u011fini sa\u011flamak ve kentsel hizmetlere eri\u015fimde f\u0131rsat e\u015fitli\u011fi yaratmak amac\u0131yla haz\u0131rlad\u0131\u011f\u0131&nbsp;<strong>&#8216;Yerel E\u015fitlik Eylem Plan\u0131&#8217;<\/strong>&nbsp;kapsam\u0131nda \u00e7al\u0131\u015fmalar\u0131na devam ediyor. Bu kapsamda, Mersin B\u00fcy\u00fck\u015fehir Belediye Ba\u015fkan\u0131 Vahap Se\u00e7er ve Meral Se\u00e7er, Mersin B\u00fcy\u00fck\u015fehir Belediyesi Kongre ve Sergi Saray\u0131 Meclis Salonu&#8217;nda d\u00fczenlenen&nbsp;<strong>&#8216;Yerel E\u015fitlik Eylem Plan\u0131 \u0130zleme ve De\u011ferlendirme Program\u0131&#8217;<\/strong>na kat\u0131ld\u0131.<\/p>\n\n\n\n<p>Mersin B\u00fcy\u00fck\u015fehir Belediyesi&#8217;nin hizmetlerinin anlat\u0131ld\u0131\u011f\u0131&nbsp;<strong>&#8216;Ne Akla Hizmet&#8217;<\/strong>&nbsp;video g\u00f6steriminin ard\u0131ndan Kad\u0131n ve Aile Hizmetleri Dairesi Ba\u015fkan\u0131 \u015eerife Haso\u011flu Dokucu a\u00e7\u0131l\u0131\u015f konu\u015fmas\u0131n\u0131 ger\u00e7ekle\u015ftirdi. Dokucu, Yerel E\u015fitlik Eylem Plan\u0131 2025 \u0130zleme ve De\u011ferlendirme Program\u0131&#8217;nda; 2019 y\u0131l\u0131nda kurulan Kad\u0131n ve Aile Hizmetleri Dairesi&#8217;nin bug\u00fcne kadar toplam 34 hizmet birimiyle vatanda\u015flar i\u00e7in pek \u00e7ok projeye imza att\u0131klar\u0131n\u0131, kurulduklar\u0131 ilk y\u0131l Yerel E\u015fitlik Eylem Plan\u0131 \u00e7al\u0131\u015fmalar\u0131na ba\u015flad\u0131klar\u0131n\u0131 ve \u00e7al\u0131\u015fmalar\u0131n t\u00fcm\u00fcn\u00fcn toplumsal cinsiyet e\u015fitli\u011fine duyarl\u0131 \u00e7al\u0131\u015fmalar oldu\u011funu ifade etti. Dokucu, yapt\u0131\u011f\u0131 sunumda; Kad\u0131n ve Aile Hizmetleri Dairesi Ba\u015fkanl\u0131\u011f\u0131&#8217;n\u0131n faaliyet g\u00f6sterdi\u011fi hizmet alanlar\u0131 hakk\u0131nda kat\u0131l\u0131mc\u0131lara detayl\u0131 bilgi vererek, \u00e7al\u0131\u015fmalar\u0131n artarak devam edece\u011fini s\u00f6yledi.<\/p>\n\n\n\n<p><strong>Ba\u015fkan Se\u00e7er: &#8220;Halk\u0131m\u0131z bizi seviyor ve bize g\u00fcveniyor&#8221;<\/strong><\/p>\n\n\n\n<p>Yerel E\u015fitlik Eylem Plan\u0131 program\u0131nda konu\u015fan Ba\u015fkan Se\u00e7er, kad\u0131n, \u00e7ocuk ve aile kavram\u0131 \u00fczerine \u00e7al\u0131\u015fmalara 2019 se\u00e7im d\u00f6nemi \u00f6ncesinde ba\u015flad\u0131klar\u0131n\u0131 ve&nbsp;<strong><em>&#8216;Mersin&#8217;de, toplumcu ve halk\u00e7\u0131 belediyecilik yapaca\u011f\u0131z, Mersin \u00fczerindeki o \u00f6l\u00fc topra\u011f\u0131n\u0131 ortadan kald\u0131raca\u011f\u0131z, Mersin&#8217;i \u00f6zg\u00fcrl\u00fckler ve mutluluk kenti; kad\u0131n, \u00e7ocuk ve dezavantajl\u0131 gruplar\u0131n kenti yapaca\u011f\u0131z&#8217;<\/em>&nbsp;<\/strong>diyerek yola \u00e7\u0131kt\u0131klar\u0131n\u0131 s\u00f6yledi. Bu do\u011frultudakendilerinden emin bir \u015fekilde de \u00e7al\u0131\u015fmaya devam ettiklerini kaydeden Se\u00e7er,&nbsp;<strong>&#8220;Kendimizden emin oldu\u011fumuz i\u00e7in de halkla bar\u0131\u015f\u0131\u011f\u0131z, halka da o enerjiyi veriyoruz. Y\u00fcre\u011fimizdeki o samimi, berrak ve duru sevgiyi veriyoruz. Onun i\u00e7in halk\u0131m\u0131z da bizi seviyor, bize g\u00fcveniyor ve inan\u0131yor. Mersin halk\u0131na bu ilgisi, alakas\u0131, g\u00fcveni i\u00e7in \u00e7ok te\u015fekk\u00fcr ediyoruz. Bu durum bizi daha \u00e7ok ve daha disiplinli \u00e7al\u0131\u015fmaya sevk ediyor ve bizim enerji kayna\u011f\u0131m\u0131z oluyor&#8221;<\/strong>&nbsp;diye konu\u015ftu.<\/p>\n\n\n\n<p><strong>&#8220;Yerel E\u015fitlik Eylem Plan\u0131; bir irade, d\u00fcnya g\u00f6r\u00fc\u015f\u00fc ve bak\u0131\u015f a\u00e7\u0131s\u0131d\u0131r&#8221;<\/strong><\/p>\n\n\n\n<p>Yerel E\u015fitlik Eylem Plan\u0131&#8217;n\u0131n kendileri i\u00e7in, siyaseten ve \u015fekil \u015fart\u0131n\u0131 yerine getirmek i\u00e7in yap\u0131lm\u0131\u015f i\u015f ve eylemler olmad\u0131\u011f\u0131na dikkat \u00e7eken Se\u00e7er,<strong>&nbsp;&#8220;Bu bir irade, d\u00fcnya g\u00f6r\u00fc\u015f\u00fc ve bak\u0131\u015f a\u00e7\u0131s\u0131. Bir projenin yap\u0131lmas\u0131, hayata ge\u00e7irilmesi \u00f6nemlidir ama as\u0131l \u00f6nemlisi sonu\u00e7 almakt\u0131r. Ben belediye ba\u015fkan\u0131 olarak soka\u011fa \u00e7\u0131kt\u0131\u011f\u0131m zaman bunun neticesini g\u00f6r\u00fcyorum&#8221;&nbsp;<\/strong>dedi.<\/p>\n\n\n\n<p>B\u00fcy\u00fck\u015fehir Belediye Ba\u015fkan\u0131 olarak zaman zaman pazar ve \u00e7ar\u015f\u0131 gezileri yapt\u0131\u011f\u0131ndan da s\u00f6z eden Se\u00e7er, soka\u011fa \u00e7\u0131kabilen ve halk\u0131n aras\u0131nda olabilen bir belediye ba\u015fkan\u0131 olman\u0131n da \u00f6nemine dikkat \u00e7ekti. Ger\u00e7ekle\u015ftirdi\u011fi pazar ziyaretlerinde halktan ald\u0131\u011f\u0131 olumlu tepkileri de kat\u0131l\u0131mc\u0131larla payla\u015fan Se\u00e7er, vatanda\u015flar\u0131n sunulan hizmetlerden dolay\u0131 kendisine te\u015fekk\u00fcr etti\u011fini belirterek&nbsp;<strong>&#8220;Asl\u0131nda bana de\u011fil, Ulu \u00d6nder Mustafa Kemal Atat\u00fcrk&#8217;\u00fcn kurdu\u011fu laik, demokratik ve sosyal hukuk devletine te\u015fekk\u00fcr ediyor. Bizler arac\u0131y\u0131z&#8221;&nbsp;<\/strong>diye belirtti. Se\u00e7er, vatanda\u015flara sunduklar\u0131 hizmetlerin, asl\u0131nda yine vatanda\u015flar\u0131n \u00f6dedi\u011fi vergilerle hayata ge\u00e7irildi\u011fine de\u011finerek,&nbsp;<strong>&#8220;\u00d6nceki g\u00fcn iftarda Toroslar&#8217;da yan\u0131mda bir kad\u0131n oturuyordu ve;&nbsp;<em>&#8216;Ba\u015fkan\u0131m kesene bereket.&#8217;&nbsp;<\/em>dedi. Ben de;&nbsp;<em>&#8216;Senin kesene bereket&#8217;<\/em>&nbsp;dedim. Hepimizin kesesine bereket. Bunlar hepimizin vergileri ile oluyor. \u0130\u015fte proje, sonu\u00e7 almak ve toplumu memnun etmek budur&#8221;&nbsp;<\/strong>ifadelerine yer verdi.<\/p>\n\n\n\n<p><strong>&#8220;Belediye ba\u015fkan\u0131 b\u00fct\u00e7esini yaparken \u00f6nce vatanda\u015f\u0131n\u0131n mutlulu\u011funa bakacak&#8221;<\/strong><\/p>\n\n\n\n<p>B\u00fcy\u00fck\u015fehir Belediyesi&#8217;nin Mersinlileri mutlu edecek alt yap\u0131 ve \u00fcst yap\u0131 hizmetlerinin yan\u0131 s\u0131ra 100&#8217;den fazla sosyal politika i\u00e7erikli projesinin oldu\u011funu belirten ve halk\u00e7\u0131 belediyecili\u011fin sosyal belediyecilik ile m\u00fcmk\u00fcn oldu\u011funu dile getiren Se\u00e7er,&nbsp;<strong>&#8220;Gelir da\u011f\u0131l\u0131m\u0131nda adaletsizli\u011fin, yoksullu\u011fun en derin ya\u015fand\u0131\u011f\u0131 yerlerin ba\u015f\u0131nda Mersin ve Adana gelir. \u0130\u015fte b\u00f6yle kentlerde sosyal politikalar \u00f6ne ge\u00e7er. E\u011fer vatanda\u015f\u0131m\u0131n karn\u0131 doymuyorsa, ac\u0131s\u0131 dinmiyorsa, e\u011fitimini veremiyorsa neyleyim yolu, neyleyim park\u0131, neyleyim konseri. Belediye ba\u015fkan\u0131 b\u00fct\u00e7esini yaparken \u00f6nce vatanda\u015f\u0131n\u0131n mutlulu\u011funa bakacak&#8221;&nbsp;<\/strong>dedi.<\/p>\n\n\n\n<p><strong>&#8220;Toplumda Cumhuriyet tarihinde hi\u00e7 olmad\u0131\u011f\u0131 kadar derin yoksulluk ya\u015fan\u0131yor&#8221;<\/strong><\/p>\n\n\n\n<p>Se\u00e7er, ge\u00e7ti\u011fimiz y\u0131l sosyal politikalara destek i\u00e7in ayr\u0131lan b\u00fct\u00e7enin 830 milyon TL oldu\u011funu ve B\u00fcy\u00fck\u015fehir olarak ise toplumun ihtiya\u00e7lar\u0131n\u0131 \u00f6nceleyerek b\u00fct\u00e7e yapt\u0131klar\u0131n\u0131 belirterek,&nbsp;<strong>&#8220;Bu y\u0131l, sosyal politikalara ay\u0131rd\u0131\u011f\u0131m\u0131z pay\u0131 y\u00fczde 80 art\u0131rarak 1,5 milyar TL&#8217;ye \u00e7\u0131kard\u0131k. Ke\u015fke gerek olmasayd\u0131. Ancak, toplumda Cumhuriyet tarihinde hi\u00e7 olmad\u0131\u011f\u0131 kadar derin yoksulluk ya\u015fan\u0131yor. Ailelerde travma ya\u015fan\u0131yor. Siyasi makamlarda halka en yak\u0131n iki makam vard\u0131r. Bir muhtar, bir de belediye ba\u015fkan\u0131. Ne bakan ne milletvekili ne cumhurba\u015fkan\u0131 ne atanm\u0131\u015f b\u00fcrokratlar. Halk\u0131n ger\u00e7ek sorunlar\u0131n\u0131, ailelerin i\u00e7erisinde nelerin ya\u015fand\u0131\u011f\u0131n\u0131 bu iki makamdan daha iyi bilemez&#8221;&nbsp;<\/strong>diye konu\u015ftu.<\/p>\n\n\n\n<p><strong>&#8220;Aile Y\u0131l\u0131 ilan etmekle aileler ne korunuyor ne g\u00fc\u00e7leniyor&#8221;<\/strong><\/p>\n\n\n\n<p>Cumhurba\u015fkan\u0131 Recep Tayyip Erdo\u011fan taraf\u0131ndan 2025 y\u0131l\u0131n\u0131n&nbsp;<strong><em>&#8216;Aile Y\u0131l\u0131&#8217;<\/em><\/strong>ilan edilmesi \u00fczerine konu\u015fan Se\u00e7er, verilen bu karar\u0131n pratikte kar\u015f\u0131l\u0131k bulmad\u0131\u011f\u0131n\u0131n alt\u0131n\u0131 \u00e7izerek,&nbsp;<strong>&#8220;Aile y\u0131l\u0131 ilan etmekle aileler ne korunuyor ne de g\u00fc\u00e7leniyor. Bir taraftan aile y\u0131l\u0131 ilan ediliyor ancak bir taraftan da tasarruf tedbirleri kapsam\u0131nda Halk E\u011fitim Merkezlerinde kad\u0131nlar\u0131n meslek edindirme kurslar\u0131na son veriliyor. Bu \u00e7ok yanl\u0131\u015f bir karard\u0131r. H\u00fck\u00fcmetin bu karardan d\u00f6nmesi laz\u0131m. Bu konuda Sosyal Hizmetler Dairesi Ba\u015fkanl\u0131\u011f\u0131m\u0131z taraf\u0131ndan bir \u00e7al\u0131\u015fma yap\u0131l\u0131yor ve yak\u0131n zamanda kamuoyuyla da bunu payla\u015faca\u011f\u0131z&#8221;<\/strong>&nbsp;dedi.<\/p>\n\n\n\n<p><strong>&#8220;Kad\u0131nlar zincirleri k\u0131racak, aya\u011f\u0131ndaki prangalar\u0131 k\u0131r\u0131p atacak&#8221;<\/strong><\/p>\n\n\n\n<p>Kad\u0131nlar\u0131n \u00e7al\u0131\u015fmas\u0131n\u0131n \u00f6nemine de\u011finen ve onlar\u0131n kendi ba\u011f\u0131ms\u0131zl\u0131klar\u0131n\u0131 elde etmek istedi\u011fini dile getiren Se\u00e7er,&nbsp;<strong>&#8220;Kad\u0131nlar zincirleri k\u0131racak, aya\u011f\u0131ndaki prangalar\u0131 k\u0131r\u0131p atacak. Tart\u0131\u015fmas\u0131z.<\/strong>&nbsp;<strong>Kad\u0131na y\u00f6nelik \u015fiddetle ilgili y\u0131llard\u0131r Parlamentoda yasalar \u00e7\u0131k\u0131yor,&nbsp;<em>&#8216;Kad\u0131n Erkek E\u015fitli\u011fi Komisyonu&#8217;<\/em>,&nbsp;<em>&#8216;F\u0131rsat E\u015fitli\u011fi Komisyonu&#8217;<\/em>&nbsp;gibi komisyonlar toplan\u0131yor, \u00e7al\u0131\u015f\u0131yor ve da\u011f\u0131l\u0131yor, yasalar ger\u00e7ekle\u015fiyor ama uygulama yok. Her \u015fey ekonomiye dayan\u0131r. \u0130kincisi ise e\u011fitimdir. Ekonomi varsa e\u011fitim, sanat, hukuk devleti vard\u0131r. \u00d6nce kad\u0131nlar ayaklar\u0131n\u0131n \u00fczerinde duracak. \u0130\u015fte onun i\u00e7in diyoruz ki biz devletin bir kurumu olarak; evde gizli bir \u015fekilde oturmu\u015f o i\u015fg\u00fcc\u00fcn\u00fc, o potansiyeli, ger\u00e7ekten o engelleri a\u015fan, enerjisi olan, inanc\u0131 olan kad\u0131nlar\u0131n o enerjisini a\u00e7\u0131\u011fa \u00e7\u0131karmak i\u00e7in biz mar\u015f motoru vazifesi yapal\u0131m. Sistemin i\u015flemesine ilk hareketi biz verelim. Kad\u0131nlar \u00e7al\u0131\u015fs\u0131n, \u00fcretsin&#8221;<\/strong>&nbsp;ifadelerine yer verdi.<\/p>\n\n\n\n<p><strong>&#8220;Bug\u00fcn kentlerimizi y\u00f6netti\u011fimiz gibi yar\u0131n T\u00fcrkiye&#8217;yi de y\u00f6netiriz&#8221;<\/strong><\/p>\n\n\n\n<p>Sosyal belediyecilik anlay\u0131\u015f\u0131 ile belediyelerin vatanda\u015flar i\u00e7in proje ve hizmet \u00fcretmesi gerekti\u011fini aktaran Se\u00e7er, yap\u0131lan hizmetlerin&nbsp;<strong><em>&#8216;yard\u0131m&#8217;<\/em><\/strong>&nbsp;kapsam\u0131nda de\u011ferlendirilmemesi gerekti\u011fine dikkat \u00e7ekerek ,<strong>&#8220;Devlet yard\u0131m yapmaz katk\u0131 yapar, proje yapar ve mekanizmay\u0131 i\u015fletir. Biz belediyeler olarak da b\u00f6yle \u00e7al\u0131\u015fmak durumunday\u0131z. Belediyemiz de b\u00f6yle \u00e7al\u0131\u015f\u0131yor&#8221;<\/strong>&nbsp;dedi. Kent y\u00f6netiminde i\u015f birli\u011fi ve uzla\u015f\u0131 ile b\u00fct\u00fcn engellerin a\u015f\u0131laca\u011f\u0131n\u0131 s\u00f6yleyen Se\u00e7er, sorunlar\u0131n \u00e7\u00f6z\u00fcm\u00fcnde bu \u015fekilde hareket etmenin \u00f6nemine dikkat \u00e7ekerek&nbsp;<strong>&#8220;Umudunuzu kaybetmeyin. Bug\u00fcn b\u00f6yleyse yar\u0131n d\u00fczen de\u011fi\u015fir. Mahkeme kad\u0131ya m\u00fclk de\u011fildir. Herkes g\u00f6revini en iyi \u015fekilde yaparsa problem ortadan kalkar. Bug\u00fcn kentlerimizi y\u00f6netiyoruz, kentlerimizi y\u00f6netti\u011fimiz gibi yar\u0131n T\u00fcrkiye&#8217;yi de y\u00f6netiriz. Bu yetenekte, birikimde, liyakatta, karal\u0131l\u0131kta, azimde, vatanseverlikte ve yurtseverlikteyiz&#8221;<\/strong>&nbsp;dedi. Mustafa Kemal Atat\u00fcrk&#8217;\u00fcn&nbsp;<strong><em>&#8216;Vatan\u0131n en \u00e7ok seven, vazifesini en iyi yapand\u0131r&#8217;<\/em><\/strong>&nbsp;s\u00f6zleriyle c\u00fcmlelerini, s\u00fcrd\u00fcren Se\u00e7er,&nbsp;<strong>&#8220;Biz de vazifemizi en iyi \u015fekilde yap\u0131yoruz. Atam\u0131z\u0131 seviyoruz ve O&#8217;nun yolundan gidiyoruz&#8221;<\/strong>&nbsp;diye konu\u015ftu.<\/p>\n\n\n\n<p><strong>Sosyal Politikalar Ofisi&#8217;nin \u00e7al\u0131\u015fmalar\u0131 anlat\u0131ld\u0131<\/strong><\/p>\n\n\n\n<p>Ba\u015fkan Se\u00e7er&#8217;in konu\u015fmas\u0131n\u0131n ard\u0131ndan ise yoksulluk \u00fczerine uzun y\u0131llard\u0131r \u00e7al\u0131\u015fmalar yapan Sosyal Politikalar Ofisi Genel Koordinat\u00f6r\u00fc Hacer Foggo ve Sosyal Politikalar Ofisi Program Y\u00fcr\u00fct\u00fcc\u00fcs\u00fc Melek Bahat taraf\u0131ndan Sosyal Politikalar Ofisi sunumu ger\u00e7ekle\u015ftirildi. Foggo yapt\u0131\u011f\u0131 konu\u015fmada \u00fclkedeki derin yoksullu\u011fun yol a\u00e7t\u0131\u011f\u0131 sorunlar\u0131 aktar\u0131rken; Bahat ise Sosyal Politikalar Ofisi&#8217;nin yereldeki gereksinimleri nas\u0131l kar\u015f\u0131lad\u0131\u011f\u0131n\u0131 aktard\u0131. Yerel Y\u00f6netim Uzman\u0131 Bahar \u00d6zden ise Mersin B\u00fcy\u00fck\u015fehir Belediyesi&#8217;nin yerel e\u015fitlik kapsam\u0131nda g\u00fczel \u00e7al\u0131\u015fmalar yapt\u0131\u011f\u0131n\u0131 ve bu \u00e7al\u0131\u015fmalar\u0131n titizlikle hayata ge\u00e7irildi\u011fini g\u00f6zlemlediklerini vurgulad\u0131.<\/p>\n","protected":false},"excerpt":{"rendered":"<p>Mersin B\u00fcy\u00fck\u015fehir Belediyesi, toplumsal cinsiyet e\u015fitli\u011fini sa\u011flamak ve kentsel hizmetlere eri\u015fimde f\u0131rsat e\u015fitli\u011fi yaratmak amac\u0131yla haz\u0131rlad\u0131\u011f\u0131&nbsp;&#8216;Yerel E\u015fitlik Eylem Plan\u0131&#8217;&nbsp;kapsam\u0131nda \u00e7al\u0131\u015fmalar\u0131na devam ediyor. Bu kapsamda, Mersin B\u00fcy\u00fck\u015fehir Belediye Ba\u015fkan\u0131 Vahap Se\u00e7er ve Meral Se\u00e7er, Mersin B\u00fcy\u00fck\u015fehir Belediyesi Kongre ve Sergi Saray\u0131 Meclis Salonu&#8217;nda d\u00fczenlenen&nbsp;&#8216;Yerel E\u015fitlik Eylem Plan\u0131 \u0130zleme ve De\u011ferlendirme Program\u0131&#8217;na kat\u0131ld\u0131. Mersin B\u00fcy\u00fck\u015fehir Belediyesi&#8217;nin hizmetlerinin [&hellip;]<\/p>\n","protected":false},"author":2,"featured_media":40357,"comment_status":"closed","ping_status":"closed","sticky":false,"template":"","format":"standard","meta":{"footnotes":""},"categories":[3],"tags":[],"class_list":["post-40356","post","type-post","status-publish","format-standard","has-post-thumbnail","hentry","category-manset"],"views":4,"_links":{"self":[{"href":"https:\/\/mersinkadingazetesi.com\/index.php?rest_route=\/wp\/v2\/posts\/40356"}],"collection":[{"href":"https:\/\/mersinkadingazetesi.com\/index.php?rest_route=\/wp\/v2\/posts"}],"about":[{"href":"https:\/\/mersinkadingazetesi.com\/index.php?rest_route=\/wp\/v2\/types\/post"}],"author":[{"embeddable":true,"href":"https:\/\/mersinkadingazetesi.com\/index.php?rest_route=\/wp\/v2\/users\/2"}],"replies":[{"embeddable":true,"href":"https:\/\/mersinkadingazetesi.com\/index.php?rest_route=%2Fwp%2Fv2%2Fcomments&post=40356"}],"version-history":[{"count":1,"href":"https:\/\/mersinkadingazetesi.com\/index.php?rest_route=\/wp\/v2\/posts\/40356\/revisions"}],"predecessor-version":[{"id":40358,"href":"https:\/\/mersinkadingazetesi.com\/index.php?rest_route=\/wp\/v2\/posts\/40356\/revisions\/40358"}],"wp:featuredmedia":[{"embeddable":true,"href":"https:\/\/mersinkadingazetesi.com\/index.php?rest_route=\/wp\/v2\/media\/40357"}],"wp:attachment":[{"href":"https:\/\/mersinkadingazetesi.com\/index.php?rest_route=%2Fwp%2Fv2%2Fmedia&parent=40356"}],"wp:term":[{"taxonomy":"category","embeddable":true,"href":"https:\/\/mersinkadingazetesi.com\/index.php?rest_route=%2Fwp%2Fv2%2Fcategories&post=40356"},{"taxonomy":"post_tag","embeddable":true,"href":"https:\/\/mersinkadingazetesi.com\/index.php?rest_route=%2Fwp%2Fv2%2Ftags&post=40356"}],"curies":[{"name":"wp","href":"https:\/\/api.w.org\/{rel}","templated":true}]}}