{"id":40359,"date":"2025-03-06T10:20:48","date_gmt":"2025-03-06T07:20:48","guid":{"rendered":"https:\/\/mersinkadingazetesi.com\/?p=40359"},"modified":"2025-03-06T10:20:48","modified_gmt":"2025-03-06T07:20:48","slug":"akdeniz-kaymakami-ve-belediye-baskan-v-zeyit-senerden-onkoloji-hastalarina-anlamli-ziyaret","status":"publish","type":"post","link":"https:\/\/mersinkadingazetesi.com\/?p=40359","title":{"rendered":"AKDEN\u0130Z KAYMAKAMI VE BELED\u0130YE BA\u015eKAN V. ZEY\u0130T \u015eENER\u2019DEN ONKOLOJ\u0130 HASTALARINA ANLAMLI Z\u0130YARET"},"content":{"rendered":"\n<p>Akdeniz Kaymakam\u0131 ve Akdeniz Belediye Ba\u015fkan V. Zeyit \u015eener, Akdeniz il\u00e7esinde ikamet eden ve Kad\u0131n ve Aile Hizmetleri M\u00fcd\u00fcrl\u00fc\u011f\u00fc taraf\u0131ndan sunulan &#8220;Onko-B\u00fcs Hizmeti&#8221;nden faydalanan onkoloji hastalar\u0131n\u0131 ziyaret etti. Ger\u00e7ekle\u015ftirdi\u011fi ziyaret s\u0131ras\u0131nda hasta ve yak\u0131nlar\u0131yla yak\u0131ndan ilgilenen Ba\u015fkan V. \u015eener, onlar\u0131n taleplerini dinleyerek ge\u00e7mi\u015f olsun dileklerinde bulundu.<\/p>\n\n\n\n<p>Ziyaret s\u0131ras\u0131nda onkoloji hastalar\u0131 ve aileleri, Akdeniz Belediyesi taraf\u0131ndan sa\u011flanan \u00fccretsiz ula\u015f\u0131m hizmetinden duyduklar\u0131 memnuniyeti dile getirdi. Hastalar, \u00f6zellikle d\u00fczenli tedavi s\u00fcre\u00e7lerinde b\u00fcy\u00fck kolayl\u0131k sa\u011flayan &#8220;Onko-B\u00fcs&#8221; hizmetinin kendileri i\u00e7in \u00f6nemli bir destek oldu\u011funu belirterek, Ba\u015fkan V. \u015eener ve hizmetin hayata ge\u00e7irilmesinde eme\u011fi ge\u00e7en t\u00fcm belediye \u00e7al\u0131\u015fanlar\u0131na te\u015fekk\u00fcr etti.<\/p>\n\n\n\n<p>Ba\u015fkan V. \u015eener, Akdeniz Belediyesi olarak sa\u011fl\u0131k alan\u0131ndaki sosyal destek hizmetlerine b\u00fcy\u00fck \u00f6nem verdiklerini belirterek, \u00f6zellikle zorlay\u0131c\u0131 tedavi s\u00fcre\u00e7lerinde vatanda\u015flar\u0131n yan\u0131nda olmaya devam edeceklerini ifade etti. Belediye olarak her zaman vatanda\u015flar\u0131n yan\u0131nda olduklar\u0131n\u0131 vurgulayan \u015eener, sosyal destek projelerinin artarak devam edece\u011fini s\u00f6zlerine ekledi.<\/p>\n\n\n\n<p>Onkoloji hastalar\u0131 ve aileleriyle birebir sohbet eden Ba\u015fkan V. \u015eener, talepleri tek tek dinleyerek not ald\u0131 ve ilgili birimlere iletilece\u011fini belirtti. Hastalar\u0131n moral ve motivasyonlar\u0131n\u0131 y\u00fcksek tutmalar\u0131n\u0131n \u00f6nemine dikkat \u00e7eken \u015eener, sa\u011fl\u0131k ve sosyal hizmetler alan\u0131nda y\u00fcr\u00fct\u00fclen projelerin s\u00fcrd\u00fcr\u00fclebilir olmas\u0131n\u0131 sa\u011flamak ad\u0131na \u00e7al\u0131\u015fmalar\u0131n\u0131 aral\u0131ks\u0131z s\u00fcrd\u00fcreceklerini ifade etti.<\/p>\n\n\n\n<p>Bu anlaml\u0131 ziyaret, hasta ve yak\u0131nlar\u0131 taraf\u0131ndan b\u00fcy\u00fck bir memnuniyetle kar\u015f\u0131land\u0131. Akdeniz Belediyesi\u2019nin sundu\u011fu bu t\u00fcr sosyal hizmetlerin vatanda\u015flar i\u00e7in b\u00fcy\u00fck bir kolayl\u0131k sa\u011flad\u0131\u011f\u0131na dikkat \u00e7eken hasta yak\u0131nlar\u0131, belediyenin bu deste\u011finin kendileri i\u00e7in umut verici oldu\u011funu dile getirdi.<\/p>\n","protected":false},"excerpt":{"rendered":"<p>Akdeniz Kaymakam\u0131 ve Akdeniz Belediye Ba\u015fkan V. Zeyit \u015eener, Akdeniz il\u00e7esinde ikamet eden ve Kad\u0131n ve Aile Hizmetleri M\u00fcd\u00fcrl\u00fc\u011f\u00fc taraf\u0131ndan sunulan &#8220;Onko-B\u00fcs Hizmeti&#8221;nden faydalanan onkoloji hastalar\u0131n\u0131 ziyaret etti. Ger\u00e7ekle\u015ftirdi\u011fi ziyaret s\u0131ras\u0131nda hasta ve yak\u0131nlar\u0131yla yak\u0131ndan ilgilenen Ba\u015fkan V. \u015eener, onlar\u0131n taleplerini dinleyerek ge\u00e7mi\u015f olsun dileklerinde bulundu. Ziyaret s\u0131ras\u0131nda onkoloji hastalar\u0131 ve aileleri, Akdeniz Belediyesi taraf\u0131ndan [&hellip;]<\/p>\n","protected":false},"author":2,"featured_media":40360,"comment_status":"closed","ping_status":"closed","sticky":false,"template":"","format":"standard","meta":{"footnotes":""},"categories":[3],"tags":[],"class_list":["post-40359","post","type-post","status-publish","format-standard","has-post-thumbnail","hentry","category-manset"],"views":3,"_links":{"self":[{"href":"https:\/\/mersinkadingazetesi.com\/index.php?rest_route=\/wp\/v2\/posts\/40359"}],"collection":[{"href":"https:\/\/mersinkadingazetesi.com\/index.php?rest_route=\/wp\/v2\/posts"}],"about":[{"href":"https:\/\/mersinkadingazetesi.com\/index.php?rest_route=\/wp\/v2\/types\/post"}],"author":[{"embeddable":true,"href":"https:\/\/mersinkadingazetesi.com\/index.php?rest_route=\/wp\/v2\/users\/2"}],"replies":[{"embeddable":true,"href":"https:\/\/mersinkadingazetesi.com\/index.php?rest_route=%2Fwp%2Fv2%2Fcomments&post=40359"}],"version-history":[{"count":1,"href":"https:\/\/mersinkadingazetesi.com\/index.php?rest_route=\/wp\/v2\/posts\/40359\/revisions"}],"predecessor-version":[{"id":40361,"href":"https:\/\/mersinkadingazetesi.com\/index.php?rest_route=\/wp\/v2\/posts\/40359\/revisions\/40361"}],"wp:featuredmedia":[{"embeddable":true,"href":"https:\/\/mersinkadingazetesi.com\/index.php?rest_route=\/wp\/v2\/media\/40360"}],"wp:attachment":[{"href":"https:\/\/mersinkadingazetesi.com\/index.php?rest_route=%2Fwp%2Fv2%2Fmedia&parent=40359"}],"wp:term":[{"taxonomy":"category","embeddable":true,"href":"https:\/\/mersinkadingazetesi.com\/index.php?rest_route=%2Fwp%2Fv2%2Fcategories&post=40359"},{"taxonomy":"post_tag","embeddable":true,"href":"https:\/\/mersinkadingazetesi.com\/index.php?rest_route=%2Fwp%2Fv2%2Ftags&post=40359"}],"curies":[{"name":"wp","href":"https:\/\/api.w.org\/{rel}","templated":true}]}}